{"id":929,"date":"2020-07-09T12:18:33","date_gmt":"2020-07-09T10:18:33","guid":{"rendered":"https:\/\/jdm.pl\/blog\/?p=929"},"modified":"2022-09-08T20:24:39","modified_gmt":"2022-09-08T18:24:39","slug":"edytor-gutenberg-formatowanie","status":"publish","type":"post","link":"https:\/\/jdm.pl\/blog\/edytor-gutenberg-formatowanie\/","title":{"rendered":"Edytor Gutenberg &#8211; formatowanie"},"content":{"rendered":"\n<p>W poprzednim wpisie omawiali\u015bmy <a href=\"https:\/\/jdm.pl\/blog\/edytor-gutenberg-podstawowe-bloki\/\" class=\"rank-math-link\">podstawowe bloki Gutenberga<\/a>. Dzi\u015b om\u00f3wimy kolejny element blokowy czyli formatowanie. <\/p>\n\n\n\n<figure class=\"wp-block-image size-large is-resized\"><img loading=\"lazy\" decoding=\"async\" src=\"https:\/\/jdm.pl\/blog\/wp-content\/uploads\/2020\/07\/formatowanie.jpg\" alt=\"\" class=\"wp-image-934\" width=\"360\" height=\"348\" srcset=\"https:\/\/jdm.pl\/blog\/wp-content\/uploads\/2020\/07\/formatowanie.jpg 360w, https:\/\/jdm.pl\/blog\/wp-content\/uploads\/2020\/07\/formatowanie-300x290.jpg 300w\" sizes=\"auto, (max-width: 360px) 100vw, 360px\" \/><\/figure>\n\n\n\n<p>Zacznijmy od <em>bloku klasycznego<\/em>. <strong>Jest to osadzony w bloku dawny edytor tekstowy WordPressa.<\/strong> W jego g\u00f3rnym panelu znajduj\u0105 si\u0119 podstawowe funkcje szybkiej edycji tekstu, takie jak np. pogrubienie, wypunktowanie, zmiana koloru czy wstawienie niestandardowego znaku. <\/p>\n\n\n\n<p>Je\u017celi t\u0119sknimy za dawn\u0105 metod\u0105 wprowadzania tekst\u00f3w, \u015bmia\u0142o mo\u017cemy z niego korzysta\u0107, uwa\u017caj\u0105c tylko, aby nie wprowadzi\u0142o to zbytniego zamieszania. <\/p>\n\n\n\n<figure class=\"wp-block-image size-large is-resized\"><img loading=\"lazy\" decoding=\"async\" src=\"https:\/\/jdm.pl\/blog\/wp-content\/uploads\/2020\/07\/klasyczny.jpg\" alt=\"\" class=\"wp-image-936\" width=\"605\" height=\"124\" srcset=\"https:\/\/jdm.pl\/blog\/wp-content\/uploads\/2020\/07\/klasyczny.jpg 605w, https:\/\/jdm.pl\/blog\/wp-content\/uploads\/2020\/07\/klasyczny-300x61.jpg 300w\" sizes=\"auto, (max-width: 605px) 100vw, 605px\" \/><\/figure>\n\n\n\n<h2 class=\"has-text-align-center wp-block-heading\">Blok <em>kod<\/em> a <em>w\u0142asny HTML<\/em><\/h2>\n\n\n\n<p>Blok <em>kod<\/em> pozwala na wy\u015bwietlenie czytelnikom dowolnego fragmentu kodu. Jest to przydatna funkcja np. dla blog\u00f3w o tematyce informatycznej lub wsz\u0119dzie tam, gdzie <strong>chcemy umo\u017cliwi\u0107 odbiorcom odczytanie i skopiowanie danego fragmentu dowolnego kodu<\/strong>. W praktyce wype\u0142nione pole wy\u015bwietli nasz kod w ten spos\u00f3b:<\/p>\n\n\n\n<pre class=\"wp-block-code\"><code>&lt;b>To jest pogrubiony tekst.&lt;\/b><\/code><\/pre>\n\n\n\n<p>Inaczej zachowa si\u0119 natomiast blok <em>W\u0142asny HTML<\/em>, kt\u00f3ry pozwala na umieszczenie kodu HTML, w\u00f3wczas powy\u017cszy przyk\u0142ad zostanie wy\u015bwietlony tak:<\/p>\n\n\n\n<b>To jest pogrubiony tekst.<\/b>\n\n\n\n<p>Ju\u017c na etapie wprowadzania kodu w tym bloku, mamy mo\u017cliwo\u015b\u0107 szybkiego podgl\u0105du efektu:<\/p>\n\n\n\n<figure class=\"wp-block-image size-large is-resized\"><img loading=\"lazy\" decoding=\"async\" src=\"https:\/\/jdm.pl\/blog\/wp-content\/uploads\/2020\/07\/html.jpg\" alt=\"\" class=\"wp-image-933\" width=\"619\" height=\"185\" srcset=\"https:\/\/jdm.pl\/blog\/wp-content\/uploads\/2020\/07\/html.jpg 619w, https:\/\/jdm.pl\/blog\/wp-content\/uploads\/2020\/07\/html-300x90.jpg 300w\" sizes=\"auto, (max-width: 619px) 100vw, 619px\" \/><\/figure>\n\n\n\n<h2 class=\"has-text-align-center wp-block-heading\">Tekst preformatowany <\/h2>\n\n\n\n<p>Kolejnym blokiem jest <em>Formatowany<\/em> (wcze\u015bniej znany jako <em>preformatowany<\/em>). Ten blok jest przeznaczony przede wszystkim do wy\u015bwietlania tekstu, jednak w przeciwie\u0144stwie do bloku akapitu, <strong>zachowuje on odst\u0119py i podzia\u0142y wierszy dok\u0142adnie tak, jak zosta\u0142y wprowadzone<\/strong>. Jest on jakby hybryd\u0105 bloku <em>Akapit<\/em> i bloku <em>Kod<\/em>. <\/p>\n\n\n\n<pre class=\"wp-block-preformatted\">Tekst wprowadzony w tym bloku zostanie wy\u015bwietlony tak. <\/pre>\n\n\n\n<h2 class=\"has-text-align-center wp-block-heading\">Wyr\u00f3\u017cniony cytat<\/h2>\n\n\n\n<p>W poprzednim tek\u015bcie opisali\u015bmy blok<em> Cytat<\/em>, jako ten podstawowy do wyr\u00f3\u017cnienia tre\u015bci. W tym bloku tw\u00f3rcy dzia\u0142aj\u0105 o krok dalej, dodaj\u0105c wi\u0119cej opcji &#8211; mi\u0119dzy innymi dwie poziomie linie, kt\u00f3re jeszcze lepiej wyodr\u0119bni\u0105 cytowany tekst. <strong>Bloku tego mo\u017cemy u\u017cy\u0107 do wyr\u00f3\u017cnienia d\u0142u\u017cszych informacji<\/strong> np. fragment\u00f3w ksi\u0105\u017cek. W bocznym panelu znajdziemy m.in. szybk\u0105 mo\u017cliwo\u015b\u0107 wyboru koloru linii oraz tekstu, a tak\u017ce style ca\u0142o\u015bci &#8211; <em>domy\u015blny<\/em> lub <em>z t\u0142em<\/em>.<\/p>\n\n\n\n<div class=\"wp-block-image\"><figure class=\"aligncenter size-large is-resized\"><img loading=\"lazy\" decoding=\"async\" src=\"https:\/\/jdm.pl\/blog\/wp-content\/uploads\/2020\/07\/wyrozniony-cytat.jpg\" alt=\"\" class=\"wp-image-938\" width=\"277\" height=\"636\" srcset=\"https:\/\/jdm.pl\/blog\/wp-content\/uploads\/2020\/07\/wyrozniony-cytat.jpg 277w, https:\/\/jdm.pl\/blog\/wp-content\/uploads\/2020\/07\/wyrozniony-cytat-131x300.jpg 131w\" sizes=\"auto, (max-width: 277px) 100vw, 277px\" \/><\/figure><\/div>\n\n\n\n<figure class=\"wp-block-pullquote is-style-default\" style=\"border-color:#00d084\"><blockquote class=\"has-text-color\" style=\"color:#177c57\"><p>Tutaj mamy wyr\u00f3\u017cniony cytat.<\/p><cite>Poni\u017cej mo\u017cemy zamie\u015bci\u0107 imi\u0119 oraz nazwisko autora<\/cite><\/blockquote><\/figure>\n\n\n\n<p>Zauwa\u017cmy, \u017ce efekt ko\u0144cowy b\u0119dzie zale\u017cny od naszego motywu, tak\u017ce podgl\u0105d mo\u017ce niekoniecznie pokrywa\u0107 si\u0119 z rzeczywisto\u015bci\u0105. Dla zobrazowania przyk\u0142adu podgl\u0105d naszego bloku bezpo\u015brednio w edytorze wygl\u0105da tak:<\/p>\n\n\n\n<div class=\"wp-block-image\"><figure class=\"aligncenter size-large is-resized\"><img loading=\"lazy\" decoding=\"async\" src=\"https:\/\/jdm.pl\/blog\/wp-content\/uploads\/2020\/07\/cytat.png\" alt=\"\" class=\"wp-image-941\" width=\"594\" height=\"282\" srcset=\"https:\/\/jdm.pl\/blog\/wp-content\/uploads\/2020\/07\/cytat.png 594w, https:\/\/jdm.pl\/blog\/wp-content\/uploads\/2020\/07\/cytat-300x142.png 300w\" sizes=\"auto, (max-width: 594px) 100vw, 594px\" \/><\/figure><\/div>\n\n\n\n<h2 class=\"has-text-align-center wp-block-heading\"><em>Werset<\/em> czyli co\u015b dla poet\u00f3w<\/h2>\n\n\n\n<p>Blok <em>Wers<\/em>et jest idealny do pisania wierszy. Opcje w nim s\u0105 wprawdzie takie same jak w bloku <em>Akapitu<\/em>, ale <strong><em>Werset<\/em> pozwala dodawa\u0107 dodatkowe spacje<\/strong> mi\u0119dzy s\u0142owami i znakami podzia\u0142u w bloku. Nale\u017cy pami\u0119ta\u0107, \u017ce niekiedy ostylowanie motywu mo\u017ce zaburzy\u0107 uk\u0142ad tego bloku. <\/p>\n\n\n\n<p>Jak wygl\u0105da to w praktyce:<\/p>\n\n\n\n<pre class=\"wp-block-verse\">Tutaj piszemy wiersz o WordPressie\n       Dodajemy kilka spacji...\n   Zupe\u0142nie tak, jak chcemy...<\/pre>\n\n\n\n<h2 class=\"has-text-align-center wp-block-heading\">Tabele<\/h2>\n\n\n\n<pre class=\"wp-block-verse\">Ostatnim blokiem w sekcji <em>Formatowanie<\/em> jest <em>Tabela<\/em>. \nBardzo przydatny, jak nazwa wskazuje, <strong>pozwala na osadzenie tabel<\/strong> na stronie lub we wpisie. Pami\u0119tajmy, \u017ce u\u017cywamy tego bloku do wy\u015bwietlania danych, kt\u00f3re nale\u017cy zaprezentowa\u0107 w formie tabelek, a nie do projektowania uk\u0142adu ca\u0142ej (do podzia\u0142u strony u\u017cywamy bloku kolumn, o kt\u00f3rym jeszcze b\u0119dziemy pisa\u0107 w kolejnych tekstach). \n\nNa pocz\u0105tek korzystania z tego bloku musimy poda\u0107 podstawowe dane o liczbie kolumn oraz wierszy:\n<\/pre>\n\n\n\n<div class=\"wp-block-image\"><figure class=\"aligncenter size-large is-resized\"><img loading=\"lazy\" decoding=\"async\" src=\"https:\/\/jdm.pl\/blog\/wp-content\/uploads\/2020\/07\/tabele.png\" alt=\"\" class=\"wp-image-944\" width=\"598\" height=\"219\" srcset=\"https:\/\/jdm.pl\/blog\/wp-content\/uploads\/2020\/07\/tabele.png 598w, https:\/\/jdm.pl\/blog\/wp-content\/uploads\/2020\/07\/tabele-300x110.png 300w\" sizes=\"auto, (max-width: 598px) 100vw, 598px\" \/><\/figure><\/div>\n\n\n\n<p>Po wprowadzeniu odpowiednich warto\u015bci, otrzymamy tabel\u0119, kt\u00f3r\u0105 mo\u017cemy \u0142atwo edytowa\u0107, dzi\u0119ki wielu dodatkowym funkcjom. Na przyk\u0142ad w g\u00f3rnych opcjach jest mo\u017cliwe scalanie kom\u00f3rek czy dodawanie dodatkowych kolumn.<\/p>\n\n\n\n<div class=\"wp-block-image\"><figure class=\"aligncenter size-large is-resized\"><img loading=\"lazy\" decoding=\"async\" src=\"https:\/\/jdm.pl\/blog\/wp-content\/uploads\/2020\/07\/tabele2.png\" alt=\"\" class=\"wp-image-945\" width=\"661\" height=\"455\" srcset=\"https:\/\/jdm.pl\/blog\/wp-content\/uploads\/2020\/07\/tabele2.png 661w, https:\/\/jdm.pl\/blog\/wp-content\/uploads\/2020\/07\/tabele2-300x207.png 300w\" sizes=\"auto, (max-width: 661px) 100vw, 661px\" \/><\/figure><\/div>\n\n\n\n<p>Ponadto w bocznym panelu dodano kolejne mo\u017cliwo\u015bci, takie jak m.in. zmiana stylu tabeli, wyr\u00f3\u017cnienie nag\u0142\u00f3wka oraz stopki, dodanie kolor\u00f3w t\u0142a itp. Oto przyk\u0142adowa tabela:<\/p>\n\n\n\n<figure class=\"wp-block-table is-style-stripes\"><table class=\"has-subtle-pale-green-background-color has-fixed-layout has-background\"><thead><tr><th>NAG\u0141\u00d3WEK <br>A<\/th><th>NAG\u0141\u00d3WEK <br>B<\/th><th>NAG\u0141\u00d3WEK <br>C<\/th><th>NAG\u0141\u00d3WEK <br>D<\/th><\/tr><\/thead><tbody><tr><td>kolumna 1,<br>wiersz 1<\/td><td>kolumna 2,<br>wiersz 1<\/td><td>kolumna 3, wiersz 1<\/td><td>kolumna 4,<br>wiersz 1<\/td><\/tr><tr><td>kolumna 1,<br>wiersz 2<\/td><td>kolumna 2, wiersz 2<\/td><td>kolumna 3,<br>wiersz 2<\/td><td>kolumna 4,<br>wiersz 2<\/td><\/tr><\/tbody><\/table><\/figure>\n\n\n\n<p>W nast\u0119pnym artykule om\u00f3wimy uk\u0142ady strony w Gutenbergu. Do przeczytania!<\/p>\n\n\n\n<p><\/p>\n","protected":false},"excerpt":{"rendered":"<p>W poprzednim wpisie omawiali\u015bmy podstawowe bloki Gutenberga. Dzi\u015b om\u00f3wimy kolejny element blokowy czyli formatowanie. Zacznijmy od bloku klasycznego. Jest to osadzony w bloku dawny edytor tekstowy WordPressa. W jego g\u00f3rnym panelu znajduj\u0105 si\u0119 podstawowe funkcje szybkiej edycji tekstu, takie jak np. pogrubienie, wypunktowanie, zmiana koloru czy wstawienie niestandardowego znaku. Je\u017celi t\u0119sknimy za dawn\u0105 metod\u0105 wprowadzania [&hellip;]<\/p>\n","protected":false},"author":4,"featured_media":950,"comment_status":"open","ping_status":"open","sticky":false,"template":"","format":"standard","meta":{"_uag_custom_page_level_css":"","_exactmetrics_skip_tracking":false,"_exactmetrics_sitenote_active":false,"_exactmetrics_sitenote_note":"","_exactmetrics_sitenote_category":0,"_jetpack_memberships_contains_paid_content":false,"footnotes":""},"categories":[29,3],"tags":[20,13],"class_list":["post-929","post","type-post","status-publish","format-standard","has-post-thumbnail","hentry","category-gutenberg","category-wordpress","tag-gutenberg","tag-wyglad-strony"],"yoast_head":"<!-- This site is optimized with the Yoast SEO plugin v27.4 - https:\/\/yoast.com\/product\/yoast-seo-wordpress\/ -->\n<title>Edytor Gutenberg - formatowanie - Blog jdm.pl<\/title>\n<meta name=\"robots\" content=\"index, follow, max-snippet:-1, max-image-preview:large, max-video-preview:-1\" \/>\n<link rel=\"canonical\" href=\"https:\/\/jdm.pl\/blog\/edytor-gutenberg-formatowanie\/\" \/>\n<meta property=\"og:locale\" content=\"pl_PL\" \/>\n<meta property=\"og:type\" content=\"article\" \/>\n<meta property=\"og:title\" content=\"Edytor Gutenberg - formatowanie - Blog jdm.pl\" \/>\n<meta property=\"og:description\" content=\"W poprzednim wpisie omawiali\u015bmy podstawowe bloki Gutenberga. Dzi\u015b om\u00f3wimy kolejny element blokowy czyli formatowanie. Zacznijmy od bloku klasycznego. Jest to osadzony w bloku dawny edytor tekstowy WordPressa. W jego g\u00f3rnym panelu znajduj\u0105 si\u0119 podstawowe funkcje szybkiej edycji tekstu, takie jak np. pogrubienie, wypunktowanie, zmiana koloru czy wstawienie niestandardowego znaku. Je\u017celi t\u0119sknimy za dawn\u0105 metod\u0105 wprowadzania [&hellip;]\" \/>\n<meta property=\"og:url\" content=\"https:\/\/jdm.pl\/blog\/edytor-gutenberg-formatowanie\/\" \/>\n<meta property=\"og:site_name\" content=\"Blog jdm.pl\" \/>\n<meta property=\"article:published_time\" content=\"2020-07-09T10:18:33+00:00\" \/>\n<meta property=\"article:modified_time\" content=\"2022-09-08T18:24:39+00:00\" \/>\n<meta property=\"og:image\" content=\"https:\/\/jdm.pl\/blog\/wp-content\/uploads\/2020\/07\/gutenberg-formatowanie.png\" \/>\n\t<meta property=\"og:image:width\" content=\"1200\" \/>\n\t<meta property=\"og:image:height\" content=\"628\" \/>\n\t<meta property=\"og:image:type\" content=\"image\/png\" \/>\n<meta name=\"author\" content=\"Anna Starek-Wr\u00f3bel\" \/>\n<meta name=\"twitter:card\" content=\"summary_large_image\" \/>\n<meta name=\"twitter:label1\" content=\"Napisane przez\" \/>\n\t<meta name=\"twitter:data1\" content=\"Anna Starek-Wr\u00f3bel\" \/>\n\t<meta name=\"twitter:label2\" content=\"Szacowany czas czytania\" \/>\n\t<meta name=\"twitter:data2\" content=\"3 minuty\" \/>\n<script type=\"application\/ld+json\" class=\"yoast-schema-graph\">{\"@context\":\"https:\\\/\\\/schema.org\",\"@graph\":[{\"@type\":\"Article\",\"@id\":\"https:\\\/\\\/jdm.pl\\\/blog\\\/edytor-gutenberg-formatowanie\\\/#article\",\"isPartOf\":{\"@id\":\"https:\\\/\\\/jdm.pl\\\/blog\\\/edytor-gutenberg-formatowanie\\\/\"},\"author\":{\"name\":\"Anna Starek-Wr\u00f3bel\",\"@id\":\"https:\\\/\\\/jdm.pl\\\/blog\\\/#\\\/schema\\\/person\\\/26e7a9c6f5b416eabcfed62ee02685c0\"},\"headline\":\"Edytor Gutenberg &#8211; formatowanie\",\"datePublished\":\"2020-07-09T10:18:33+00:00\",\"dateModified\":\"2022-09-08T18:24:39+00:00\",\"mainEntityOfPage\":{\"@id\":\"https:\\\/\\\/jdm.pl\\\/blog\\\/edytor-gutenberg-formatowanie\\\/\"},\"wordCount\":556,\"commentCount\":3,\"image\":{\"@id\":\"https:\\\/\\\/jdm.pl\\\/blog\\\/edytor-gutenberg-formatowanie\\\/#primaryimage\"},\"thumbnailUrl\":\"https:\\\/\\\/jdm.pl\\\/blog\\\/wp-content\\\/uploads\\\/2020\\\/07\\\/gutenberg-formatowanie.png\",\"keywords\":[\"Gutenberg\",\"wygl\u0105d strony\"],\"articleSection\":[\"Gutenberg\",\"WordPress\"],\"inLanguage\":\"pl-PL\",\"potentialAction\":[{\"@type\":\"CommentAction\",\"name\":\"Comment\",\"target\":[\"https:\\\/\\\/jdm.pl\\\/blog\\\/edytor-gutenberg-formatowanie\\\/#respond\"]}]},{\"@type\":\"WebPage\",\"@id\":\"https:\\\/\\\/jdm.pl\\\/blog\\\/edytor-gutenberg-formatowanie\\\/\",\"url\":\"https:\\\/\\\/jdm.pl\\\/blog\\\/edytor-gutenberg-formatowanie\\\/\",\"name\":\"Edytor Gutenberg - formatowanie - Blog jdm.pl\",\"isPartOf\":{\"@id\":\"https:\\\/\\\/jdm.pl\\\/blog\\\/#website\"},\"primaryImageOfPage\":{\"@id\":\"https:\\\/\\\/jdm.pl\\\/blog\\\/edytor-gutenberg-formatowanie\\\/#primaryimage\"},\"image\":{\"@id\":\"https:\\\/\\\/jdm.pl\\\/blog\\\/edytor-gutenberg-formatowanie\\\/#primaryimage\"},\"thumbnailUrl\":\"https:\\\/\\\/jdm.pl\\\/blog\\\/wp-content\\\/uploads\\\/2020\\\/07\\\/gutenberg-formatowanie.png\",\"datePublished\":\"2020-07-09T10:18:33+00:00\",\"dateModified\":\"2022-09-08T18:24:39+00:00\",\"author\":{\"@id\":\"https:\\\/\\\/jdm.pl\\\/blog\\\/#\\\/schema\\\/person\\\/26e7a9c6f5b416eabcfed62ee02685c0\"},\"breadcrumb\":{\"@id\":\"https:\\\/\\\/jdm.pl\\\/blog\\\/edytor-gutenberg-formatowanie\\\/#breadcrumb\"},\"inLanguage\":\"pl-PL\",\"potentialAction\":[{\"@type\":\"ReadAction\",\"target\":[\"https:\\\/\\\/jdm.pl\\\/blog\\\/edytor-gutenberg-formatowanie\\\/\"]}]},{\"@type\":\"ImageObject\",\"inLanguage\":\"pl-PL\",\"@id\":\"https:\\\/\\\/jdm.pl\\\/blog\\\/edytor-gutenberg-formatowanie\\\/#primaryimage\",\"url\":\"https:\\\/\\\/jdm.pl\\\/blog\\\/wp-content\\\/uploads\\\/2020\\\/07\\\/gutenberg-formatowanie.png\",\"contentUrl\":\"https:\\\/\\\/jdm.pl\\\/blog\\\/wp-content\\\/uploads\\\/2020\\\/07\\\/gutenberg-formatowanie.png\",\"width\":1200,\"height\":628},{\"@type\":\"BreadcrumbList\",\"@id\":\"https:\\\/\\\/jdm.pl\\\/blog\\\/edytor-gutenberg-formatowanie\\\/#breadcrumb\",\"itemListElement\":[{\"@type\":\"ListItem\",\"position\":1,\"name\":\"Strona g\u0142\u00f3wna\",\"item\":\"https:\\\/\\\/jdm.pl\\\/blog\\\/\"},{\"@type\":\"ListItem\",\"position\":2,\"name\":\"Edytor Gutenberg &#8211; formatowanie\"}]},{\"@type\":\"WebSite\",\"@id\":\"https:\\\/\\\/jdm.pl\\\/blog\\\/#website\",\"url\":\"https:\\\/\\\/jdm.pl\\\/blog\\\/\",\"name\":\"Blog jdm.pl\",\"description\":\"WordPress tutoriale i porady\",\"potentialAction\":[{\"@type\":\"SearchAction\",\"target\":{\"@type\":\"EntryPoint\",\"urlTemplate\":\"https:\\\/\\\/jdm.pl\\\/blog\\\/?s={search_term_string}\"},\"query-input\":{\"@type\":\"PropertyValueSpecification\",\"valueRequired\":true,\"valueName\":\"search_term_string\"}}],\"inLanguage\":\"pl-PL\"},{\"@type\":\"Person\",\"@id\":\"https:\\\/\\\/jdm.pl\\\/blog\\\/#\\\/schema\\\/person\\\/26e7a9c6f5b416eabcfed62ee02685c0\",\"name\":\"Anna Starek-Wr\u00f3bel\",\"image\":{\"@type\":\"ImageObject\",\"inLanguage\":\"pl-PL\",\"@id\":\"https:\\\/\\\/secure.gravatar.com\\\/avatar\\\/c514af5a4b2affc5fccce6e1cf2e2d03eb6489cfbf462552eee35a68ed106974?s=96&d=mm&r=g\",\"url\":\"https:\\\/\\\/secure.gravatar.com\\\/avatar\\\/c514af5a4b2affc5fccce6e1cf2e2d03eb6489cfbf462552eee35a68ed106974?s=96&d=mm&r=g\",\"contentUrl\":\"https:\\\/\\\/secure.gravatar.com\\\/avatar\\\/c514af5a4b2affc5fccce6e1cf2e2d03eb6489cfbf462552eee35a68ed106974?s=96&d=mm&r=g\",\"caption\":\"Anna Starek-Wr\u00f3bel\"},\"sameAs\":[\"https:\\\/\\\/cmo.im\"],\"url\":\"https:\\\/\\\/jdm.pl\\\/blog\\\/author\\\/anna-starek\\\/\"}]}<\/script>\n<!-- \/ Yoast SEO plugin. -->","yoast_head_json":{"title":"Edytor Gutenberg - formatowanie - Blog jdm.pl","robots":{"index":"index","follow":"follow","max-snippet":"max-snippet:-1","max-image-preview":"max-image-preview:large","max-video-preview":"max-video-preview:-1"},"canonical":"https:\/\/jdm.pl\/blog\/edytor-gutenberg-formatowanie\/","og_locale":"pl_PL","og_type":"article","og_title":"Edytor Gutenberg - formatowanie - Blog jdm.pl","og_description":"W poprzednim wpisie omawiali\u015bmy podstawowe bloki Gutenberga. Dzi\u015b om\u00f3wimy kolejny element blokowy czyli formatowanie. Zacznijmy od bloku klasycznego. Jest to osadzony w bloku dawny edytor tekstowy WordPressa. W jego g\u00f3rnym panelu znajduj\u0105 si\u0119 podstawowe funkcje szybkiej edycji tekstu, takie jak np. pogrubienie, wypunktowanie, zmiana koloru czy wstawienie niestandardowego znaku. Je\u017celi t\u0119sknimy za dawn\u0105 metod\u0105 wprowadzania [&hellip;]","og_url":"https:\/\/jdm.pl\/blog\/edytor-gutenberg-formatowanie\/","og_site_name":"Blog jdm.pl","article_published_time":"2020-07-09T10:18:33+00:00","article_modified_time":"2022-09-08T18:24:39+00:00","og_image":[{"width":1200,"height":628,"url":"https:\/\/jdm.pl\/blog\/wp-content\/uploads\/2020\/07\/gutenberg-formatowanie.png","type":"image\/png"}],"author":"Anna Starek-Wr\u00f3bel","twitter_card":"summary_large_image","twitter_misc":{"Napisane przez":"Anna Starek-Wr\u00f3bel","Szacowany czas czytania":"3 minuty"},"schema":{"@context":"https:\/\/schema.org","@graph":[{"@type":"Article","@id":"https:\/\/jdm.pl\/blog\/edytor-gutenberg-formatowanie\/#article","isPartOf":{"@id":"https:\/\/jdm.pl\/blog\/edytor-gutenberg-formatowanie\/"},"author":{"name":"Anna Starek-Wr\u00f3bel","@id":"https:\/\/jdm.pl\/blog\/#\/schema\/person\/26e7a9c6f5b416eabcfed62ee02685c0"},"headline":"Edytor Gutenberg &#8211; formatowanie","datePublished":"2020-07-09T10:18:33+00:00","dateModified":"2022-09-08T18:24:39+00:00","mainEntityOfPage":{"@id":"https:\/\/jdm.pl\/blog\/edytor-gutenberg-formatowanie\/"},"wordCount":556,"commentCount":3,"image":{"@id":"https:\/\/jdm.pl\/blog\/edytor-gutenberg-formatowanie\/#primaryimage"},"thumbnailUrl":"https:\/\/jdm.pl\/blog\/wp-content\/uploads\/2020\/07\/gutenberg-formatowanie.png","keywords":["Gutenberg","wygl\u0105d strony"],"articleSection":["Gutenberg","WordPress"],"inLanguage":"pl-PL","potentialAction":[{"@type":"CommentAction","name":"Comment","target":["https:\/\/jdm.pl\/blog\/edytor-gutenberg-formatowanie\/#respond"]}]},{"@type":"WebPage","@id":"https:\/\/jdm.pl\/blog\/edytor-gutenberg-formatowanie\/","url":"https:\/\/jdm.pl\/blog\/edytor-gutenberg-formatowanie\/","name":"Edytor Gutenberg - formatowanie - Blog jdm.pl","isPartOf":{"@id":"https:\/\/jdm.pl\/blog\/#website"},"primaryImageOfPage":{"@id":"https:\/\/jdm.pl\/blog\/edytor-gutenberg-formatowanie\/#primaryimage"},"image":{"@id":"https:\/\/jdm.pl\/blog\/edytor-gutenberg-formatowanie\/#primaryimage"},"thumbnailUrl":"https:\/\/jdm.pl\/blog\/wp-content\/uploads\/2020\/07\/gutenberg-formatowanie.png","datePublished":"2020-07-09T10:18:33+00:00","dateModified":"2022-09-08T18:24:39+00:00","author":{"@id":"https:\/\/jdm.pl\/blog\/#\/schema\/person\/26e7a9c6f5b416eabcfed62ee02685c0"},"breadcrumb":{"@id":"https:\/\/jdm.pl\/blog\/edytor-gutenberg-formatowanie\/#breadcrumb"},"inLanguage":"pl-PL","potentialAction":[{"@type":"ReadAction","target":["https:\/\/jdm.pl\/blog\/edytor-gutenberg-formatowanie\/"]}]},{"@type":"ImageObject","inLanguage":"pl-PL","@id":"https:\/\/jdm.pl\/blog\/edytor-gutenberg-formatowanie\/#primaryimage","url":"https:\/\/jdm.pl\/blog\/wp-content\/uploads\/2020\/07\/gutenberg-formatowanie.png","contentUrl":"https:\/\/jdm.pl\/blog\/wp-content\/uploads\/2020\/07\/gutenberg-formatowanie.png","width":1200,"height":628},{"@type":"BreadcrumbList","@id":"https:\/\/jdm.pl\/blog\/edytor-gutenberg-formatowanie\/#breadcrumb","itemListElement":[{"@type":"ListItem","position":1,"name":"Strona g\u0142\u00f3wna","item":"https:\/\/jdm.pl\/blog\/"},{"@type":"ListItem","position":2,"name":"Edytor Gutenberg &#8211; formatowanie"}]},{"@type":"WebSite","@id":"https:\/\/jdm.pl\/blog\/#website","url":"https:\/\/jdm.pl\/blog\/","name":"Blog jdm.pl","description":"WordPress tutoriale i porady","potentialAction":[{"@type":"SearchAction","target":{"@type":"EntryPoint","urlTemplate":"https:\/\/jdm.pl\/blog\/?s={search_term_string}"},"query-input":{"@type":"PropertyValueSpecification","valueRequired":true,"valueName":"search_term_string"}}],"inLanguage":"pl-PL"},{"@type":"Person","@id":"https:\/\/jdm.pl\/blog\/#\/schema\/person\/26e7a9c6f5b416eabcfed62ee02685c0","name":"Anna Starek-Wr\u00f3bel","image":{"@type":"ImageObject","inLanguage":"pl-PL","@id":"https:\/\/secure.gravatar.com\/avatar\/c514af5a4b2affc5fccce6e1cf2e2d03eb6489cfbf462552eee35a68ed106974?s=96&d=mm&r=g","url":"https:\/\/secure.gravatar.com\/avatar\/c514af5a4b2affc5fccce6e1cf2e2d03eb6489cfbf462552eee35a68ed106974?s=96&d=mm&r=g","contentUrl":"https:\/\/secure.gravatar.com\/avatar\/c514af5a4b2affc5fccce6e1cf2e2d03eb6489cfbf462552eee35a68ed106974?s=96&d=mm&r=g","caption":"Anna Starek-Wr\u00f3bel"},"sameAs":["https:\/\/cmo.im"],"url":"https:\/\/jdm.pl\/blog\/author\/anna-starek\/"}]}},"jetpack_featured_media_url":"https:\/\/jdm.pl\/blog\/wp-content\/uploads\/2020\/07\/gutenberg-formatowanie.png","uagb_featured_image_src":{"full":["https:\/\/jdm.pl\/blog\/wp-content\/uploads\/2020\/07\/gutenberg-formatowanie.png",1200,628,false],"thumbnail":["https:\/\/jdm.pl\/blog\/wp-content\/uploads\/2020\/07\/gutenberg-formatowanie-150x150.png",150,150,true],"medium":["https:\/\/jdm.pl\/blog\/wp-content\/uploads\/2020\/07\/gutenberg-formatowanie-300x157.png",300,157,true],"medium_large":["https:\/\/jdm.pl\/blog\/wp-content\/uploads\/2020\/07\/gutenberg-formatowanie-768x402.png",640,335,true],"large":["https:\/\/jdm.pl\/blog\/wp-content\/uploads\/2020\/07\/gutenberg-formatowanie-1024x536.png",640,335,true],"hd_qu_size2":["https:\/\/jdm.pl\/blog\/wp-content\/uploads\/2020\/07\/gutenberg-formatowanie.png",400,209,false],"1536x1536":["https:\/\/jdm.pl\/blog\/wp-content\/uploads\/2020\/07\/gutenberg-formatowanie.png",1200,628,false],"2048x2048":["https:\/\/jdm.pl\/blog\/wp-content\/uploads\/2020\/07\/gutenberg-formatowanie.png",1200,628,false],"sidebar-thumb":["https:\/\/jdm.pl\/blog\/wp-content\/uploads\/2020\/07\/gutenberg-formatowanie-250x124.png",250,124,true]},"uagb_author_info":{"display_name":"Anna Starek-Wr\u00f3bel","author_link":"https:\/\/jdm.pl\/blog\/author\/anna-starek\/"},"uagb_comment_info":3,"uagb_excerpt":"W poprzednim wpisie omawiali\u015bmy podstawowe bloki Gutenberga. Dzi\u015b om\u00f3wimy kolejny element blokowy czyli formatowanie. Zacznijmy od bloku klasycznego. Jest to osadzony w bloku dawny edytor tekstowy WordPressa. W jego g\u00f3rnym panelu znajduj\u0105 si\u0119 podstawowe funkcje szybkiej edycji tekstu, takie jak np. pogrubienie, wypunktowanie, zmiana koloru czy wstawienie niestandardowego znaku. Je\u017celi t\u0119sknimy za dawn\u0105 metod\u0105 wprowadzania&hellip;","jetpack_sharing_enabled":true,"_links":{"self":[{"href":"https:\/\/jdm.pl\/blog\/wp-json\/wp\/v2\/posts\/929","targetHints":{"allow":["GET"]}}],"collection":[{"href":"https:\/\/jdm.pl\/blog\/wp-json\/wp\/v2\/posts"}],"about":[{"href":"https:\/\/jdm.pl\/blog\/wp-json\/wp\/v2\/types\/post"}],"author":[{"embeddable":true,"href":"https:\/\/jdm.pl\/blog\/wp-json\/wp\/v2\/users\/4"}],"replies":[{"embeddable":true,"href":"https:\/\/jdm.pl\/blog\/wp-json\/wp\/v2\/comments?post=929"}],"version-history":[{"count":5,"href":"https:\/\/jdm.pl\/blog\/wp-json\/wp\/v2\/posts\/929\/revisions"}],"predecessor-version":[{"id":948,"href":"https:\/\/jdm.pl\/blog\/wp-json\/wp\/v2\/posts\/929\/revisions\/948"}],"wp:featuredmedia":[{"embeddable":true,"href":"https:\/\/jdm.pl\/blog\/wp-json\/wp\/v2\/media\/950"}],"wp:attachment":[{"href":"https:\/\/jdm.pl\/blog\/wp-json\/wp\/v2\/media?parent=929"}],"wp:term":[{"taxonomy":"category","embeddable":true,"href":"https:\/\/jdm.pl\/blog\/wp-json\/wp\/v2\/categories?post=929"},{"taxonomy":"post_tag","embeddable":true,"href":"https:\/\/jdm.pl\/blog\/wp-json\/wp\/v2\/tags?post=929"}],"curies":[{"name":"wp","href":"https:\/\/api.w.org\/{rel}","templated":true}]}}