{"id":911,"date":"2020-06-30T22:55:21","date_gmt":"2020-06-30T20:55:21","guid":{"rendered":"https:\/\/jdm.pl\/blog\/?p=911"},"modified":"2022-09-08T20:24:49","modified_gmt":"2022-09-08T18:24:49","slug":"edytor-gutenberg-podstawowe-bloki","status":"publish","type":"post","link":"https:\/\/jdm.pl\/blog\/edytor-gutenberg-podstawowe-bloki\/","title":{"rendered":"Edytor Gutenberg &#8211; podstawowe bloki"},"content":{"rendered":"\n<p>Lipiec na blogu po\u015bwi\u0119cimy edytorowi blokowemu Gutenberg, kt\u00f3ry ju\u017c jaki\u015b czas temu wywo\u0142a\u0142 niema\u0142\u0105 rewolucj\u0119. Od klasycznych builder\u00f3w odr\u00f3\u017cnia go to, \u017ce jest systemem natywnym (jest elementem WordPressa) i nie wymaga instalowania wtyczek. <a href=\"https:\/\/jdm.pl\/blog\/wordpress-5-0-co-nowego\/\" class=\"rank-math-link\">Gutenberg<\/a> zast\u0105pi\u0142 klasyczny edytor tekstu, zyskuj\u0105c tak wielu zwolennik\u00f3w, jak i <a href=\"https:\/\/jdm.pl\/blog\/jak-wylaczyc-nowy-edytor-gutenberg\/\" class=\"rank-math-link\">przeciwnik\u00f3w<\/a> tego rozwi\u0105zania. <\/p>\n\n\n\n<p>Nowi u\u017cytkownicy WordPressa, kt\u00f3rzy nie mieli styczno\u015bci z edytorem sprzed wersji 5.0, nie odczuwaj\u0105 zbytniej r\u00f3\u017cnicy, ale i tak musz\u0105 oswoi\u0107 si\u0119 z u\u017cywaniem blok\u00f3w, kt\u00f3re niekoniecznie dla wszystkich jest intuicyjne. St\u0105d pomys\u0142 na cykl tekst\u00f3w, kt\u00f3re poka\u017c\u0105, jak mo\u017cna wykorzysta\u0107 potencja\u0142 Gutenberga. Zacznijmy od podstawowych blok\u00f3w.<\/p>\n\n\n\n<h2 class=\"has-text-align-center wp-block-heading\">Podstawowe bloki &#8211; co i jak?<\/h2>\n\n\n\n<p>Aby doda\u0107 blok we wpisie lub stronie u\u017cywamy plusa:<\/p>\n\n\n\n<figure class=\"wp-block-image size-large\"><img loading=\"lazy\" decoding=\"async\" width=\"733\" height=\"148\" src=\"https:\/\/jdm.pl\/blog\/wp-content\/uploads\/2020\/06\/dodaniebloku.jpg\" alt=\"\" class=\"wp-image-913\" srcset=\"https:\/\/jdm.pl\/blog\/wp-content\/uploads\/2020\/06\/dodaniebloku.jpg 733w, https:\/\/jdm.pl\/blog\/wp-content\/uploads\/2020\/06\/dodaniebloku-300x61.jpg 300w\" sizes=\"auto, (max-width: 733px) 100vw, 733px\" \/><\/figure>\n\n\n\n<p>Uka\u017ce si\u0119 nam lista, z kt\u00f3rej mo\u017cemy wybra\u0107 podstawowe bloki:<\/p>\n\n\n\n<figure class=\"wp-block-image size-large is-resized\"><img loading=\"lazy\" decoding=\"async\" src=\"https:\/\/jdm.pl\/blog\/wp-content\/uploads\/2020\/06\/dodaniebloku2.jpg\" alt=\"\" class=\"wp-image-914\" width=\"542\" height=\"362\" srcset=\"https:\/\/jdm.pl\/blog\/wp-content\/uploads\/2020\/06\/dodaniebloku2.jpg 542w, https:\/\/jdm.pl\/blog\/wp-content\/uploads\/2020\/06\/dodaniebloku2-300x200.jpg 300w\" sizes=\"auto, (max-width: 542px) 100vw, 542px\" \/><\/figure>\n\n\n\n<p>W tym miejscu Gutenberg domy\u015blnie grupuje najbardziej podstawowe elementy, do kt\u00f3rych nale\u017c\u0105: akapit, nag\u0142\u00f3wek, obrazek, galeria, lista, cytat, plik d\u017awi\u0119kowy, ok\u0142adka, plik oraz filmy.<\/p>\n\n\n\n<figure class=\"wp-block-image size-large is-resized\"><img loading=\"lazy\" decoding=\"async\" src=\"https:\/\/jdm.pl\/blog\/wp-content\/uploads\/2020\/06\/podstawowebloki.jpg\" alt=\"\" class=\"wp-image-915\" width=\"398\" height=\"369\" srcset=\"https:\/\/jdm.pl\/blog\/wp-content\/uploads\/2020\/06\/podstawowebloki.jpg 398w, https:\/\/jdm.pl\/blog\/wp-content\/uploads\/2020\/06\/podstawowebloki-300x278.jpg 300w\" sizes=\"auto, (max-width: 398px) 100vw, 398px\" \/><\/figure>\n\n\n\n<p>Dodaj\u0105c plusem blok, zale\u017cnie od jego rodzaju, pokazuj\u0105 nam si\u0119 dodatkowe opcje. <\/p>\n\n\n\n<h2 class=\"has-text-align-center wp-block-heading\">Blok podstawowy na przyk\u0142adzie <em>Akapitu<\/em><\/h2>\n\n\n\n<p>We\u017amy na przyk\u0142ad blok <em>Akapit<\/em>, kt\u00f3ry umo\u017cliwia nam wprowadzanie tekstu. Nad akapitem otrzymamy podstawowe opcje formatowania:<\/p>\n\n\n\n<figure class=\"wp-block-image size-large is-resized\"><img loading=\"lazy\" decoding=\"async\" src=\"https:\/\/jdm.pl\/blog\/wp-content\/uploads\/2020\/06\/akapit.jpg\" alt=\"\" class=\"wp-image-916\" width=\"662\" height=\"246\" srcset=\"https:\/\/jdm.pl\/blog\/wp-content\/uploads\/2020\/06\/akapit.jpg 662w, https:\/\/jdm.pl\/blog\/wp-content\/uploads\/2020\/06\/akapit-300x111.jpg 300w\" sizes=\"auto, (max-width: 662px) 100vw, 662px\" \/><\/figure>\n\n\n\n<p>Opr\u00f3cz tego po prawej stronie edytora mamy zak\u0142adk\u0119 blok, kt\u00f3ra umo\u017cliwia ustawienie dodatkowych opcji. W przypadku akapitu wygl\u0105da ona tak: <\/p>\n\n\n\n<figure class=\"wp-block-image size-large is-resized\"><img loading=\"lazy\" decoding=\"async\" src=\"https:\/\/jdm.pl\/blog\/wp-content\/uploads\/2020\/06\/blokakapit.jpg\" alt=\"\" class=\"wp-image-917\" width=\"458\" height=\"847\" srcset=\"https:\/\/jdm.pl\/blog\/wp-content\/uploads\/2020\/06\/blokakapit.jpg 458w, https:\/\/jdm.pl\/blog\/wp-content\/uploads\/2020\/06\/blokakapit-162x300.jpg 162w\" sizes=\"auto, (max-width: 458px) 100vw, 458px\" \/><\/figure>\n\n\n\n<p>Je\u017celi do naszego tekstu chcemy doda\u0107 nag\u0142\u00f3wki, na przyk\u0142ad jako \u015br\u00f3dtytu\u0142y, po prostu osadzamy plusem blok <em>Nag\u0142\u00f3wek<\/em>. Powy\u017cej niego mo\u017cemy <a href=\"https:\/\/jdm.pl\/blog\/naglowki-html-w-wordpressie-h1-h2-jak-i-dlaczego-nalezy-ich-uzywac\/\" class=\"rank-math-link\">wybra\u0107 stopie\u0144 nag\u0142\u00f3wka<\/a> i jego wyr\u00f3wnanie. <\/p>\n\n\n\n<figure class=\"wp-block-image size-large is-resized\"><img loading=\"lazy\" decoding=\"async\" src=\"https:\/\/jdm.pl\/blog\/wp-content\/uploads\/2020\/06\/naglowek.jpg\" alt=\"\" class=\"wp-image-918\" width=\"705\" height=\"117\" srcset=\"https:\/\/jdm.pl\/blog\/wp-content\/uploads\/2020\/06\/naglowek.jpg 705w, https:\/\/jdm.pl\/blog\/wp-content\/uploads\/2020\/06\/naglowek-300x50.jpg 300w\" sizes=\"auto, (max-width: 705px) 100vw, 705px\" \/><\/figure>\n\n\n\n<p>Dodatkowo przy ka\u017cdym rodzaju bloku pojawiaj\u0105 nam si\u0119 trzy kropki, zaznaczone na obrazku powy\u017cej. Ich naci\u015bni\u0119cia u\u0142atwia nam m.in. nawigacj\u0119 pomi\u0119dzy blokami i dodanie dodatkowych element\u00f3w oraz umo\u017cliwia szybkie przej\u015bcie w edycj\u0119 HTML.<\/p>\n\n\n\n<div class=\"wp-block-image\"><figure class=\"aligncenter size-large is-resized\"><img loading=\"lazy\" decoding=\"async\" src=\"https:\/\/jdm.pl\/blog\/wp-content\/uploads\/2020\/06\/trzykropki.jpg\" alt=\"\" class=\"wp-image-919\" width=\"256\" height=\"355\" srcset=\"https:\/\/jdm.pl\/blog\/wp-content\/uploads\/2020\/06\/trzykropki.jpg 256w, https:\/\/jdm.pl\/blog\/wp-content\/uploads\/2020\/06\/trzykropki-216x300.jpg 216w\" sizes=\"auto, (max-width: 256px) 100vw, 256px\" \/><\/figure><\/div>\n\n\n\n<h2 class=\"has-text-align-center wp-block-heading\">Inne bloki tekstowe<\/h2>\n\n\n\n<p>Do blok\u00f3w tekstowych zaliczamy tak\u017ce list\u0119 (do wyboru mamy oczywi\u015bcie punktowan\u0105 lub numerowan\u0105) oraz cytat. Blok cytatu pozwoli wyr\u00f3\u017cni\u0107 nam odpowiednie fragmenty tekstu, kt\u00f3re zawieraj\u0105 np. inspiruj\u0105ce my\u015bli itp. Wygl\u0105d tego bloku uzale\u017cniony jest od motywu, ale zaawansowani u\u017cytkownicy mog\u0105 dopisa\u0107 w\u0142asny CSS. <\/p>\n\n\n\n<h2 class=\"has-text-align-center wp-block-heading\">Obrazek a galeria<\/h2>\n\n\n\n<p>Je\u015bli chcemy doda\u0107 do wpisu pojedyncze zdj\u0119cie czy grafik\u0119, korzystamy z bloku <em>Obrazek<\/em>. Mo\u017cna w nim ustawi\u0107 r\u00f3\u017cne opcje np. mask\u0119 (efekt na zdj\u0119ciu poni\u017cej).<\/p>\n\n\n\n<figure class=\"wp-block-image size-large is-resized\"><img loading=\"lazy\" decoding=\"async\" src=\"https:\/\/jdm.pl\/blog\/wp-content\/uploads\/2020\/06\/maska.jpg\" alt=\"\" class=\"wp-image-921\" width=\"375\" height=\"286\" srcset=\"https:\/\/jdm.pl\/blog\/wp-content\/uploads\/2020\/06\/maska.jpg 375w, https:\/\/jdm.pl\/blog\/wp-content\/uploads\/2020\/06\/maska-300x229.jpg 300w\" sizes=\"auto, (max-width: 375px) 100vw, 375px\" \/><\/figure>\n\n\n\n<figure class=\"wp-block-image size-large is-style-circle-mask\"><img loading=\"lazy\" decoding=\"async\" width=\"1024\" height=\"682\" src=\"https:\/\/jdm.pl\/blog\/wp-content\/uploads\/2020\/06\/maliny-1024x682.jpg\" alt=\"\" class=\"wp-image-920\" srcset=\"https:\/\/jdm.pl\/blog\/wp-content\/uploads\/2020\/06\/maliny-1024x682.jpg 1024w, https:\/\/jdm.pl\/blog\/wp-content\/uploads\/2020\/06\/maliny-300x200.jpg 300w, https:\/\/jdm.pl\/blog\/wp-content\/uploads\/2020\/06\/maliny-768x512.jpg 768w, https:\/\/jdm.pl\/blog\/wp-content\/uploads\/2020\/06\/maliny.jpg 1280w\" sizes=\"auto, (max-width: 1024px) 100vw, 1024px\" \/><\/figure>\n\n\n\n<p>Natomiast dla grupy obrazk\u00f3w mo\u017cemy skorzysta\u0107 z natywnej galerii. <br>Nie potrzebujemy dodatkowych wtyczek, aby wy\u015bwietli\u0107 podstawow\u0105 grup\u0119 zdj\u0119\u0107.<\/p>\n\n\n\n<figure class=\"wp-block-image size-large is-resized\"><img loading=\"lazy\" decoding=\"async\" src=\"https:\/\/jdm.pl\/blog\/wp-content\/uploads\/2020\/06\/galeria.jpg\" alt=\"\" class=\"wp-image-924\" width=\"657\" height=\"305\" srcset=\"https:\/\/jdm.pl\/blog\/wp-content\/uploads\/2020\/06\/galeria.jpg 657w, https:\/\/jdm.pl\/blog\/wp-content\/uploads\/2020\/06\/galeria-300x139.jpg 300w\" sizes=\"auto, (max-width: 657px) 100vw, 657px\" \/><\/figure>\n\n\n\n<p>Inne podstawowe bloki przydadz\u0105 si\u0119 do osadzania plik\u00f3w audio i video &#8211; po szczeg\u00f3\u0142y odsy\u0142amy do naszej publikacji <a href=\"https:\/\/jdm.pl\/blog\/osadzanie-filmow-w-wordpressie\/\" class=\"rank-math-link\">o osadzaniu film\u00f3w<\/a>, gdzie krok po kroku wyja\u015bniamy, jak ten proces przeprowadzi\u0107 prawid\u0142owo. <\/p>\n\n\n\n<p>A ju\u017c za tydzie\u0144 przeczytacie o tym, jak korzysta\u0107 z blok\u00f3w formatowania i kiedy s\u0105 one przydatne. Zapraszamy! <\/p>\n\n\n\n<p><\/p>\n","protected":false},"excerpt":{"rendered":"<p>Lipiec na blogu po\u015bwi\u0119cimy edytorowi blokowemu Gutenberg, kt\u00f3ry ju\u017c jaki\u015b czas temu wywo\u0142a\u0142 niema\u0142\u0105 rewolucj\u0119. Od klasycznych builder\u00f3w odr\u00f3\u017cnia go to, \u017ce jest systemem natywnym (jest elementem WordPressa) i nie wymaga instalowania wtyczek. Gutenberg zast\u0105pi\u0142 klasyczny edytor tekstu, zyskuj\u0105c tak wielu zwolennik\u00f3w, jak i przeciwnik\u00f3w tego rozwi\u0105zania. Nowi u\u017cytkownicy WordPressa, kt\u00f3rzy nie mieli styczno\u015bci z [&hellip;]<\/p>\n","protected":false},"author":4,"featured_media":928,"comment_status":"open","ping_status":"open","sticky":false,"template":"","format":"standard","meta":{"_uag_custom_page_level_css":"","_exactmetrics_skip_tracking":false,"_exactmetrics_sitenote_active":false,"_exactmetrics_sitenote_note":"","_exactmetrics_sitenote_category":0,"_jetpack_memberships_contains_paid_content":false,"footnotes":""},"categories":[29,3],"tags":[20,13],"class_list":["post-911","post","type-post","status-publish","format-standard","has-post-thumbnail","hentry","category-gutenberg","category-wordpress","tag-gutenberg","tag-wyglad-strony"],"yoast_head":"<!-- This site is optimized with the Yoast SEO plugin v27.4 - https:\/\/yoast.com\/product\/yoast-seo-wordpress\/ -->\n<title>Edytor Gutenberg - podstawowe bloki - Blog jdm.pl<\/title>\n<meta name=\"robots\" content=\"index, follow, max-snippet:-1, max-image-preview:large, max-video-preview:-1\" \/>\n<link rel=\"canonical\" href=\"https:\/\/jdm.pl\/blog\/edytor-gutenberg-podstawowe-bloki\/\" \/>\n<meta property=\"og:locale\" content=\"pl_PL\" \/>\n<meta property=\"og:type\" content=\"article\" \/>\n<meta property=\"og:title\" content=\"Edytor Gutenberg - podstawowe bloki - Blog jdm.pl\" \/>\n<meta property=\"og:description\" content=\"Lipiec na blogu po\u015bwi\u0119cimy edytorowi blokowemu Gutenberg, kt\u00f3ry ju\u017c jaki\u015b czas temu wywo\u0142a\u0142 niema\u0142\u0105 rewolucj\u0119. Od klasycznych builder\u00f3w odr\u00f3\u017cnia go to, \u017ce jest systemem natywnym (jest elementem WordPressa) i nie wymaga instalowania wtyczek. Gutenberg zast\u0105pi\u0142 klasyczny edytor tekstu, zyskuj\u0105c tak wielu zwolennik\u00f3w, jak i przeciwnik\u00f3w tego rozwi\u0105zania. Nowi u\u017cytkownicy WordPressa, kt\u00f3rzy nie mieli styczno\u015bci z [&hellip;]\" \/>\n<meta property=\"og:url\" content=\"https:\/\/jdm.pl\/blog\/edytor-gutenberg-podstawowe-bloki\/\" \/>\n<meta property=\"og:site_name\" content=\"Blog jdm.pl\" \/>\n<meta property=\"article:published_time\" content=\"2020-06-30T20:55:21+00:00\" \/>\n<meta property=\"article:modified_time\" content=\"2022-09-08T18:24:49+00:00\" \/>\n<meta property=\"og:image\" content=\"https:\/\/jdm.pl\/blog\/wp-content\/uploads\/2020\/06\/gutenberg.png\" \/>\n\t<meta property=\"og:image:width\" content=\"1200\" \/>\n\t<meta property=\"og:image:height\" content=\"628\" \/>\n\t<meta property=\"og:image:type\" content=\"image\/png\" \/>\n<meta name=\"author\" content=\"Anna Starek-Wr\u00f3bel\" \/>\n<meta name=\"twitter:card\" content=\"summary_large_image\" \/>\n<meta name=\"twitter:label1\" content=\"Napisane przez\" \/>\n\t<meta name=\"twitter:data1\" content=\"Anna Starek-Wr\u00f3bel\" \/>\n\t<meta name=\"twitter:label2\" content=\"Szacowany czas czytania\" \/>\n\t<meta name=\"twitter:data2\" content=\"2 minuty\" \/>\n<script type=\"application\/ld+json\" class=\"yoast-schema-graph\">{\"@context\":\"https:\\\/\\\/schema.org\",\"@graph\":[{\"@type\":\"Article\",\"@id\":\"https:\\\/\\\/jdm.pl\\\/blog\\\/edytor-gutenberg-podstawowe-bloki\\\/#article\",\"isPartOf\":{\"@id\":\"https:\\\/\\\/jdm.pl\\\/blog\\\/edytor-gutenberg-podstawowe-bloki\\\/\"},\"author\":{\"name\":\"Anna Starek-Wr\u00f3bel\",\"@id\":\"https:\\\/\\\/jdm.pl\\\/blog\\\/#\\\/schema\\\/person\\\/26e7a9c6f5b416eabcfed62ee02685c0\"},\"headline\":\"Edytor Gutenberg &#8211; podstawowe bloki\",\"datePublished\":\"2020-06-30T20:55:21+00:00\",\"dateModified\":\"2022-09-08T18:24:49+00:00\",\"mainEntityOfPage\":{\"@id\":\"https:\\\/\\\/jdm.pl\\\/blog\\\/edytor-gutenberg-podstawowe-bloki\\\/\"},\"wordCount\":492,\"commentCount\":1,\"image\":{\"@id\":\"https:\\\/\\\/jdm.pl\\\/blog\\\/edytor-gutenberg-podstawowe-bloki\\\/#primaryimage\"},\"thumbnailUrl\":\"https:\\\/\\\/jdm.pl\\\/blog\\\/wp-content\\\/uploads\\\/2020\\\/06\\\/gutenberg.png\",\"keywords\":[\"Gutenberg\",\"wygl\u0105d strony\"],\"articleSection\":[\"Gutenberg\",\"WordPress\"],\"inLanguage\":\"pl-PL\",\"potentialAction\":[{\"@type\":\"CommentAction\",\"name\":\"Comment\",\"target\":[\"https:\\\/\\\/jdm.pl\\\/blog\\\/edytor-gutenberg-podstawowe-bloki\\\/#respond\"]}]},{\"@type\":\"WebPage\",\"@id\":\"https:\\\/\\\/jdm.pl\\\/blog\\\/edytor-gutenberg-podstawowe-bloki\\\/\",\"url\":\"https:\\\/\\\/jdm.pl\\\/blog\\\/edytor-gutenberg-podstawowe-bloki\\\/\",\"name\":\"Edytor Gutenberg - podstawowe bloki - Blog jdm.pl\",\"isPartOf\":{\"@id\":\"https:\\\/\\\/jdm.pl\\\/blog\\\/#website\"},\"primaryImageOfPage\":{\"@id\":\"https:\\\/\\\/jdm.pl\\\/blog\\\/edytor-gutenberg-podstawowe-bloki\\\/#primaryimage\"},\"image\":{\"@id\":\"https:\\\/\\\/jdm.pl\\\/blog\\\/edytor-gutenberg-podstawowe-bloki\\\/#primaryimage\"},\"thumbnailUrl\":\"https:\\\/\\\/jdm.pl\\\/blog\\\/wp-content\\\/uploads\\\/2020\\\/06\\\/gutenberg.png\",\"datePublished\":\"2020-06-30T20:55:21+00:00\",\"dateModified\":\"2022-09-08T18:24:49+00:00\",\"author\":{\"@id\":\"https:\\\/\\\/jdm.pl\\\/blog\\\/#\\\/schema\\\/person\\\/26e7a9c6f5b416eabcfed62ee02685c0\"},\"breadcrumb\":{\"@id\":\"https:\\\/\\\/jdm.pl\\\/blog\\\/edytor-gutenberg-podstawowe-bloki\\\/#breadcrumb\"},\"inLanguage\":\"pl-PL\",\"potentialAction\":[{\"@type\":\"ReadAction\",\"target\":[\"https:\\\/\\\/jdm.pl\\\/blog\\\/edytor-gutenberg-podstawowe-bloki\\\/\"]}]},{\"@type\":\"ImageObject\",\"inLanguage\":\"pl-PL\",\"@id\":\"https:\\\/\\\/jdm.pl\\\/blog\\\/edytor-gutenberg-podstawowe-bloki\\\/#primaryimage\",\"url\":\"https:\\\/\\\/jdm.pl\\\/blog\\\/wp-content\\\/uploads\\\/2020\\\/06\\\/gutenberg.png\",\"contentUrl\":\"https:\\\/\\\/jdm.pl\\\/blog\\\/wp-content\\\/uploads\\\/2020\\\/06\\\/gutenberg.png\",\"width\":1200,\"height\":628},{\"@type\":\"BreadcrumbList\",\"@id\":\"https:\\\/\\\/jdm.pl\\\/blog\\\/edytor-gutenberg-podstawowe-bloki\\\/#breadcrumb\",\"itemListElement\":[{\"@type\":\"ListItem\",\"position\":1,\"name\":\"Strona g\u0142\u00f3wna\",\"item\":\"https:\\\/\\\/jdm.pl\\\/blog\\\/\"},{\"@type\":\"ListItem\",\"position\":2,\"name\":\"Edytor Gutenberg &#8211; podstawowe bloki\"}]},{\"@type\":\"WebSite\",\"@id\":\"https:\\\/\\\/jdm.pl\\\/blog\\\/#website\",\"url\":\"https:\\\/\\\/jdm.pl\\\/blog\\\/\",\"name\":\"Blog jdm.pl\",\"description\":\"WordPress tutoriale i porady\",\"potentialAction\":[{\"@type\":\"SearchAction\",\"target\":{\"@type\":\"EntryPoint\",\"urlTemplate\":\"https:\\\/\\\/jdm.pl\\\/blog\\\/?s={search_term_string}\"},\"query-input\":{\"@type\":\"PropertyValueSpecification\",\"valueRequired\":true,\"valueName\":\"search_term_string\"}}],\"inLanguage\":\"pl-PL\"},{\"@type\":\"Person\",\"@id\":\"https:\\\/\\\/jdm.pl\\\/blog\\\/#\\\/schema\\\/person\\\/26e7a9c6f5b416eabcfed62ee02685c0\",\"name\":\"Anna Starek-Wr\u00f3bel\",\"image\":{\"@type\":\"ImageObject\",\"inLanguage\":\"pl-PL\",\"@id\":\"https:\\\/\\\/secure.gravatar.com\\\/avatar\\\/c514af5a4b2affc5fccce6e1cf2e2d03eb6489cfbf462552eee35a68ed106974?s=96&d=mm&r=g\",\"url\":\"https:\\\/\\\/secure.gravatar.com\\\/avatar\\\/c514af5a4b2affc5fccce6e1cf2e2d03eb6489cfbf462552eee35a68ed106974?s=96&d=mm&r=g\",\"contentUrl\":\"https:\\\/\\\/secure.gravatar.com\\\/avatar\\\/c514af5a4b2affc5fccce6e1cf2e2d03eb6489cfbf462552eee35a68ed106974?s=96&d=mm&r=g\",\"caption\":\"Anna Starek-Wr\u00f3bel\"},\"sameAs\":[\"https:\\\/\\\/cmo.im\"],\"url\":\"https:\\\/\\\/jdm.pl\\\/blog\\\/author\\\/anna-starek\\\/\"}]}<\/script>\n<!-- \/ Yoast SEO plugin. -->","yoast_head_json":{"title":"Edytor Gutenberg - podstawowe bloki - Blog jdm.pl","robots":{"index":"index","follow":"follow","max-snippet":"max-snippet:-1","max-image-preview":"max-image-preview:large","max-video-preview":"max-video-preview:-1"},"canonical":"https:\/\/jdm.pl\/blog\/edytor-gutenberg-podstawowe-bloki\/","og_locale":"pl_PL","og_type":"article","og_title":"Edytor Gutenberg - podstawowe bloki - Blog jdm.pl","og_description":"Lipiec na blogu po\u015bwi\u0119cimy edytorowi blokowemu Gutenberg, kt\u00f3ry ju\u017c jaki\u015b czas temu wywo\u0142a\u0142 niema\u0142\u0105 rewolucj\u0119. Od klasycznych builder\u00f3w odr\u00f3\u017cnia go to, \u017ce jest systemem natywnym (jest elementem WordPressa) i nie wymaga instalowania wtyczek. Gutenberg zast\u0105pi\u0142 klasyczny edytor tekstu, zyskuj\u0105c tak wielu zwolennik\u00f3w, jak i przeciwnik\u00f3w tego rozwi\u0105zania. Nowi u\u017cytkownicy WordPressa, kt\u00f3rzy nie mieli styczno\u015bci z [&hellip;]","og_url":"https:\/\/jdm.pl\/blog\/edytor-gutenberg-podstawowe-bloki\/","og_site_name":"Blog jdm.pl","article_published_time":"2020-06-30T20:55:21+00:00","article_modified_time":"2022-09-08T18:24:49+00:00","og_image":[{"width":1200,"height":628,"url":"https:\/\/jdm.pl\/blog\/wp-content\/uploads\/2020\/06\/gutenberg.png","type":"image\/png"}],"author":"Anna Starek-Wr\u00f3bel","twitter_card":"summary_large_image","twitter_misc":{"Napisane przez":"Anna Starek-Wr\u00f3bel","Szacowany czas czytania":"2 minuty"},"schema":{"@context":"https:\/\/schema.org","@graph":[{"@type":"Article","@id":"https:\/\/jdm.pl\/blog\/edytor-gutenberg-podstawowe-bloki\/#article","isPartOf":{"@id":"https:\/\/jdm.pl\/blog\/edytor-gutenberg-podstawowe-bloki\/"},"author":{"name":"Anna Starek-Wr\u00f3bel","@id":"https:\/\/jdm.pl\/blog\/#\/schema\/person\/26e7a9c6f5b416eabcfed62ee02685c0"},"headline":"Edytor Gutenberg &#8211; podstawowe bloki","datePublished":"2020-06-30T20:55:21+00:00","dateModified":"2022-09-08T18:24:49+00:00","mainEntityOfPage":{"@id":"https:\/\/jdm.pl\/blog\/edytor-gutenberg-podstawowe-bloki\/"},"wordCount":492,"commentCount":1,"image":{"@id":"https:\/\/jdm.pl\/blog\/edytor-gutenberg-podstawowe-bloki\/#primaryimage"},"thumbnailUrl":"https:\/\/jdm.pl\/blog\/wp-content\/uploads\/2020\/06\/gutenberg.png","keywords":["Gutenberg","wygl\u0105d strony"],"articleSection":["Gutenberg","WordPress"],"inLanguage":"pl-PL","potentialAction":[{"@type":"CommentAction","name":"Comment","target":["https:\/\/jdm.pl\/blog\/edytor-gutenberg-podstawowe-bloki\/#respond"]}]},{"@type":"WebPage","@id":"https:\/\/jdm.pl\/blog\/edytor-gutenberg-podstawowe-bloki\/","url":"https:\/\/jdm.pl\/blog\/edytor-gutenberg-podstawowe-bloki\/","name":"Edytor Gutenberg - podstawowe bloki - Blog jdm.pl","isPartOf":{"@id":"https:\/\/jdm.pl\/blog\/#website"},"primaryImageOfPage":{"@id":"https:\/\/jdm.pl\/blog\/edytor-gutenberg-podstawowe-bloki\/#primaryimage"},"image":{"@id":"https:\/\/jdm.pl\/blog\/edytor-gutenberg-podstawowe-bloki\/#primaryimage"},"thumbnailUrl":"https:\/\/jdm.pl\/blog\/wp-content\/uploads\/2020\/06\/gutenberg.png","datePublished":"2020-06-30T20:55:21+00:00","dateModified":"2022-09-08T18:24:49+00:00","author":{"@id":"https:\/\/jdm.pl\/blog\/#\/schema\/person\/26e7a9c6f5b416eabcfed62ee02685c0"},"breadcrumb":{"@id":"https:\/\/jdm.pl\/blog\/edytor-gutenberg-podstawowe-bloki\/#breadcrumb"},"inLanguage":"pl-PL","potentialAction":[{"@type":"ReadAction","target":["https:\/\/jdm.pl\/blog\/edytor-gutenberg-podstawowe-bloki\/"]}]},{"@type":"ImageObject","inLanguage":"pl-PL","@id":"https:\/\/jdm.pl\/blog\/edytor-gutenberg-podstawowe-bloki\/#primaryimage","url":"https:\/\/jdm.pl\/blog\/wp-content\/uploads\/2020\/06\/gutenberg.png","contentUrl":"https:\/\/jdm.pl\/blog\/wp-content\/uploads\/2020\/06\/gutenberg.png","width":1200,"height":628},{"@type":"BreadcrumbList","@id":"https:\/\/jdm.pl\/blog\/edytor-gutenberg-podstawowe-bloki\/#breadcrumb","itemListElement":[{"@type":"ListItem","position":1,"name":"Strona g\u0142\u00f3wna","item":"https:\/\/jdm.pl\/blog\/"},{"@type":"ListItem","position":2,"name":"Edytor Gutenberg &#8211; podstawowe bloki"}]},{"@type":"WebSite","@id":"https:\/\/jdm.pl\/blog\/#website","url":"https:\/\/jdm.pl\/blog\/","name":"Blog jdm.pl","description":"WordPress tutoriale i porady","potentialAction":[{"@type":"SearchAction","target":{"@type":"EntryPoint","urlTemplate":"https:\/\/jdm.pl\/blog\/?s={search_term_string}"},"query-input":{"@type":"PropertyValueSpecification","valueRequired":true,"valueName":"search_term_string"}}],"inLanguage":"pl-PL"},{"@type":"Person","@id":"https:\/\/jdm.pl\/blog\/#\/schema\/person\/26e7a9c6f5b416eabcfed62ee02685c0","name":"Anna Starek-Wr\u00f3bel","image":{"@type":"ImageObject","inLanguage":"pl-PL","@id":"https:\/\/secure.gravatar.com\/avatar\/c514af5a4b2affc5fccce6e1cf2e2d03eb6489cfbf462552eee35a68ed106974?s=96&d=mm&r=g","url":"https:\/\/secure.gravatar.com\/avatar\/c514af5a4b2affc5fccce6e1cf2e2d03eb6489cfbf462552eee35a68ed106974?s=96&d=mm&r=g","contentUrl":"https:\/\/secure.gravatar.com\/avatar\/c514af5a4b2affc5fccce6e1cf2e2d03eb6489cfbf462552eee35a68ed106974?s=96&d=mm&r=g","caption":"Anna Starek-Wr\u00f3bel"},"sameAs":["https:\/\/cmo.im"],"url":"https:\/\/jdm.pl\/blog\/author\/anna-starek\/"}]}},"jetpack_featured_media_url":"https:\/\/jdm.pl\/blog\/wp-content\/uploads\/2020\/06\/gutenberg.png","uagb_featured_image_src":{"full":["https:\/\/jdm.pl\/blog\/wp-content\/uploads\/2020\/06\/gutenberg.png",1200,628,false],"thumbnail":["https:\/\/jdm.pl\/blog\/wp-content\/uploads\/2020\/06\/gutenberg-150x150.png",150,150,true],"medium":["https:\/\/jdm.pl\/blog\/wp-content\/uploads\/2020\/06\/gutenberg-300x157.png",300,157,true],"medium_large":["https:\/\/jdm.pl\/blog\/wp-content\/uploads\/2020\/06\/gutenberg-768x402.png",640,335,true],"large":["https:\/\/jdm.pl\/blog\/wp-content\/uploads\/2020\/06\/gutenberg-1024x536.png",640,335,true],"hd_qu_size2":["https:\/\/jdm.pl\/blog\/wp-content\/uploads\/2020\/06\/gutenberg.png",400,209,false],"1536x1536":["https:\/\/jdm.pl\/blog\/wp-content\/uploads\/2020\/06\/gutenberg.png",1200,628,false],"2048x2048":["https:\/\/jdm.pl\/blog\/wp-content\/uploads\/2020\/06\/gutenberg.png",1200,628,false],"sidebar-thumb":["https:\/\/jdm.pl\/blog\/wp-content\/uploads\/2020\/06\/gutenberg-250x124.png",250,124,true]},"uagb_author_info":{"display_name":"Anna Starek-Wr\u00f3bel","author_link":"https:\/\/jdm.pl\/blog\/author\/anna-starek\/"},"uagb_comment_info":1,"uagb_excerpt":"Lipiec na blogu po\u015bwi\u0119cimy edytorowi blokowemu Gutenberg, kt\u00f3ry ju\u017c jaki\u015b czas temu wywo\u0142a\u0142 niema\u0142\u0105 rewolucj\u0119. Od klasycznych builder\u00f3w odr\u00f3\u017cnia go to, \u017ce jest systemem natywnym (jest elementem WordPressa) i nie wymaga instalowania wtyczek. Gutenberg zast\u0105pi\u0142 klasyczny edytor tekstu, zyskuj\u0105c tak wielu zwolennik\u00f3w, jak i przeciwnik\u00f3w tego rozwi\u0105zania. Nowi u\u017cytkownicy WordPressa, kt\u00f3rzy nie mieli styczno\u015bci z&hellip;","jetpack_sharing_enabled":true,"_links":{"self":[{"href":"https:\/\/jdm.pl\/blog\/wp-json\/wp\/v2\/posts\/911","targetHints":{"allow":["GET"]}}],"collection":[{"href":"https:\/\/jdm.pl\/blog\/wp-json\/wp\/v2\/posts"}],"about":[{"href":"https:\/\/jdm.pl\/blog\/wp-json\/wp\/v2\/types\/post"}],"author":[{"embeddable":true,"href":"https:\/\/jdm.pl\/blog\/wp-json\/wp\/v2\/users\/4"}],"replies":[{"embeddable":true,"href":"https:\/\/jdm.pl\/blog\/wp-json\/wp\/v2\/comments?post=911"}],"version-history":[{"count":4,"href":"https:\/\/jdm.pl\/blog\/wp-json\/wp\/v2\/posts\/911\/revisions"}],"predecessor-version":[{"id":927,"href":"https:\/\/jdm.pl\/blog\/wp-json\/wp\/v2\/posts\/911\/revisions\/927"}],"wp:featuredmedia":[{"embeddable":true,"href":"https:\/\/jdm.pl\/blog\/wp-json\/wp\/v2\/media\/928"}],"wp:attachment":[{"href":"https:\/\/jdm.pl\/blog\/wp-json\/wp\/v2\/media?parent=911"}],"wp:term":[{"taxonomy":"category","embeddable":true,"href":"https:\/\/jdm.pl\/blog\/wp-json\/wp\/v2\/categories?post=911"},{"taxonomy":"post_tag","embeddable":true,"href":"https:\/\/jdm.pl\/blog\/wp-json\/wp\/v2\/tags?post=911"}],"curies":[{"name":"wp","href":"https:\/\/api.w.org\/{rel}","templated":true}]}}