{"id":3999,"date":"2024-02-13T19:36:06","date_gmt":"2024-02-13T18:36:06","guid":{"rendered":"https:\/\/jdm.pl\/blog\/?p=3999"},"modified":"2024-02-23T18:23:35","modified_gmt":"2024-02-23T17:23:35","slug":"czy-optymalizowac-zdjecia-przed-dodaniem-do-wordpressa","status":"publish","type":"post","link":"https:\/\/jdm.pl\/blog\/czy-optymalizowac-zdjecia-przed-dodaniem-do-wordpressa\/","title":{"rendered":"Czy optymalizowa\u0107 zdj\u0119cia przed dodaniem do WordPressa"},"content":{"rendered":"\n<p>Zbyt du\u017ce obrazy s\u0105 cz\u0119sto jedn\u0105 z g\u0142\u00f3wnych przyczyn wolnego czasu \u0142adowania strony. Dzieje si\u0119 tak dlatego, \u017ce przegl\u0105darka musi je pobra\u0107 i wy\u015bwietli\u0107 odbiorcom. Im pliki s\u0105 wi\u0119ksze, tym proces trwa d\u0142u\u017cej. A jak wiadomo nikt nie chce d\u0142ugo czeka\u0107. Dlatego wszystkie zdj\u0119cia powinny by\u0107 zoptymalizowane &#8211; i to przed dodaniem do WordPressa. <\/p>\n\n\n\n<h2 class=\"wp-block-heading has-text-align-center\">Jaki rozmiar jest najlepszy<\/h2>\n\n\n\n<p>Chocia\u017c istniej\u0105 wtyczki, kt\u00f3re optymalizuj\u0105 obrazy, najlepiej jest przed dodaniem zmniejszy\u0107 rozmiar pliku. Obrazy nie powinny przekracza\u0107 150-200 KB, ale jak wiadomo wszystko zale\u017cy dok\u0142adnie od sytuacji. Wyobra\u017amy sobie, \u017ce u\u017cywamy zdj\u0119\u0107 jako t\u0142a strony czy du\u017cych baner\u00f3w. Musimy wtedy i\u015b\u0107 na kompromis i znale\u017a\u0107 r\u00f3wnowag\u0119 pomi\u0119dzy rozmiarem pliku a jako\u015bci\u0105 obrazu. Nie bez znaczenia ma tak\u017ce format, w jakim plik zostanie zapisany. <\/p>\n\n\n\n<h2 class=\"wp-block-heading has-text-align-center\">Darmowa kompresja zdj\u0119\u0107<\/h2>\n\n\n\n<p>Je\u017celi nie obs\u0142ugujemy lub nie posiadamy programu graficznego, w kt\u00f3rym mogliby\u015bmy dokona\u0107 kompresji, warto skorzysta\u0107 z darmowych narz\u0119dzi online. Jednym z nich jest <a href=\"https:\/\/imagecompressor.com\/pl\/\" target=\"_blank\" rel=\"noreferrer noopener\">Image Compressor &#8211; Optimizilla<\/a>.<\/p>\n\n\n<div class=\"wp-block-image\">\n<figure class=\"aligncenter size-full\"><img loading=\"lazy\" decoding=\"async\" width=\"1000\" height=\"688\" src=\"https:\/\/jdm.pl\/blog\/wp-content\/uploads\/2024\/02\/optimizilla.jpg\" alt=\"\" class=\"wp-image-4001\" srcset=\"https:\/\/jdm.pl\/blog\/wp-content\/uploads\/2024\/02\/optimizilla.jpg 1000w, https:\/\/jdm.pl\/blog\/wp-content\/uploads\/2024\/02\/optimizilla-300x206.jpg 300w, https:\/\/jdm.pl\/blog\/wp-content\/uploads\/2024\/02\/optimizilla-768x528.jpg 768w\" sizes=\"auto, (max-width: 1000px) 100vw, 1000px\" \/><\/figure>\n<\/div>\n\n\n<p>Narz\u0119dzie to obs\u0142uguje trzy typy plik\u00f3w: PNG, JPG\/JPEG i GIF. Aby rozpocz\u0105\u0107, wystarczy przes\u0142a\u0107 kilka obraz\u00f3w, kt\u00f3re chcemy skompresowa\u0107. Za jednym razem mo\u017ce ich by\u0107 maksymalnie 20 sztuk.<\/p>\n\n\n\n<p>Nasz oryginalny obrazek, kt\u00f3rego u\u017cyjemy na potrzeby testu, ma rozmiar 5312&#215;3984 px i wa\u017cy 6,37 MB. Za\u0142\u00f3\u017cmy, \u017ce nie chcemy zmienia\u0107 jego wielko\u015bci w px i dodamy tak du\u017cy wymiarowo obrazek:<\/p>\n\n\n\n<figure class=\"wp-block-image size-full\"><img loading=\"lazy\" decoding=\"async\" width=\"1020\" height=\"374\" src=\"https:\/\/jdm.pl\/blog\/wp-content\/uploads\/2024\/02\/przesylanie.jpg\" alt=\"\" class=\"wp-image-4002\" srcset=\"https:\/\/jdm.pl\/blog\/wp-content\/uploads\/2024\/02\/przesylanie.jpg 1020w, https:\/\/jdm.pl\/blog\/wp-content\/uploads\/2024\/02\/przesylanie-300x110.jpg 300w, https:\/\/jdm.pl\/blog\/wp-content\/uploads\/2024\/02\/przesylanie-768x282.jpg 768w\" sizes=\"auto, (max-width: 1020px) 100vw, 1020px\" \/><\/figure>\n\n\n\n<p>Po wgraniu obrazka Optimizilla pozwoli nam wybra\u0107 jako\u015b\u0107 i poka\u017ce odpowiedni\u0105 do niej wielko\u015b\u0107 pliku:<\/p>\n\n\n\n<figure class=\"wp-block-image size-full\"><img loading=\"lazy\" decoding=\"async\" width=\"1005\" height=\"478\" src=\"https:\/\/jdm.pl\/blog\/wp-content\/uploads\/2024\/02\/screenshot_2.jpg\" alt=\"\" class=\"wp-image-4003\" srcset=\"https:\/\/jdm.pl\/blog\/wp-content\/uploads\/2024\/02\/screenshot_2.jpg 1005w, https:\/\/jdm.pl\/blog\/wp-content\/uploads\/2024\/02\/screenshot_2-300x143.jpg 300w, https:\/\/jdm.pl\/blog\/wp-content\/uploads\/2024\/02\/screenshot_2-768x365.jpg 768w\" sizes=\"auto, (max-width: 1005px) 100vw, 1005px\" \/><\/figure>\n\n\n\n<p>Pobieramy obrazek i gotowe! Idealnym rozwi\u0105zaniem mo\u017ce by\u0107 tak\u017ce wcze\u015bniejsze pomniejszenie wymiaru pliku np. na 1200px po d\u0142u\u017cszym boku. Jednak nawet na tak du\u017cym obrazie, uzyskamy jak wida\u0107 \u015bwietne efekty. <\/p>\n\n\n\n<p>Co warte uwagi: <em>Nie ma potrzeby martwi\u0107 si\u0119 o bezpiecze\u0144stwo naszej darmowej us\u0142ugi. Twoje oryginalne pliki pozostan\u0105 nietkni\u0119te w systemie, wi\u0119c je\u015bli jeste\u015b niezadowolony ze skompresowanych plik\u00f3w, mo\u017cesz po prostu spr\u00f3bowa\u0107 ponownie. Ponadto nasz bezobs\u0142ugowy system oczyszcza wszystkie dane po jednej godzinie, wi\u0119c nie musisz si\u0119 martwi\u0107 o bezpiecze\u0144stwo swoich danych.<\/em><\/p>\n\n\n\n<h2 class=\"wp-block-heading has-text-align-center\">Czy optymalizowa\u0107 zdj\u0119cia przed dodaniem do WordPressa?<\/h2>\n\n\n\n<p>Odpowied\u017a jest oczywista &#8211; tak. Niezale\u017cnie od tego, \u017ce WordPress sam potrafi <a href=\"https:\/\/jdm.pl\/blog\/jak-zmienic-domyslny-rozmiar-mediow-w-wordpressie\/\" target=\"_blank\" rel=\"noreferrer noopener\">tworzy\u0107 mniejsze wersje medi\u00f3w<\/a>, to w\u0142asna optymalizacja jest zawsze najlepszym rozwi\u0105zaniem. Nie musimy powierza\u0107 tych dzia\u0142a\u0144 wtyczkom, kt\u00f3re cz\u0119sto nie s\u0105 oboj\u0119tne tak\u017ce dla tych graficznych element\u00f3w strony, kt\u00f3rych nie chcemy optymalizowa\u0107. <\/p>\n","protected":false},"excerpt":{"rendered":"<p>Zbyt du\u017ce obrazy s\u0105 cz\u0119sto jedn\u0105 z g\u0142\u00f3wnych przyczyn wolnego czasu \u0142adowania strony. Dzieje si\u0119 tak dlatego, \u017ce przegl\u0105darka musi je pobra\u0107 i wy\u015bwietli\u0107 odbiorcom. Im pliki s\u0105 wi\u0119ksze, tym proces trwa d\u0142u\u017cej. A jak wiadomo nikt nie chce d\u0142ugo czeka\u0107. Dlatego wszystkie zdj\u0119cia powinny by\u0107 zoptymalizowane &#8211; i to przed dodaniem do WordPressa. Jaki [&hellip;]<\/p>\n","protected":false},"author":4,"featured_media":4000,"comment_status":"open","ping_status":"open","sticky":false,"template":"","format":"standard","meta":{"_uag_custom_page_level_css":"","_exactmetrics_skip_tracking":false,"_exactmetrics_sitenote_active":false,"_exactmetrics_sitenote_note":"","_exactmetrics_sitenote_category":0,"_jetpack_memberships_contains_paid_content":false,"footnotes":""},"categories":[3],"tags":[44,13],"class_list":["post-3999","post","type-post","status-publish","format-standard","has-post-thumbnail","hentry","category-wordpress","tag-obrazy","tag-wyglad-strony"],"yoast_head":"<!-- This site is optimized with the Yoast SEO plugin v27.5 - https:\/\/yoast.com\/product\/yoast-seo-wordpress\/ -->\n<title>Czy optymalizowa\u0107 zdj\u0119cia przed dodaniem do WordPressa - Blog jdm.pl<\/title>\n<meta name=\"description\" content=\"Czy optymalizowa\u0107 zdj\u0119cia przed dodaniem do WordPressa - a je\u017celi tak, to jak zrobi\u0107 to ca\u0142kowicie za darmo?\" \/>\n<meta name=\"robots\" content=\"index, follow, max-snippet:-1, max-image-preview:large, max-video-preview:-1\" \/>\n<link rel=\"canonical\" href=\"https:\/\/jdm.pl\/blog\/czy-optymalizowac-zdjecia-przed-dodaniem-do-wordpressa\/\" \/>\n<meta property=\"og:locale\" content=\"pl_PL\" \/>\n<meta property=\"og:type\" content=\"article\" \/>\n<meta property=\"og:title\" content=\"Czy optymalizowa\u0107 zdj\u0119cia przed dodaniem do WordPressa - Blog jdm.pl\" \/>\n<meta property=\"og:description\" content=\"Czy optymalizowa\u0107 zdj\u0119cia przed dodaniem do WordPressa - a je\u017celi tak, to jak zrobi\u0107 to ca\u0142kowicie za darmo?\" \/>\n<meta property=\"og:url\" content=\"https:\/\/jdm.pl\/blog\/czy-optymalizowac-zdjecia-przed-dodaniem-do-wordpressa\/\" \/>\n<meta property=\"og:site_name\" content=\"Blog jdm.pl\" \/>\n<meta property=\"article:published_time\" content=\"2024-02-13T18:36:06+00:00\" \/>\n<meta property=\"article:modified_time\" content=\"2024-02-23T17:23:35+00:00\" \/>\n<meta property=\"og:image\" content=\"https:\/\/jdm.pl\/blog\/wp-content\/uploads\/2024\/02\/wordpress.png\" \/>\n\t<meta property=\"og:image:width\" content=\"1200\" \/>\n\t<meta property=\"og:image:height\" content=\"630\" \/>\n\t<meta property=\"og:image:type\" content=\"image\/png\" \/>\n<meta name=\"author\" content=\"Anna Starek-Wr\u00f3bel\" \/>\n<meta name=\"twitter:card\" content=\"summary_large_image\" \/>\n<meta name=\"twitter:label1\" content=\"Napisane przez\" \/>\n\t<meta name=\"twitter:data1\" content=\"Anna Starek-Wr\u00f3bel\" \/>\n\t<meta name=\"twitter:label2\" content=\"Szacowany czas czytania\" \/>\n\t<meta name=\"twitter:data2\" content=\"3 minuty\" \/>\n<script type=\"application\/ld+json\" class=\"yoast-schema-graph\">{\"@context\":\"https:\\\/\\\/schema.org\",\"@graph\":[{\"@type\":\"Article\",\"@id\":\"https:\\\/\\\/jdm.pl\\\/blog\\\/czy-optymalizowac-zdjecia-przed-dodaniem-do-wordpressa\\\/#article\",\"isPartOf\":{\"@id\":\"https:\\\/\\\/jdm.pl\\\/blog\\\/czy-optymalizowac-zdjecia-przed-dodaniem-do-wordpressa\\\/\"},\"author\":{\"name\":\"Anna Starek-Wr\u00f3bel\",\"@id\":\"https:\\\/\\\/jdm.pl\\\/blog\\\/#\\\/schema\\\/person\\\/26e7a9c6f5b416eabcfed62ee02685c0\"},\"headline\":\"Czy optymalizowa\u0107 zdj\u0119cia przed dodaniem do WordPressa\",\"datePublished\":\"2024-02-13T18:36:06+00:00\",\"dateModified\":\"2024-02-23T17:23:35+00:00\",\"mainEntityOfPage\":{\"@id\":\"https:\\\/\\\/jdm.pl\\\/blog\\\/czy-optymalizowac-zdjecia-przed-dodaniem-do-wordpressa\\\/\"},\"wordCount\":435,\"commentCount\":0,\"image\":{\"@id\":\"https:\\\/\\\/jdm.pl\\\/blog\\\/czy-optymalizowac-zdjecia-przed-dodaniem-do-wordpressa\\\/#primaryimage\"},\"thumbnailUrl\":\"https:\\\/\\\/jdm.pl\\\/blog\\\/wp-content\\\/uploads\\\/2024\\\/02\\\/wordpress.png\",\"keywords\":[\"obrazy\",\"wygl\u0105d strony\"],\"articleSection\":[\"WordPress\"],\"inLanguage\":\"pl-PL\",\"potentialAction\":[{\"@type\":\"CommentAction\",\"name\":\"Comment\",\"target\":[\"https:\\\/\\\/jdm.pl\\\/blog\\\/czy-optymalizowac-zdjecia-przed-dodaniem-do-wordpressa\\\/#respond\"]}]},{\"@type\":\"WebPage\",\"@id\":\"https:\\\/\\\/jdm.pl\\\/blog\\\/czy-optymalizowac-zdjecia-przed-dodaniem-do-wordpressa\\\/\",\"url\":\"https:\\\/\\\/jdm.pl\\\/blog\\\/czy-optymalizowac-zdjecia-przed-dodaniem-do-wordpressa\\\/\",\"name\":\"Czy optymalizowa\u0107 zdj\u0119cia przed dodaniem do WordPressa - Blog jdm.pl\",\"isPartOf\":{\"@id\":\"https:\\\/\\\/jdm.pl\\\/blog\\\/#website\"},\"primaryImageOfPage\":{\"@id\":\"https:\\\/\\\/jdm.pl\\\/blog\\\/czy-optymalizowac-zdjecia-przed-dodaniem-do-wordpressa\\\/#primaryimage\"},\"image\":{\"@id\":\"https:\\\/\\\/jdm.pl\\\/blog\\\/czy-optymalizowac-zdjecia-przed-dodaniem-do-wordpressa\\\/#primaryimage\"},\"thumbnailUrl\":\"https:\\\/\\\/jdm.pl\\\/blog\\\/wp-content\\\/uploads\\\/2024\\\/02\\\/wordpress.png\",\"datePublished\":\"2024-02-13T18:36:06+00:00\",\"dateModified\":\"2024-02-23T17:23:35+00:00\",\"author\":{\"@id\":\"https:\\\/\\\/jdm.pl\\\/blog\\\/#\\\/schema\\\/person\\\/26e7a9c6f5b416eabcfed62ee02685c0\"},\"description\":\"Czy optymalizowa\u0107 zdj\u0119cia przed dodaniem do WordPressa - a je\u017celi tak, to jak zrobi\u0107 to ca\u0142kowicie za darmo?\",\"breadcrumb\":{\"@id\":\"https:\\\/\\\/jdm.pl\\\/blog\\\/czy-optymalizowac-zdjecia-przed-dodaniem-do-wordpressa\\\/#breadcrumb\"},\"inLanguage\":\"pl-PL\",\"potentialAction\":[{\"@type\":\"ReadAction\",\"target\":[\"https:\\\/\\\/jdm.pl\\\/blog\\\/czy-optymalizowac-zdjecia-przed-dodaniem-do-wordpressa\\\/\"]}]},{\"@type\":\"ImageObject\",\"inLanguage\":\"pl-PL\",\"@id\":\"https:\\\/\\\/jdm.pl\\\/blog\\\/czy-optymalizowac-zdjecia-przed-dodaniem-do-wordpressa\\\/#primaryimage\",\"url\":\"https:\\\/\\\/jdm.pl\\\/blog\\\/wp-content\\\/uploads\\\/2024\\\/02\\\/wordpress.png\",\"contentUrl\":\"https:\\\/\\\/jdm.pl\\\/blog\\\/wp-content\\\/uploads\\\/2024\\\/02\\\/wordpress.png\",\"width\":1200,\"height\":630},{\"@type\":\"BreadcrumbList\",\"@id\":\"https:\\\/\\\/jdm.pl\\\/blog\\\/czy-optymalizowac-zdjecia-przed-dodaniem-do-wordpressa\\\/#breadcrumb\",\"itemListElement\":[{\"@type\":\"ListItem\",\"position\":1,\"name\":\"Strona g\u0142\u00f3wna\",\"item\":\"https:\\\/\\\/jdm.pl\\\/blog\\\/\"},{\"@type\":\"ListItem\",\"position\":2,\"name\":\"Czy optymalizowa\u0107 zdj\u0119cia przed dodaniem do WordPressa\"}]},{\"@type\":\"WebSite\",\"@id\":\"https:\\\/\\\/jdm.pl\\\/blog\\\/#website\",\"url\":\"https:\\\/\\\/jdm.pl\\\/blog\\\/\",\"name\":\"Blog jdm.pl\",\"description\":\"WordPress tutoriale i porady\",\"potentialAction\":[{\"@type\":\"SearchAction\",\"target\":{\"@type\":\"EntryPoint\",\"urlTemplate\":\"https:\\\/\\\/jdm.pl\\\/blog\\\/?s={search_term_string}\"},\"query-input\":{\"@type\":\"PropertyValueSpecification\",\"valueRequired\":true,\"valueName\":\"search_term_string\"}}],\"inLanguage\":\"pl-PL\"},{\"@type\":\"Person\",\"@id\":\"https:\\\/\\\/jdm.pl\\\/blog\\\/#\\\/schema\\\/person\\\/26e7a9c6f5b416eabcfed62ee02685c0\",\"name\":\"Anna Starek-Wr\u00f3bel\",\"image\":{\"@type\":\"ImageObject\",\"inLanguage\":\"pl-PL\",\"@id\":\"https:\\\/\\\/secure.gravatar.com\\\/avatar\\\/c514af5a4b2affc5fccce6e1cf2e2d03eb6489cfbf462552eee35a68ed106974?s=96&d=mm&r=g\",\"url\":\"https:\\\/\\\/secure.gravatar.com\\\/avatar\\\/c514af5a4b2affc5fccce6e1cf2e2d03eb6489cfbf462552eee35a68ed106974?s=96&d=mm&r=g\",\"contentUrl\":\"https:\\\/\\\/secure.gravatar.com\\\/avatar\\\/c514af5a4b2affc5fccce6e1cf2e2d03eb6489cfbf462552eee35a68ed106974?s=96&d=mm&r=g\",\"caption\":\"Anna Starek-Wr\u00f3bel\"},\"sameAs\":[\"https:\\\/\\\/cmo.im\"],\"url\":\"https:\\\/\\\/jdm.pl\\\/blog\\\/author\\\/anna-starek\\\/\"}]}<\/script>\n<!-- \/ Yoast SEO plugin. -->","yoast_head_json":{"title":"Czy optymalizowa\u0107 zdj\u0119cia przed dodaniem do WordPressa - Blog jdm.pl","description":"Czy optymalizowa\u0107 zdj\u0119cia przed dodaniem do WordPressa - a je\u017celi tak, to jak zrobi\u0107 to ca\u0142kowicie za darmo?","robots":{"index":"index","follow":"follow","max-snippet":"max-snippet:-1","max-image-preview":"max-image-preview:large","max-video-preview":"max-video-preview:-1"},"canonical":"https:\/\/jdm.pl\/blog\/czy-optymalizowac-zdjecia-przed-dodaniem-do-wordpressa\/","og_locale":"pl_PL","og_type":"article","og_title":"Czy optymalizowa\u0107 zdj\u0119cia przed dodaniem do WordPressa - Blog jdm.pl","og_description":"Czy optymalizowa\u0107 zdj\u0119cia przed dodaniem do WordPressa - a je\u017celi tak, to jak zrobi\u0107 to ca\u0142kowicie za darmo?","og_url":"https:\/\/jdm.pl\/blog\/czy-optymalizowac-zdjecia-przed-dodaniem-do-wordpressa\/","og_site_name":"Blog jdm.pl","article_published_time":"2024-02-13T18:36:06+00:00","article_modified_time":"2024-02-23T17:23:35+00:00","og_image":[{"width":1200,"height":630,"url":"https:\/\/jdm.pl\/blog\/wp-content\/uploads\/2024\/02\/wordpress.png","type":"image\/png"}],"author":"Anna Starek-Wr\u00f3bel","twitter_card":"summary_large_image","twitter_misc":{"Napisane przez":"Anna Starek-Wr\u00f3bel","Szacowany czas czytania":"3 minuty"},"schema":{"@context":"https:\/\/schema.org","@graph":[{"@type":"Article","@id":"https:\/\/jdm.pl\/blog\/czy-optymalizowac-zdjecia-przed-dodaniem-do-wordpressa\/#article","isPartOf":{"@id":"https:\/\/jdm.pl\/blog\/czy-optymalizowac-zdjecia-przed-dodaniem-do-wordpressa\/"},"author":{"name":"Anna Starek-Wr\u00f3bel","@id":"https:\/\/jdm.pl\/blog\/#\/schema\/person\/26e7a9c6f5b416eabcfed62ee02685c0"},"headline":"Czy optymalizowa\u0107 zdj\u0119cia przed dodaniem do WordPressa","datePublished":"2024-02-13T18:36:06+00:00","dateModified":"2024-02-23T17:23:35+00:00","mainEntityOfPage":{"@id":"https:\/\/jdm.pl\/blog\/czy-optymalizowac-zdjecia-przed-dodaniem-do-wordpressa\/"},"wordCount":435,"commentCount":0,"image":{"@id":"https:\/\/jdm.pl\/blog\/czy-optymalizowac-zdjecia-przed-dodaniem-do-wordpressa\/#primaryimage"},"thumbnailUrl":"https:\/\/jdm.pl\/blog\/wp-content\/uploads\/2024\/02\/wordpress.png","keywords":["obrazy","wygl\u0105d strony"],"articleSection":["WordPress"],"inLanguage":"pl-PL","potentialAction":[{"@type":"CommentAction","name":"Comment","target":["https:\/\/jdm.pl\/blog\/czy-optymalizowac-zdjecia-przed-dodaniem-do-wordpressa\/#respond"]}]},{"@type":"WebPage","@id":"https:\/\/jdm.pl\/blog\/czy-optymalizowac-zdjecia-przed-dodaniem-do-wordpressa\/","url":"https:\/\/jdm.pl\/blog\/czy-optymalizowac-zdjecia-przed-dodaniem-do-wordpressa\/","name":"Czy optymalizowa\u0107 zdj\u0119cia przed dodaniem do WordPressa - Blog jdm.pl","isPartOf":{"@id":"https:\/\/jdm.pl\/blog\/#website"},"primaryImageOfPage":{"@id":"https:\/\/jdm.pl\/blog\/czy-optymalizowac-zdjecia-przed-dodaniem-do-wordpressa\/#primaryimage"},"image":{"@id":"https:\/\/jdm.pl\/blog\/czy-optymalizowac-zdjecia-przed-dodaniem-do-wordpressa\/#primaryimage"},"thumbnailUrl":"https:\/\/jdm.pl\/blog\/wp-content\/uploads\/2024\/02\/wordpress.png","datePublished":"2024-02-13T18:36:06+00:00","dateModified":"2024-02-23T17:23:35+00:00","author":{"@id":"https:\/\/jdm.pl\/blog\/#\/schema\/person\/26e7a9c6f5b416eabcfed62ee02685c0"},"description":"Czy optymalizowa\u0107 zdj\u0119cia przed dodaniem do WordPressa - a je\u017celi tak, to jak zrobi\u0107 to ca\u0142kowicie za darmo?","breadcrumb":{"@id":"https:\/\/jdm.pl\/blog\/czy-optymalizowac-zdjecia-przed-dodaniem-do-wordpressa\/#breadcrumb"},"inLanguage":"pl-PL","potentialAction":[{"@type":"ReadAction","target":["https:\/\/jdm.pl\/blog\/czy-optymalizowac-zdjecia-przed-dodaniem-do-wordpressa\/"]}]},{"@type":"ImageObject","inLanguage":"pl-PL","@id":"https:\/\/jdm.pl\/blog\/czy-optymalizowac-zdjecia-przed-dodaniem-do-wordpressa\/#primaryimage","url":"https:\/\/jdm.pl\/blog\/wp-content\/uploads\/2024\/02\/wordpress.png","contentUrl":"https:\/\/jdm.pl\/blog\/wp-content\/uploads\/2024\/02\/wordpress.png","width":1200,"height":630},{"@type":"BreadcrumbList","@id":"https:\/\/jdm.pl\/blog\/czy-optymalizowac-zdjecia-przed-dodaniem-do-wordpressa\/#breadcrumb","itemListElement":[{"@type":"ListItem","position":1,"name":"Strona g\u0142\u00f3wna","item":"https:\/\/jdm.pl\/blog\/"},{"@type":"ListItem","position":2,"name":"Czy optymalizowa\u0107 zdj\u0119cia przed dodaniem do WordPressa"}]},{"@type":"WebSite","@id":"https:\/\/jdm.pl\/blog\/#website","url":"https:\/\/jdm.pl\/blog\/","name":"Blog jdm.pl","description":"WordPress tutoriale i porady","potentialAction":[{"@type":"SearchAction","target":{"@type":"EntryPoint","urlTemplate":"https:\/\/jdm.pl\/blog\/?s={search_term_string}"},"query-input":{"@type":"PropertyValueSpecification","valueRequired":true,"valueName":"search_term_string"}}],"inLanguage":"pl-PL"},{"@type":"Person","@id":"https:\/\/jdm.pl\/blog\/#\/schema\/person\/26e7a9c6f5b416eabcfed62ee02685c0","name":"Anna Starek-Wr\u00f3bel","image":{"@type":"ImageObject","inLanguage":"pl-PL","@id":"https:\/\/secure.gravatar.com\/avatar\/c514af5a4b2affc5fccce6e1cf2e2d03eb6489cfbf462552eee35a68ed106974?s=96&d=mm&r=g","url":"https:\/\/secure.gravatar.com\/avatar\/c514af5a4b2affc5fccce6e1cf2e2d03eb6489cfbf462552eee35a68ed106974?s=96&d=mm&r=g","contentUrl":"https:\/\/secure.gravatar.com\/avatar\/c514af5a4b2affc5fccce6e1cf2e2d03eb6489cfbf462552eee35a68ed106974?s=96&d=mm&r=g","caption":"Anna Starek-Wr\u00f3bel"},"sameAs":["https:\/\/cmo.im"],"url":"https:\/\/jdm.pl\/blog\/author\/anna-starek\/"}]}},"jetpack_featured_media_url":"https:\/\/jdm.pl\/blog\/wp-content\/uploads\/2024\/02\/wordpress.png","uagb_featured_image_src":{"full":["https:\/\/jdm.pl\/blog\/wp-content\/uploads\/2024\/02\/wordpress.png",1200,630,false],"thumbnail":["https:\/\/jdm.pl\/blog\/wp-content\/uploads\/2024\/02\/wordpress-150x150.png",150,150,true],"medium":["https:\/\/jdm.pl\/blog\/wp-content\/uploads\/2024\/02\/wordpress-300x158.png",300,158,true],"medium_large":["https:\/\/jdm.pl\/blog\/wp-content\/uploads\/2024\/02\/wordpress-768x403.png",640,336,true],"large":["https:\/\/jdm.pl\/blog\/wp-content\/uploads\/2024\/02\/wordpress-1024x538.png",640,336,true],"hd_qu_size2":["https:\/\/jdm.pl\/blog\/wp-content\/uploads\/2024\/02\/wordpress-400x400.png",400,400,true],"1536x1536":["https:\/\/jdm.pl\/blog\/wp-content\/uploads\/2024\/02\/wordpress.png",1200,630,false],"2048x2048":["https:\/\/jdm.pl\/blog\/wp-content\/uploads\/2024\/02\/wordpress.png",1200,630,false],"sidebar-thumb":["https:\/\/jdm.pl\/blog\/wp-content\/uploads\/2024\/02\/wordpress-250x124.png",250,124,true]},"uagb_author_info":{"display_name":"Anna Starek-Wr\u00f3bel","author_link":"https:\/\/jdm.pl\/blog\/author\/anna-starek\/"},"uagb_comment_info":0,"uagb_excerpt":"Zbyt du\u017ce obrazy s\u0105 cz\u0119sto jedn\u0105 z g\u0142\u00f3wnych przyczyn wolnego czasu \u0142adowania strony. Dzieje si\u0119 tak dlatego, \u017ce przegl\u0105darka musi je pobra\u0107 i wy\u015bwietli\u0107 odbiorcom. Im pliki s\u0105 wi\u0119ksze, tym proces trwa d\u0142u\u017cej. A jak wiadomo nikt nie chce d\u0142ugo czeka\u0107. Dlatego wszystkie zdj\u0119cia powinny by\u0107 zoptymalizowane &#8211; i to przed dodaniem do WordPressa. Jaki&hellip;","jetpack_sharing_enabled":true,"_links":{"self":[{"href":"https:\/\/jdm.pl\/blog\/wp-json\/wp\/v2\/posts\/3999","targetHints":{"allow":["GET"]}}],"collection":[{"href":"https:\/\/jdm.pl\/blog\/wp-json\/wp\/v2\/posts"}],"about":[{"href":"https:\/\/jdm.pl\/blog\/wp-json\/wp\/v2\/types\/post"}],"author":[{"embeddable":true,"href":"https:\/\/jdm.pl\/blog\/wp-json\/wp\/v2\/users\/4"}],"replies":[{"embeddable":true,"href":"https:\/\/jdm.pl\/blog\/wp-json\/wp\/v2\/comments?post=3999"}],"version-history":[{"count":2,"href":"https:\/\/jdm.pl\/blog\/wp-json\/wp\/v2\/posts\/3999\/revisions"}],"predecessor-version":[{"id":4024,"href":"https:\/\/jdm.pl\/blog\/wp-json\/wp\/v2\/posts\/3999\/revisions\/4024"}],"wp:featuredmedia":[{"embeddable":true,"href":"https:\/\/jdm.pl\/blog\/wp-json\/wp\/v2\/media\/4000"}],"wp:attachment":[{"href":"https:\/\/jdm.pl\/blog\/wp-json\/wp\/v2\/media?parent=3999"}],"wp:term":[{"taxonomy":"category","embeddable":true,"href":"https:\/\/jdm.pl\/blog\/wp-json\/wp\/v2\/categories?post=3999"},{"taxonomy":"post_tag","embeddable":true,"href":"https:\/\/jdm.pl\/blog\/wp-json\/wp\/v2\/tags?post=3999"}],"curies":[{"name":"wp","href":"https:\/\/api.w.org\/{rel}","templated":true}]}}