{"id":3469,"date":"2023-06-09T15:00:26","date_gmt":"2023-06-09T13:00:26","guid":{"rendered":"https:\/\/jdm.pl\/blog\/?p=3469"},"modified":"2023-06-24T17:14:43","modified_gmt":"2023-06-24T15:14:43","slug":"zmiana-strefy-czasowej-w-wordpressie","status":"publish","type":"post","link":"https:\/\/jdm.pl\/blog\/zmiana-strefy-czasowej-w-wordpressie\/","title":{"rendered":"Jak zmieni\u0107 stref\u0119 czasow\u0105 w WordPressie"},"content":{"rendered":"\n<p>Niekiedy zachodzi konieczno\u015b\u0107 zmiany strefy czasowej w WordPressie i z r\u00f3\u017cnych przyczyn dla niekt\u00f3rych w\u0142a\u015bcicieli serwis\u00f3w, ta modyfikacja mo\u017ce okaza\u0107 si\u0119 po\u017cyteczna. Oto jak w prosty spos\u00f3b zmieni\u0107 stref\u0119 czasow\u0105 w WordPressie. Jest to opcja natywna, nie s\u0105 wymagane \u017cadne dodatkowe pluginy. <\/p>\n\n\n\t\t\t\t<div class=\"wp-block-uagb-table-of-contents uagb-toc__align-left uagb-toc__columns-1  uagb-block-7952e19a      \"\n\t\t\t\t\tdata-scroll= \"1\"\n\t\t\t\t\tdata-offset= \"30\"\n\t\t\t\t\tstyle=\"\"\n\t\t\t\t>\n\t\t\t\t<div class=\"uagb-toc__wrap\">\n\t\t\t\t\t\t<div class=\"uagb-toc__title\">\n\t\t\t\t\t\t\tZ tego artyku\u0142u dowiesz si\u0119\t\t\t\t\t\t<\/div>\n\t\t\t\t\t\t\t\t\t\t\t\t\t\t\t\t\t\t\t\t\t\t<div class=\"uagb-toc__list-wrap \">\n\t\t\t\t\t\t<ol class=\"uagb-toc__list\"><li class=\"uagb-toc__list\"><a href=\"#czym-jest-strefa-czasowa-i-na-co-wp\u0142ywa\" class=\"uagb-toc-link__trigger\">Czym jest strefa czasowa i na co wp\u0142ywa<\/a><li class=\"uagb-toc__list\"><a href=\"#jak-zmieni\u0107-stref\u0119-czasow\u0105-w-wordpressie\" class=\"uagb-toc-link__trigger\">Jak zmieni\u0107 stref\u0119 czasow\u0105 w WordPressie<\/a><\/ol>\t\t\t\t\t<\/div>\n\t\t\t\t\t\t\t\t\t<\/div>\n\t\t\t\t<\/div>\n\t\t\t\n\n\n<h2 class=\"wp-block-heading has-text-align-center\">Czym jest strefa czasowa i na co wp\u0142ywa<\/h2>\n\n\n\n<p>Za stref\u0119 czasow\u0105 przyjmujemy umowny obszar powierzchni Ziemi, kt\u00f3ry rozci\u0105ga si\u0119 po\u0142udnikowo pomi\u0119dzy biegunami. W takim obszarze urz\u0119dowo obowi\u0105zuje czas wsp\u00f3lny dla ca\u0142ej strefy.  WordPress pobiera stref\u0119 czasow\u0105 automatycznie (z ustawie\u0144 serwera) i dla wygody strefa czasowa powinna by\u0107 ona zgodna ze stref\u0105 czasow\u0105 <a href=\"https:\/\/jdm.pl\/blog\/czym-jest-grupa-docelowa-i-dlaczego-jest-wazna-dla-strony-na-wordpressie\/\" target=\"_blank\" rel=\"noreferrer noopener\">g\u0142\u00f3wnych odbiorc\u00f3w tre\u015bci<\/a>, czyli grupy docelowej. Ma to wp\u0142yw np. na wy\u015bwietlenie daty i godziny publikacji wpisu czy np. ko\u0144ca promocji w WooCommerce. <\/p>\n\n\n\n<h2 class=\"wp-block-heading has-text-align-center\">Jak zmieni\u0107 stref\u0119 czasow\u0105 w WordPressie<\/h2>\n\n\n\n<p>Stref\u0119 czasow\u0105 wybieramy przechodz\u0105c w Kokpicie do <em>Ustawie\u0144<\/em>, nast\u0119pnie w sekcji <em>Og\u00f3lne<\/em> rozwijamy list\u0119 z miastami. Poni\u017cej WordPress podpowie nam, jaki jest czas uniwersalny, lokalny i kiedy rozpocznie si\u0119 czas letni lub zimowy. <\/p>\n\n\n\n<figure class=\"wp-block-image size-full\"><img loading=\"lazy\" decoding=\"async\" width=\"868\" height=\"218\" src=\"https:\/\/jdm.pl\/blog\/wp-content\/uploads\/2023\/06\/strefa2.png\" alt=\"\" class=\"wp-image-3470\" srcset=\"https:\/\/jdm.pl\/blog\/wp-content\/uploads\/2023\/06\/strefa2.png 868w, https:\/\/jdm.pl\/blog\/wp-content\/uploads\/2023\/06\/strefa2-300x75.png 300w, https:\/\/jdm.pl\/blog\/wp-content\/uploads\/2023\/06\/strefa2-768x193.png 768w\" sizes=\"auto, (max-width: 868px) 100vw, 868px\" \/><\/figure>\n\n\n\n<p>Teraz wystarczy zapisa\u0107 zmiany i gotowe. Stref\u0119 czasow\u0105 mo\u017cemy zmienia\u0107 wielokrotnie, chocia\u017c nie jest to zalecane. W wi\u0119kszo\u015bci przypadk\u00f3w strefa czasowa wy\u015bwietlana jest prawid\u0142owo i jedynie musimy wybra\u0107 odpowiedni <a href=\"https:\/\/jdm.pl\/blog\/jak-zmienic-format-daty-i-czasu-w-wordpressie\/\" target=\"_blank\" rel=\"noreferrer noopener\">format daty i godziny<\/a>. <\/p>\n\n\n\n<p><\/p>\n","protected":false},"excerpt":{"rendered":"<p>Niekiedy zachodzi konieczno\u015b\u0107 zmiany strefy czasowej w WordPressie i z r\u00f3\u017cnych przyczyn dla niekt\u00f3rych w\u0142a\u015bcicieli serwis\u00f3w, ta modyfikacja mo\u017ce okaza\u0107 si\u0119 po\u017cyteczna. Oto jak w prosty spos\u00f3b zmieni\u0107 stref\u0119 czasow\u0105 w WordPressie. Jest to opcja natywna, nie s\u0105 wymagane \u017cadne dodatkowe pluginy. Czym jest strefa czasowa i na co wp\u0142ywa Za stref\u0119 czasow\u0105 przyjmujemy umowny [&hellip;]<\/p>\n","protected":false},"author":4,"featured_media":3471,"comment_status":"open","ping_status":"open","sticky":false,"template":"","format":"standard","meta":{"_uag_custom_page_level_css":"","_exactmetrics_skip_tracking":false,"_exactmetrics_sitenote_active":false,"_exactmetrics_sitenote_note":"","_exactmetrics_sitenote_category":0,"_jetpack_memberships_contains_paid_content":false,"footnotes":""},"categories":[3],"tags":[12],"class_list":["post-3469","post","type-post","status-publish","format-standard","has-post-thumbnail","hentry","category-wordpress","tag-dla-blogerow"],"yoast_head":"<!-- This site is optimized with the Yoast SEO plugin v27.5 - https:\/\/yoast.com\/product\/yoast-seo-wordpress\/ -->\n<title>Jak zmieni\u0107 stref\u0119 czasow\u0105 w WordPressie - Blog jdm.pl<\/title>\n<meta name=\"description\" content=\"Strefa czasowa w WordPressie - jak j\u0105 szybko zmieni\u0107 bez u\u017cycia dodatkowych wtyczek. Przeczytaj nasz kr\u00f3tki poradnik.\" \/>\n<meta name=\"robots\" content=\"index, follow, max-snippet:-1, max-image-preview:large, max-video-preview:-1\" \/>\n<link rel=\"canonical\" href=\"https:\/\/jdm.pl\/blog\/zmiana-strefy-czasowej-w-wordpressie\/\" \/>\n<meta property=\"og:locale\" content=\"pl_PL\" \/>\n<meta property=\"og:type\" content=\"article\" \/>\n<meta property=\"og:title\" content=\"Jak zmieni\u0107 stref\u0119 czasow\u0105 w WordPressie - Blog jdm.pl\" \/>\n<meta property=\"og:description\" content=\"Strefa czasowa w WordPressie - jak j\u0105 szybko zmieni\u0107 bez u\u017cycia dodatkowych wtyczek. Przeczytaj nasz kr\u00f3tki poradnik.\" \/>\n<meta property=\"og:url\" content=\"https:\/\/jdm.pl\/blog\/zmiana-strefy-czasowej-w-wordpressie\/\" \/>\n<meta property=\"og:site_name\" content=\"Blog jdm.pl\" \/>\n<meta property=\"article:published_time\" content=\"2023-06-09T13:00:26+00:00\" \/>\n<meta property=\"article:modified_time\" content=\"2023-06-24T15:14:43+00:00\" \/>\n<meta property=\"og:image\" content=\"https:\/\/jdm.pl\/blog\/wp-content\/uploads\/2023\/06\/strefa.png\" \/>\n\t<meta property=\"og:image:width\" content=\"1200\" \/>\n\t<meta property=\"og:image:height\" content=\"630\" \/>\n\t<meta property=\"og:image:type\" content=\"image\/png\" \/>\n<meta name=\"author\" content=\"Anna Starek-Wr\u00f3bel\" \/>\n<meta name=\"twitter:card\" content=\"summary_large_image\" \/>\n<meta name=\"twitter:label1\" content=\"Napisane przez\" \/>\n\t<meta name=\"twitter:data1\" content=\"Anna Starek-Wr\u00f3bel\" \/>\n\t<meta name=\"twitter:label2\" content=\"Szacowany czas czytania\" \/>\n\t<meta name=\"twitter:data2\" content=\"2 minuty\" \/>\n<script type=\"application\/ld+json\" class=\"yoast-schema-graph\">{\"@context\":\"https:\\\/\\\/schema.org\",\"@graph\":[{\"@type\":\"Article\",\"@id\":\"https:\\\/\\\/jdm.pl\\\/blog\\\/zmiana-strefy-czasowej-w-wordpressie\\\/#article\",\"isPartOf\":{\"@id\":\"https:\\\/\\\/jdm.pl\\\/blog\\\/zmiana-strefy-czasowej-w-wordpressie\\\/\"},\"author\":{\"name\":\"Anna Starek-Wr\u00f3bel\",\"@id\":\"https:\\\/\\\/jdm.pl\\\/blog\\\/#\\\/schema\\\/person\\\/26e7a9c6f5b416eabcfed62ee02685c0\"},\"headline\":\"Jak zmieni\u0107 stref\u0119 czasow\u0105 w WordPressie\",\"datePublished\":\"2023-06-09T13:00:26+00:00\",\"dateModified\":\"2023-06-24T15:14:43+00:00\",\"mainEntityOfPage\":{\"@id\":\"https:\\\/\\\/jdm.pl\\\/blog\\\/zmiana-strefy-czasowej-w-wordpressie\\\/\"},\"wordCount\":228,\"commentCount\":0,\"image\":{\"@id\":\"https:\\\/\\\/jdm.pl\\\/blog\\\/zmiana-strefy-czasowej-w-wordpressie\\\/#primaryimage\"},\"thumbnailUrl\":\"https:\\\/\\\/jdm.pl\\\/blog\\\/wp-content\\\/uploads\\\/2023\\\/06\\\/strefa.png\",\"keywords\":[\"dla bloger\u00f3w\"],\"articleSection\":[\"WordPress\"],\"inLanguage\":\"pl-PL\",\"potentialAction\":[{\"@type\":\"CommentAction\",\"name\":\"Comment\",\"target\":[\"https:\\\/\\\/jdm.pl\\\/blog\\\/zmiana-strefy-czasowej-w-wordpressie\\\/#respond\"]}]},{\"@type\":\"WebPage\",\"@id\":\"https:\\\/\\\/jdm.pl\\\/blog\\\/zmiana-strefy-czasowej-w-wordpressie\\\/\",\"url\":\"https:\\\/\\\/jdm.pl\\\/blog\\\/zmiana-strefy-czasowej-w-wordpressie\\\/\",\"name\":\"Jak zmieni\u0107 stref\u0119 czasow\u0105 w WordPressie - Blog jdm.pl\",\"isPartOf\":{\"@id\":\"https:\\\/\\\/jdm.pl\\\/blog\\\/#website\"},\"primaryImageOfPage\":{\"@id\":\"https:\\\/\\\/jdm.pl\\\/blog\\\/zmiana-strefy-czasowej-w-wordpressie\\\/#primaryimage\"},\"image\":{\"@id\":\"https:\\\/\\\/jdm.pl\\\/blog\\\/zmiana-strefy-czasowej-w-wordpressie\\\/#primaryimage\"},\"thumbnailUrl\":\"https:\\\/\\\/jdm.pl\\\/blog\\\/wp-content\\\/uploads\\\/2023\\\/06\\\/strefa.png\",\"datePublished\":\"2023-06-09T13:00:26+00:00\",\"dateModified\":\"2023-06-24T15:14:43+00:00\",\"author\":{\"@id\":\"https:\\\/\\\/jdm.pl\\\/blog\\\/#\\\/schema\\\/person\\\/26e7a9c6f5b416eabcfed62ee02685c0\"},\"description\":\"Strefa czasowa w WordPressie - jak j\u0105 szybko zmieni\u0107 bez u\u017cycia dodatkowych wtyczek. Przeczytaj nasz kr\u00f3tki poradnik.\",\"breadcrumb\":{\"@id\":\"https:\\\/\\\/jdm.pl\\\/blog\\\/zmiana-strefy-czasowej-w-wordpressie\\\/#breadcrumb\"},\"inLanguage\":\"pl-PL\",\"potentialAction\":[{\"@type\":\"ReadAction\",\"target\":[\"https:\\\/\\\/jdm.pl\\\/blog\\\/zmiana-strefy-czasowej-w-wordpressie\\\/\"]}]},{\"@type\":\"ImageObject\",\"inLanguage\":\"pl-PL\",\"@id\":\"https:\\\/\\\/jdm.pl\\\/blog\\\/zmiana-strefy-czasowej-w-wordpressie\\\/#primaryimage\",\"url\":\"https:\\\/\\\/jdm.pl\\\/blog\\\/wp-content\\\/uploads\\\/2023\\\/06\\\/strefa.png\",\"contentUrl\":\"https:\\\/\\\/jdm.pl\\\/blog\\\/wp-content\\\/uploads\\\/2023\\\/06\\\/strefa.png\",\"width\":1200,\"height\":630},{\"@type\":\"BreadcrumbList\",\"@id\":\"https:\\\/\\\/jdm.pl\\\/blog\\\/zmiana-strefy-czasowej-w-wordpressie\\\/#breadcrumb\",\"itemListElement\":[{\"@type\":\"ListItem\",\"position\":1,\"name\":\"Strona g\u0142\u00f3wna\",\"item\":\"https:\\\/\\\/jdm.pl\\\/blog\\\/\"},{\"@type\":\"ListItem\",\"position\":2,\"name\":\"Jak zmieni\u0107 stref\u0119 czasow\u0105 w WordPressie\"}]},{\"@type\":\"WebSite\",\"@id\":\"https:\\\/\\\/jdm.pl\\\/blog\\\/#website\",\"url\":\"https:\\\/\\\/jdm.pl\\\/blog\\\/\",\"name\":\"Blog jdm.pl\",\"description\":\"WordPress tutoriale i porady\",\"potentialAction\":[{\"@type\":\"SearchAction\",\"target\":{\"@type\":\"EntryPoint\",\"urlTemplate\":\"https:\\\/\\\/jdm.pl\\\/blog\\\/?s={search_term_string}\"},\"query-input\":{\"@type\":\"PropertyValueSpecification\",\"valueRequired\":true,\"valueName\":\"search_term_string\"}}],\"inLanguage\":\"pl-PL\"},{\"@type\":\"Person\",\"@id\":\"https:\\\/\\\/jdm.pl\\\/blog\\\/#\\\/schema\\\/person\\\/26e7a9c6f5b416eabcfed62ee02685c0\",\"name\":\"Anna Starek-Wr\u00f3bel\",\"image\":{\"@type\":\"ImageObject\",\"inLanguage\":\"pl-PL\",\"@id\":\"https:\\\/\\\/secure.gravatar.com\\\/avatar\\\/c514af5a4b2affc5fccce6e1cf2e2d03eb6489cfbf462552eee35a68ed106974?s=96&d=mm&r=g\",\"url\":\"https:\\\/\\\/secure.gravatar.com\\\/avatar\\\/c514af5a4b2affc5fccce6e1cf2e2d03eb6489cfbf462552eee35a68ed106974?s=96&d=mm&r=g\",\"contentUrl\":\"https:\\\/\\\/secure.gravatar.com\\\/avatar\\\/c514af5a4b2affc5fccce6e1cf2e2d03eb6489cfbf462552eee35a68ed106974?s=96&d=mm&r=g\",\"caption\":\"Anna Starek-Wr\u00f3bel\"},\"sameAs\":[\"https:\\\/\\\/cmo.im\"],\"url\":\"https:\\\/\\\/jdm.pl\\\/blog\\\/author\\\/anna-starek\\\/\"}]}<\/script>\n<!-- \/ Yoast SEO plugin. -->","yoast_head_json":{"title":"Jak zmieni\u0107 stref\u0119 czasow\u0105 w WordPressie - Blog jdm.pl","description":"Strefa czasowa w WordPressie - jak j\u0105 szybko zmieni\u0107 bez u\u017cycia dodatkowych wtyczek. Przeczytaj nasz kr\u00f3tki poradnik.","robots":{"index":"index","follow":"follow","max-snippet":"max-snippet:-1","max-image-preview":"max-image-preview:large","max-video-preview":"max-video-preview:-1"},"canonical":"https:\/\/jdm.pl\/blog\/zmiana-strefy-czasowej-w-wordpressie\/","og_locale":"pl_PL","og_type":"article","og_title":"Jak zmieni\u0107 stref\u0119 czasow\u0105 w WordPressie - Blog jdm.pl","og_description":"Strefa czasowa w WordPressie - jak j\u0105 szybko zmieni\u0107 bez u\u017cycia dodatkowych wtyczek. Przeczytaj nasz kr\u00f3tki poradnik.","og_url":"https:\/\/jdm.pl\/blog\/zmiana-strefy-czasowej-w-wordpressie\/","og_site_name":"Blog jdm.pl","article_published_time":"2023-06-09T13:00:26+00:00","article_modified_time":"2023-06-24T15:14:43+00:00","og_image":[{"width":1200,"height":630,"url":"https:\/\/jdm.pl\/blog\/wp-content\/uploads\/2023\/06\/strefa.png","type":"image\/png"}],"author":"Anna Starek-Wr\u00f3bel","twitter_card":"summary_large_image","twitter_misc":{"Napisane przez":"Anna Starek-Wr\u00f3bel","Szacowany czas czytania":"2 minuty"},"schema":{"@context":"https:\/\/schema.org","@graph":[{"@type":"Article","@id":"https:\/\/jdm.pl\/blog\/zmiana-strefy-czasowej-w-wordpressie\/#article","isPartOf":{"@id":"https:\/\/jdm.pl\/blog\/zmiana-strefy-czasowej-w-wordpressie\/"},"author":{"name":"Anna Starek-Wr\u00f3bel","@id":"https:\/\/jdm.pl\/blog\/#\/schema\/person\/26e7a9c6f5b416eabcfed62ee02685c0"},"headline":"Jak zmieni\u0107 stref\u0119 czasow\u0105 w WordPressie","datePublished":"2023-06-09T13:00:26+00:00","dateModified":"2023-06-24T15:14:43+00:00","mainEntityOfPage":{"@id":"https:\/\/jdm.pl\/blog\/zmiana-strefy-czasowej-w-wordpressie\/"},"wordCount":228,"commentCount":0,"image":{"@id":"https:\/\/jdm.pl\/blog\/zmiana-strefy-czasowej-w-wordpressie\/#primaryimage"},"thumbnailUrl":"https:\/\/jdm.pl\/blog\/wp-content\/uploads\/2023\/06\/strefa.png","keywords":["dla bloger\u00f3w"],"articleSection":["WordPress"],"inLanguage":"pl-PL","potentialAction":[{"@type":"CommentAction","name":"Comment","target":["https:\/\/jdm.pl\/blog\/zmiana-strefy-czasowej-w-wordpressie\/#respond"]}]},{"@type":"WebPage","@id":"https:\/\/jdm.pl\/blog\/zmiana-strefy-czasowej-w-wordpressie\/","url":"https:\/\/jdm.pl\/blog\/zmiana-strefy-czasowej-w-wordpressie\/","name":"Jak zmieni\u0107 stref\u0119 czasow\u0105 w WordPressie - Blog jdm.pl","isPartOf":{"@id":"https:\/\/jdm.pl\/blog\/#website"},"primaryImageOfPage":{"@id":"https:\/\/jdm.pl\/blog\/zmiana-strefy-czasowej-w-wordpressie\/#primaryimage"},"image":{"@id":"https:\/\/jdm.pl\/blog\/zmiana-strefy-czasowej-w-wordpressie\/#primaryimage"},"thumbnailUrl":"https:\/\/jdm.pl\/blog\/wp-content\/uploads\/2023\/06\/strefa.png","datePublished":"2023-06-09T13:00:26+00:00","dateModified":"2023-06-24T15:14:43+00:00","author":{"@id":"https:\/\/jdm.pl\/blog\/#\/schema\/person\/26e7a9c6f5b416eabcfed62ee02685c0"},"description":"Strefa czasowa w WordPressie - jak j\u0105 szybko zmieni\u0107 bez u\u017cycia dodatkowych wtyczek. Przeczytaj nasz kr\u00f3tki poradnik.","breadcrumb":{"@id":"https:\/\/jdm.pl\/blog\/zmiana-strefy-czasowej-w-wordpressie\/#breadcrumb"},"inLanguage":"pl-PL","potentialAction":[{"@type":"ReadAction","target":["https:\/\/jdm.pl\/blog\/zmiana-strefy-czasowej-w-wordpressie\/"]}]},{"@type":"ImageObject","inLanguage":"pl-PL","@id":"https:\/\/jdm.pl\/blog\/zmiana-strefy-czasowej-w-wordpressie\/#primaryimage","url":"https:\/\/jdm.pl\/blog\/wp-content\/uploads\/2023\/06\/strefa.png","contentUrl":"https:\/\/jdm.pl\/blog\/wp-content\/uploads\/2023\/06\/strefa.png","width":1200,"height":630},{"@type":"BreadcrumbList","@id":"https:\/\/jdm.pl\/blog\/zmiana-strefy-czasowej-w-wordpressie\/#breadcrumb","itemListElement":[{"@type":"ListItem","position":1,"name":"Strona g\u0142\u00f3wna","item":"https:\/\/jdm.pl\/blog\/"},{"@type":"ListItem","position":2,"name":"Jak zmieni\u0107 stref\u0119 czasow\u0105 w WordPressie"}]},{"@type":"WebSite","@id":"https:\/\/jdm.pl\/blog\/#website","url":"https:\/\/jdm.pl\/blog\/","name":"Blog jdm.pl","description":"WordPress tutoriale i porady","potentialAction":[{"@type":"SearchAction","target":{"@type":"EntryPoint","urlTemplate":"https:\/\/jdm.pl\/blog\/?s={search_term_string}"},"query-input":{"@type":"PropertyValueSpecification","valueRequired":true,"valueName":"search_term_string"}}],"inLanguage":"pl-PL"},{"@type":"Person","@id":"https:\/\/jdm.pl\/blog\/#\/schema\/person\/26e7a9c6f5b416eabcfed62ee02685c0","name":"Anna Starek-Wr\u00f3bel","image":{"@type":"ImageObject","inLanguage":"pl-PL","@id":"https:\/\/secure.gravatar.com\/avatar\/c514af5a4b2affc5fccce6e1cf2e2d03eb6489cfbf462552eee35a68ed106974?s=96&d=mm&r=g","url":"https:\/\/secure.gravatar.com\/avatar\/c514af5a4b2affc5fccce6e1cf2e2d03eb6489cfbf462552eee35a68ed106974?s=96&d=mm&r=g","contentUrl":"https:\/\/secure.gravatar.com\/avatar\/c514af5a4b2affc5fccce6e1cf2e2d03eb6489cfbf462552eee35a68ed106974?s=96&d=mm&r=g","caption":"Anna Starek-Wr\u00f3bel"},"sameAs":["https:\/\/cmo.im"],"url":"https:\/\/jdm.pl\/blog\/author\/anna-starek\/"}]}},"jetpack_featured_media_url":"https:\/\/jdm.pl\/blog\/wp-content\/uploads\/2023\/06\/strefa.png","uagb_featured_image_src":{"full":["https:\/\/jdm.pl\/blog\/wp-content\/uploads\/2023\/06\/strefa.png",1200,630,false],"thumbnail":["https:\/\/jdm.pl\/blog\/wp-content\/uploads\/2023\/06\/strefa-150x150.png",150,150,true],"medium":["https:\/\/jdm.pl\/blog\/wp-content\/uploads\/2023\/06\/strefa-300x158.png",300,158,true],"medium_large":["https:\/\/jdm.pl\/blog\/wp-content\/uploads\/2023\/06\/strefa-768x403.png",640,336,true],"large":["https:\/\/jdm.pl\/blog\/wp-content\/uploads\/2023\/06\/strefa-1024x538.png",640,336,true],"hd_qu_size2":["https:\/\/jdm.pl\/blog\/wp-content\/uploads\/2023\/06\/strefa-400x400.png",400,400,true],"1536x1536":["https:\/\/jdm.pl\/blog\/wp-content\/uploads\/2023\/06\/strefa.png",1200,630,false],"2048x2048":["https:\/\/jdm.pl\/blog\/wp-content\/uploads\/2023\/06\/strefa.png",1200,630,false],"sidebar-thumb":["https:\/\/jdm.pl\/blog\/wp-content\/uploads\/2023\/06\/strefa-250x124.png",250,124,true]},"uagb_author_info":{"display_name":"Anna Starek-Wr\u00f3bel","author_link":"https:\/\/jdm.pl\/blog\/author\/anna-starek\/"},"uagb_comment_info":0,"uagb_excerpt":"Niekiedy zachodzi konieczno\u015b\u0107 zmiany strefy czasowej w WordPressie i z r\u00f3\u017cnych przyczyn dla niekt\u00f3rych w\u0142a\u015bcicieli serwis\u00f3w, ta modyfikacja mo\u017ce okaza\u0107 si\u0119 po\u017cyteczna. Oto jak w prosty spos\u00f3b zmieni\u0107 stref\u0119 czasow\u0105 w WordPressie. Jest to opcja natywna, nie s\u0105 wymagane \u017cadne dodatkowe pluginy. Czym jest strefa czasowa i na co wp\u0142ywa Za stref\u0119 czasow\u0105 przyjmujemy umowny&hellip;","jetpack_sharing_enabled":true,"_links":{"self":[{"href":"https:\/\/jdm.pl\/blog\/wp-json\/wp\/v2\/posts\/3469","targetHints":{"allow":["GET"]}}],"collection":[{"href":"https:\/\/jdm.pl\/blog\/wp-json\/wp\/v2\/posts"}],"about":[{"href":"https:\/\/jdm.pl\/blog\/wp-json\/wp\/v2\/types\/post"}],"author":[{"embeddable":true,"href":"https:\/\/jdm.pl\/blog\/wp-json\/wp\/v2\/users\/4"}],"replies":[{"embeddable":true,"href":"https:\/\/jdm.pl\/blog\/wp-json\/wp\/v2\/comments?post=3469"}],"version-history":[{"count":2,"href":"https:\/\/jdm.pl\/blog\/wp-json\/wp\/v2\/posts\/3469\/revisions"}],"predecessor-version":[{"id":3473,"href":"https:\/\/jdm.pl\/blog\/wp-json\/wp\/v2\/posts\/3469\/revisions\/3473"}],"wp:featuredmedia":[{"embeddable":true,"href":"https:\/\/jdm.pl\/blog\/wp-json\/wp\/v2\/media\/3471"}],"wp:attachment":[{"href":"https:\/\/jdm.pl\/blog\/wp-json\/wp\/v2\/media?parent=3469"}],"wp:term":[{"taxonomy":"category","embeddable":true,"href":"https:\/\/jdm.pl\/blog\/wp-json\/wp\/v2\/categories?post=3469"},{"taxonomy":"post_tag","embeddable":true,"href":"https:\/\/jdm.pl\/blog\/wp-json\/wp\/v2\/tags?post=3469"}],"curies":[{"name":"wp","href":"https:\/\/api.w.org\/{rel}","templated":true}]}}