{"id":3129,"date":"2023-04-14T01:04:52","date_gmt":"2023-04-13T23:04:52","guid":{"rendered":"https:\/\/jdm.pl\/blog\/?p=3129"},"modified":"2023-04-14T01:06:18","modified_gmt":"2023-04-13T23:06:18","slug":"jak-zmienic-format-daty-i-czasu-w-wordpressie","status":"publish","type":"post","link":"https:\/\/jdm.pl\/blog\/jak-zmienic-format-daty-i-czasu-w-wordpressie\/","title":{"rendered":"Jak zmieni\u0107 format daty i czasu w WordPressie"},"content":{"rendered":"\n<p>Jednym z wa\u017cnych sposob\u00f3w dostosowania WordPressa do potrzeb u\u017cytkownik\u00f3w jest zmiana formatu daty i godziny. Mo\u017cemy zmieni\u0107 stref\u0119 czasow\u0105 lub dostosowa\u0107 ustawienia daty i miesi\u0105ca do zwyczaj\u00f3w przyj\u0119tych w danym kraju. Mo\u017cemy te\u017c ukry\u0107 rok lub wy\u015bwietli\u0107 zegar 24-godzinny. Wszystko to zmienimy bez problemu w <a href=\"https:\/\/jdm.pl\/blog\/kokpit-wordpressa-vs-panel-klienta\/\" target=\"_blank\" rel=\"noreferrer noopener\">Kokpicie WordPressa<\/a>. To prosta i przydatna funkcja, chocia\u017c nie przez wszystkich u\u017cywana. A tymczasem zawsze warto zadba\u0107 o detale. <\/p>\n\n\n\t\t\t\t<div class=\"wp-block-uagb-table-of-contents uagb-toc__align-left uagb-toc__columns-1  uagb-block-d37db7f5      \"\n\t\t\t\t\tdata-scroll= \"1\"\n\t\t\t\t\tdata-offset= \"30\"\n\t\t\t\t\tstyle=\"\"\n\t\t\t\t>\n\t\t\t\t<div class=\"uagb-toc__wrap\">\n\t\t\t\t\t\t<div class=\"uagb-toc__title\">\n\t\t\t\t\t\t\tZ tego artyku\u0142u dowiesz si\u0119:\t\t\t\t\t\t<\/div>\n\t\t\t\t\t\t\t\t\t\t\t\t\t\t\t\t\t\t\t\t\t\t<div class=\"uagb-toc__list-wrap \">\n\t\t\t\t\t\t<ol class=\"uagb-toc__list\"><li class=\"uagb-toc__list\"><a href=\"#gdzie-wy\u015bwietla-si\u0119-data-i-czas-w-wordpressie\" class=\"uagb-toc-link__trigger\">Gdzie wy\u015bwietla si\u0119 data i czas w WordPressie<\/a><li class=\"uagb-toc__list\"><a href=\"#gdzie-zmieniamy-format-daty-i-czasu-w-wordpressie\" class=\"uagb-toc-link__trigger\">Gdzie zmieniamy format daty i czasu w WordPressie<\/a><li class=\"uagb-toc__list\"><a href=\"#jakie-formaty-mo\u017cemy-wybra\u0107\" class=\"uagb-toc-link__trigger\">Jakie formaty mo\u017cemy wybra\u0107<\/a><li class=\"uagb-toc__list\"><a href=\"#jak-ustawi\u0107-w\u0142asny-format-daty-oraz-godziny\" class=\"uagb-toc-link__trigger\">Jak ustawi\u0107 w\u0142asny format daty oraz godziny<\/a><\/ol>\t\t\t\t\t<\/div>\n\t\t\t\t\t\t\t\t\t<\/div>\n\t\t\t\t<\/div>\n\t\t\t\n\n\n<h2 class=\"wp-block-heading has-text-align-center\">Gdzie wy\u015bwietla si\u0119 data i czas w WordPressie<\/h2>\n\n\n\n<p>Najcz\u0119\u015bciej data i czas wy\u015bwietlane s\u0105 przy wpisach blogowych. Ich dok\u0142adna lokalizacja zale\u017cy od motywu. Niekt\u00f3re motywy wy\u015bwietlaj\u0105 tak\u017ce te dane przy informacji o ostatnich aktualizacjach postron itp. Wybieraj\u0105c opcje motywu mo\u017cemy niekiedy okre\u015bli\u0107 czy chcemy schowa\u0107, czy wy\u015bwietli\u0107 czas i dat\u0119 oraz w jakim kolorze czy kroju fontu maj\u0105 si\u0119 pojawia\u0107. Natomiast sam ich format ustawimy ju\u017c w kokpicie WordPressa.<\/p>\n\n\n\n<h2 class=\"wp-block-heading has-text-align-center\">Gdzie zmieniamy format daty i czasu w WordPressie<\/h2>\n\n\n\n<p>Aby ustawi\u0107 format daty i czasu, przechodzimy w Kokpicie do <em>Ustawie\u0144<\/em> i wybieramy <em>Og\u00f3lne<\/em>. Scrollujemy nieco ni\u017cej i mamy do wyboru konkretne ustawienia:<\/p>\n\n\n\n<figure class=\"wp-block-image size-full\"><img loading=\"lazy\" decoding=\"async\" width=\"802\" height=\"422\" src=\"https:\/\/jdm.pl\/blog\/wp-content\/uploads\/2023\/04\/ustaawienia1.png\" alt=\"\" class=\"wp-image-3132\" srcset=\"https:\/\/jdm.pl\/blog\/wp-content\/uploads\/2023\/04\/ustaawienia1.png 802w, https:\/\/jdm.pl\/blog\/wp-content\/uploads\/2023\/04\/ustaawienia1-300x158.png 300w, https:\/\/jdm.pl\/blog\/wp-content\/uploads\/2023\/04\/ustaawienia1-768x404.png 768w\" sizes=\"auto, (max-width: 802px) 100vw, 802px\" \/><\/figure>\n\n\n\n<h2 class=\"wp-block-heading has-text-align-center\">Jakie formaty mo\u017cemy wybra\u0107<\/h2>\n\n\n\n<p>Wystarczy odhaczy\u0107 odpowiedni format &#8211; w przypadku daty s\u0105 to 3 mo\u017cliwo\u015bci oraz ustawienia w\u0142asne. Na przyk\u0142ad rok-miesi\u0105c-dzie\u0144 lub dzie\u0144\/miesi\u0105c\/rok. W przypadku godziny to przede wszystkim format 24-godzinny lub 12-godzinny lub ustawienia w\u0142asne. Warto przyjrze\u0107 si\u0119 tej ostatniej opcji, bo znaj\u0105c odpowiednie znaki, mo\u017cemy szybko w pe\u0142ni dostosowa\u0107 format do naszych oczekiwa\u0144.<\/p>\n\n\n\n<h2 class=\"wp-block-heading has-text-align-center\">Jak ustawi\u0107 w\u0142asny format daty oraz godziny<\/h2>\n\n\n\n<p>Je\u015bli nie jeste\u015bmy zadowoleni z \u017cadnej z gotowych opcji, mo\u017cemy wstawi\u0107 w\u0142asne dostosowanie czasu i daty w WordPressie, u\u017cywaj\u0105c znak\u00f3w do formatowania daty i godziny. Oto niekt\u00f3re znaki, kt\u00f3re musimy zna\u0107, aby wy\u015bwietli\u0107 to, co chcemy:<br><strong>D<\/strong> &#8211; data miesi\u0105ca w postaci dw\u00f3ch cyfr, np. 31 lub 07<br><strong>M <\/strong>&#8211; numer miesi\u0105ca, np. 11 dla listopada<br><strong>Y <\/strong>&#8211; rok czterocyfrowy, np. 2019<br><strong>y<\/strong> &#8211; ma\u0142a litera y wy\u015bwietla rok za pomoc\u0105 dw\u00f3ch cyfr, na przyk\u0142ad 19<br><strong>L<\/strong> &#8211; dzie\u0144 tygodnia, np. niedziela lub poniedzia\u0142ek<br><strong>F<\/strong> &#8211; miesi\u0105c w tek\u015bcie, np. grudzie\u0144<br><strong>H<\/strong> &#8211; godzina<br><strong>i<\/strong> &#8211; minuty po godzinie<br><strong>S<\/strong> &#8211; sekundy<\/p>\n\n\n\n<p>Pe\u0142na lista znak\u00f3w znajduje si\u0119 na <a href=\"https:\/\/wordpress.org\/documentation\/article\/customize-date-and-time-format\/\" target=\"_blank\" rel=\"noreferrer noopener\">oficjalnej stronie WordPressa<\/a>. <\/p>\n\n\n\n<p>Wybrane znaki wpisuje w pole <em>w\u0142asne<\/em> i zapisujemy ustawienia. <\/p>\n\n\n\n<figure class=\"wp-block-image size-full\"><img loading=\"lazy\" decoding=\"async\" width=\"574\" height=\"434\" src=\"https:\/\/jdm.pl\/blog\/wp-content\/uploads\/2023\/04\/wlasne.png\" alt=\"\" class=\"wp-image-3131\" srcset=\"https:\/\/jdm.pl\/blog\/wp-content\/uploads\/2023\/04\/wlasne.png 574w, https:\/\/jdm.pl\/blog\/wp-content\/uploads\/2023\/04\/wlasne-300x227.png 300w\" sizes=\"auto, (max-width: 574px) 100vw, 574px\" \/><\/figure>\n\n\n\n<p>W ten spos\u00f3b ustawimy dok\u0142adnie ten format daty i czasu, kt\u00f3ry odpowiada naszym preferencjom czy oczekiwaniom u\u017cytkownik\u00f3w. Zmian mo\u017cemy dokonywa\u0107 tyle razy, ile uznamy to za konieczne. <\/p>\n","protected":false},"excerpt":{"rendered":"<p>Jednym z wa\u017cnych sposob\u00f3w dostosowania WordPressa do potrzeb u\u017cytkownik\u00f3w jest zmiana formatu daty i godziny. Mo\u017cemy zmieni\u0107 stref\u0119 czasow\u0105 lub dostosowa\u0107 ustawienia daty i miesi\u0105ca do zwyczaj\u00f3w przyj\u0119tych w danym kraju. Mo\u017cemy te\u017c ukry\u0107 rok lub wy\u015bwietli\u0107 zegar 24-godzinny. Wszystko to zmienimy bez problemu w Kokpicie WordPressa. To prosta i przydatna funkcja, chocia\u017c nie przez [&hellip;]<\/p>\n","protected":false},"author":4,"featured_media":3130,"comment_status":"open","ping_status":"open","sticky":false,"template":"","format":"standard","meta":{"_uag_custom_page_level_css":"","_exactmetrics_skip_tracking":false,"_exactmetrics_sitenote_active":false,"_exactmetrics_sitenote_note":"","_exactmetrics_sitenote_category":0,"_jetpack_memberships_contains_paid_content":false,"footnotes":""},"categories":[6,3],"tags":[12],"class_list":["post-3129","post","type-post","status-publish","format-standard","has-post-thumbnail","hentry","category-porady","category-wordpress","tag-dla-blogerow"],"yoast_head":"<!-- This site is optimized with the Yoast SEO plugin v27.4 - https:\/\/yoast.com\/product\/yoast-seo-wordpress\/ -->\n<title>Jak zmieni\u0107 format daty i czasu w WordPressie - Blog jdm.pl<\/title>\n<meta name=\"description\" content=\"Jak zmieni\u0107 format daty i czasu w WordPressie bez u\u017cycia \u017cadnej wtyczki, ale dostosowuj\u0105c mo\u017cliwo\u015bci formatowania w WordPressie.\" \/>\n<meta name=\"robots\" content=\"index, follow, max-snippet:-1, max-image-preview:large, max-video-preview:-1\" \/>\n<link rel=\"canonical\" href=\"https:\/\/jdm.pl\/blog\/jak-zmienic-format-daty-i-czasu-w-wordpressie\/\" \/>\n<meta property=\"og:locale\" content=\"pl_PL\" \/>\n<meta property=\"og:type\" content=\"article\" \/>\n<meta property=\"og:title\" content=\"Jak zmieni\u0107 format daty i czasu w WordPressie - Blog jdm.pl\" \/>\n<meta property=\"og:description\" content=\"Jak zmieni\u0107 format daty i czasu w WordPressie bez u\u017cycia \u017cadnej wtyczki, ale dostosowuj\u0105c mo\u017cliwo\u015bci formatowania w WordPressie.\" \/>\n<meta property=\"og:url\" content=\"https:\/\/jdm.pl\/blog\/jak-zmienic-format-daty-i-czasu-w-wordpressie\/\" \/>\n<meta property=\"og:site_name\" content=\"Blog jdm.pl\" \/>\n<meta property=\"article:published_time\" content=\"2023-04-13T23:04:52+00:00\" \/>\n<meta property=\"article:modified_time\" content=\"2023-04-13T23:06:18+00:00\" \/>\n<meta property=\"og:image\" content=\"https:\/\/jdm.pl\/blog\/wp-content\/uploads\/2023\/04\/czas.png\" \/>\n\t<meta property=\"og:image:width\" content=\"1200\" \/>\n\t<meta property=\"og:image:height\" content=\"630\" \/>\n\t<meta property=\"og:image:type\" content=\"image\/png\" \/>\n<meta name=\"author\" content=\"Anna Starek-Wr\u00f3bel\" \/>\n<meta name=\"twitter:card\" content=\"summary_large_image\" \/>\n<meta name=\"twitter:label1\" content=\"Napisane przez\" \/>\n\t<meta name=\"twitter:data1\" content=\"Anna Starek-Wr\u00f3bel\" \/>\n\t<meta name=\"twitter:label2\" content=\"Szacowany czas czytania\" \/>\n\t<meta name=\"twitter:data2\" content=\"3 minuty\" \/>\n<script type=\"application\/ld+json\" class=\"yoast-schema-graph\">{\"@context\":\"https:\\\/\\\/schema.org\",\"@graph\":[{\"@type\":\"Article\",\"@id\":\"https:\\\/\\\/jdm.pl\\\/blog\\\/jak-zmienic-format-daty-i-czasu-w-wordpressie\\\/#article\",\"isPartOf\":{\"@id\":\"https:\\\/\\\/jdm.pl\\\/blog\\\/jak-zmienic-format-daty-i-czasu-w-wordpressie\\\/\"},\"author\":{\"name\":\"Anna Starek-Wr\u00f3bel\",\"@id\":\"https:\\\/\\\/jdm.pl\\\/blog\\\/#\\\/schema\\\/person\\\/26e7a9c6f5b416eabcfed62ee02685c0\"},\"headline\":\"Jak zmieni\u0107 format daty i czasu w WordPressie\",\"datePublished\":\"2023-04-13T23:04:52+00:00\",\"dateModified\":\"2023-04-13T23:06:18+00:00\",\"mainEntityOfPage\":{\"@id\":\"https:\\\/\\\/jdm.pl\\\/blog\\\/jak-zmienic-format-daty-i-czasu-w-wordpressie\\\/\"},\"wordCount\":444,\"commentCount\":0,\"image\":{\"@id\":\"https:\\\/\\\/jdm.pl\\\/blog\\\/jak-zmienic-format-daty-i-czasu-w-wordpressie\\\/#primaryimage\"},\"thumbnailUrl\":\"https:\\\/\\\/jdm.pl\\\/blog\\\/wp-content\\\/uploads\\\/2023\\\/04\\\/czas.png\",\"keywords\":[\"dla bloger\u00f3w\"],\"articleSection\":[\"Porady\",\"WordPress\"],\"inLanguage\":\"pl-PL\",\"potentialAction\":[{\"@type\":\"CommentAction\",\"name\":\"Comment\",\"target\":[\"https:\\\/\\\/jdm.pl\\\/blog\\\/jak-zmienic-format-daty-i-czasu-w-wordpressie\\\/#respond\"]}]},{\"@type\":\"WebPage\",\"@id\":\"https:\\\/\\\/jdm.pl\\\/blog\\\/jak-zmienic-format-daty-i-czasu-w-wordpressie\\\/\",\"url\":\"https:\\\/\\\/jdm.pl\\\/blog\\\/jak-zmienic-format-daty-i-czasu-w-wordpressie\\\/\",\"name\":\"Jak zmieni\u0107 format daty i czasu w WordPressie - Blog jdm.pl\",\"isPartOf\":{\"@id\":\"https:\\\/\\\/jdm.pl\\\/blog\\\/#website\"},\"primaryImageOfPage\":{\"@id\":\"https:\\\/\\\/jdm.pl\\\/blog\\\/jak-zmienic-format-daty-i-czasu-w-wordpressie\\\/#primaryimage\"},\"image\":{\"@id\":\"https:\\\/\\\/jdm.pl\\\/blog\\\/jak-zmienic-format-daty-i-czasu-w-wordpressie\\\/#primaryimage\"},\"thumbnailUrl\":\"https:\\\/\\\/jdm.pl\\\/blog\\\/wp-content\\\/uploads\\\/2023\\\/04\\\/czas.png\",\"datePublished\":\"2023-04-13T23:04:52+00:00\",\"dateModified\":\"2023-04-13T23:06:18+00:00\",\"author\":{\"@id\":\"https:\\\/\\\/jdm.pl\\\/blog\\\/#\\\/schema\\\/person\\\/26e7a9c6f5b416eabcfed62ee02685c0\"},\"description\":\"Jak zmieni\u0107 format daty i czasu w WordPressie bez u\u017cycia \u017cadnej wtyczki, ale dostosowuj\u0105c mo\u017cliwo\u015bci formatowania w WordPressie.\",\"breadcrumb\":{\"@id\":\"https:\\\/\\\/jdm.pl\\\/blog\\\/jak-zmienic-format-daty-i-czasu-w-wordpressie\\\/#breadcrumb\"},\"inLanguage\":\"pl-PL\",\"potentialAction\":[{\"@type\":\"ReadAction\",\"target\":[\"https:\\\/\\\/jdm.pl\\\/blog\\\/jak-zmienic-format-daty-i-czasu-w-wordpressie\\\/\"]}]},{\"@type\":\"ImageObject\",\"inLanguage\":\"pl-PL\",\"@id\":\"https:\\\/\\\/jdm.pl\\\/blog\\\/jak-zmienic-format-daty-i-czasu-w-wordpressie\\\/#primaryimage\",\"url\":\"https:\\\/\\\/jdm.pl\\\/blog\\\/wp-content\\\/uploads\\\/2023\\\/04\\\/czas.png\",\"contentUrl\":\"https:\\\/\\\/jdm.pl\\\/blog\\\/wp-content\\\/uploads\\\/2023\\\/04\\\/czas.png\",\"width\":1200,\"height\":630,\"caption\":\"format daty i czasu w WordPressie\"},{\"@type\":\"BreadcrumbList\",\"@id\":\"https:\\\/\\\/jdm.pl\\\/blog\\\/jak-zmienic-format-daty-i-czasu-w-wordpressie\\\/#breadcrumb\",\"itemListElement\":[{\"@type\":\"ListItem\",\"position\":1,\"name\":\"Strona g\u0142\u00f3wna\",\"item\":\"https:\\\/\\\/jdm.pl\\\/blog\\\/\"},{\"@type\":\"ListItem\",\"position\":2,\"name\":\"Jak zmieni\u0107 format daty i czasu w WordPressie\"}]},{\"@type\":\"WebSite\",\"@id\":\"https:\\\/\\\/jdm.pl\\\/blog\\\/#website\",\"url\":\"https:\\\/\\\/jdm.pl\\\/blog\\\/\",\"name\":\"Blog jdm.pl\",\"description\":\"WordPress tutoriale i porady\",\"potentialAction\":[{\"@type\":\"SearchAction\",\"target\":{\"@type\":\"EntryPoint\",\"urlTemplate\":\"https:\\\/\\\/jdm.pl\\\/blog\\\/?s={search_term_string}\"},\"query-input\":{\"@type\":\"PropertyValueSpecification\",\"valueRequired\":true,\"valueName\":\"search_term_string\"}}],\"inLanguage\":\"pl-PL\"},{\"@type\":\"Person\",\"@id\":\"https:\\\/\\\/jdm.pl\\\/blog\\\/#\\\/schema\\\/person\\\/26e7a9c6f5b416eabcfed62ee02685c0\",\"name\":\"Anna Starek-Wr\u00f3bel\",\"image\":{\"@type\":\"ImageObject\",\"inLanguage\":\"pl-PL\",\"@id\":\"https:\\\/\\\/secure.gravatar.com\\\/avatar\\\/c514af5a4b2affc5fccce6e1cf2e2d03eb6489cfbf462552eee35a68ed106974?s=96&d=mm&r=g\",\"url\":\"https:\\\/\\\/secure.gravatar.com\\\/avatar\\\/c514af5a4b2affc5fccce6e1cf2e2d03eb6489cfbf462552eee35a68ed106974?s=96&d=mm&r=g\",\"contentUrl\":\"https:\\\/\\\/secure.gravatar.com\\\/avatar\\\/c514af5a4b2affc5fccce6e1cf2e2d03eb6489cfbf462552eee35a68ed106974?s=96&d=mm&r=g\",\"caption\":\"Anna Starek-Wr\u00f3bel\"},\"sameAs\":[\"https:\\\/\\\/cmo.im\"],\"url\":\"https:\\\/\\\/jdm.pl\\\/blog\\\/author\\\/anna-starek\\\/\"}]}<\/script>\n<!-- \/ Yoast SEO plugin. -->","yoast_head_json":{"title":"Jak zmieni\u0107 format daty i czasu w WordPressie - Blog jdm.pl","description":"Jak zmieni\u0107 format daty i czasu w WordPressie bez u\u017cycia \u017cadnej wtyczki, ale dostosowuj\u0105c mo\u017cliwo\u015bci formatowania w WordPressie.","robots":{"index":"index","follow":"follow","max-snippet":"max-snippet:-1","max-image-preview":"max-image-preview:large","max-video-preview":"max-video-preview:-1"},"canonical":"https:\/\/jdm.pl\/blog\/jak-zmienic-format-daty-i-czasu-w-wordpressie\/","og_locale":"pl_PL","og_type":"article","og_title":"Jak zmieni\u0107 format daty i czasu w WordPressie - Blog jdm.pl","og_description":"Jak zmieni\u0107 format daty i czasu w WordPressie bez u\u017cycia \u017cadnej wtyczki, ale dostosowuj\u0105c mo\u017cliwo\u015bci formatowania w WordPressie.","og_url":"https:\/\/jdm.pl\/blog\/jak-zmienic-format-daty-i-czasu-w-wordpressie\/","og_site_name":"Blog jdm.pl","article_published_time":"2023-04-13T23:04:52+00:00","article_modified_time":"2023-04-13T23:06:18+00:00","og_image":[{"width":1200,"height":630,"url":"https:\/\/jdm.pl\/blog\/wp-content\/uploads\/2023\/04\/czas.png","type":"image\/png"}],"author":"Anna Starek-Wr\u00f3bel","twitter_card":"summary_large_image","twitter_misc":{"Napisane przez":"Anna Starek-Wr\u00f3bel","Szacowany czas czytania":"3 minuty"},"schema":{"@context":"https:\/\/schema.org","@graph":[{"@type":"Article","@id":"https:\/\/jdm.pl\/blog\/jak-zmienic-format-daty-i-czasu-w-wordpressie\/#article","isPartOf":{"@id":"https:\/\/jdm.pl\/blog\/jak-zmienic-format-daty-i-czasu-w-wordpressie\/"},"author":{"name":"Anna Starek-Wr\u00f3bel","@id":"https:\/\/jdm.pl\/blog\/#\/schema\/person\/26e7a9c6f5b416eabcfed62ee02685c0"},"headline":"Jak zmieni\u0107 format daty i czasu w WordPressie","datePublished":"2023-04-13T23:04:52+00:00","dateModified":"2023-04-13T23:06:18+00:00","mainEntityOfPage":{"@id":"https:\/\/jdm.pl\/blog\/jak-zmienic-format-daty-i-czasu-w-wordpressie\/"},"wordCount":444,"commentCount":0,"image":{"@id":"https:\/\/jdm.pl\/blog\/jak-zmienic-format-daty-i-czasu-w-wordpressie\/#primaryimage"},"thumbnailUrl":"https:\/\/jdm.pl\/blog\/wp-content\/uploads\/2023\/04\/czas.png","keywords":["dla bloger\u00f3w"],"articleSection":["Porady","WordPress"],"inLanguage":"pl-PL","potentialAction":[{"@type":"CommentAction","name":"Comment","target":["https:\/\/jdm.pl\/blog\/jak-zmienic-format-daty-i-czasu-w-wordpressie\/#respond"]}]},{"@type":"WebPage","@id":"https:\/\/jdm.pl\/blog\/jak-zmienic-format-daty-i-czasu-w-wordpressie\/","url":"https:\/\/jdm.pl\/blog\/jak-zmienic-format-daty-i-czasu-w-wordpressie\/","name":"Jak zmieni\u0107 format daty i czasu w WordPressie - Blog jdm.pl","isPartOf":{"@id":"https:\/\/jdm.pl\/blog\/#website"},"primaryImageOfPage":{"@id":"https:\/\/jdm.pl\/blog\/jak-zmienic-format-daty-i-czasu-w-wordpressie\/#primaryimage"},"image":{"@id":"https:\/\/jdm.pl\/blog\/jak-zmienic-format-daty-i-czasu-w-wordpressie\/#primaryimage"},"thumbnailUrl":"https:\/\/jdm.pl\/blog\/wp-content\/uploads\/2023\/04\/czas.png","datePublished":"2023-04-13T23:04:52+00:00","dateModified":"2023-04-13T23:06:18+00:00","author":{"@id":"https:\/\/jdm.pl\/blog\/#\/schema\/person\/26e7a9c6f5b416eabcfed62ee02685c0"},"description":"Jak zmieni\u0107 format daty i czasu w WordPressie bez u\u017cycia \u017cadnej wtyczki, ale dostosowuj\u0105c mo\u017cliwo\u015bci formatowania w WordPressie.","breadcrumb":{"@id":"https:\/\/jdm.pl\/blog\/jak-zmienic-format-daty-i-czasu-w-wordpressie\/#breadcrumb"},"inLanguage":"pl-PL","potentialAction":[{"@type":"ReadAction","target":["https:\/\/jdm.pl\/blog\/jak-zmienic-format-daty-i-czasu-w-wordpressie\/"]}]},{"@type":"ImageObject","inLanguage":"pl-PL","@id":"https:\/\/jdm.pl\/blog\/jak-zmienic-format-daty-i-czasu-w-wordpressie\/#primaryimage","url":"https:\/\/jdm.pl\/blog\/wp-content\/uploads\/2023\/04\/czas.png","contentUrl":"https:\/\/jdm.pl\/blog\/wp-content\/uploads\/2023\/04\/czas.png","width":1200,"height":630,"caption":"format daty i czasu w WordPressie"},{"@type":"BreadcrumbList","@id":"https:\/\/jdm.pl\/blog\/jak-zmienic-format-daty-i-czasu-w-wordpressie\/#breadcrumb","itemListElement":[{"@type":"ListItem","position":1,"name":"Strona g\u0142\u00f3wna","item":"https:\/\/jdm.pl\/blog\/"},{"@type":"ListItem","position":2,"name":"Jak zmieni\u0107 format daty i czasu w WordPressie"}]},{"@type":"WebSite","@id":"https:\/\/jdm.pl\/blog\/#website","url":"https:\/\/jdm.pl\/blog\/","name":"Blog jdm.pl","description":"WordPress tutoriale i porady","potentialAction":[{"@type":"SearchAction","target":{"@type":"EntryPoint","urlTemplate":"https:\/\/jdm.pl\/blog\/?s={search_term_string}"},"query-input":{"@type":"PropertyValueSpecification","valueRequired":true,"valueName":"search_term_string"}}],"inLanguage":"pl-PL"},{"@type":"Person","@id":"https:\/\/jdm.pl\/blog\/#\/schema\/person\/26e7a9c6f5b416eabcfed62ee02685c0","name":"Anna Starek-Wr\u00f3bel","image":{"@type":"ImageObject","inLanguage":"pl-PL","@id":"https:\/\/secure.gravatar.com\/avatar\/c514af5a4b2affc5fccce6e1cf2e2d03eb6489cfbf462552eee35a68ed106974?s=96&d=mm&r=g","url":"https:\/\/secure.gravatar.com\/avatar\/c514af5a4b2affc5fccce6e1cf2e2d03eb6489cfbf462552eee35a68ed106974?s=96&d=mm&r=g","contentUrl":"https:\/\/secure.gravatar.com\/avatar\/c514af5a4b2affc5fccce6e1cf2e2d03eb6489cfbf462552eee35a68ed106974?s=96&d=mm&r=g","caption":"Anna Starek-Wr\u00f3bel"},"sameAs":["https:\/\/cmo.im"],"url":"https:\/\/jdm.pl\/blog\/author\/anna-starek\/"}]}},"jetpack_featured_media_url":"https:\/\/jdm.pl\/blog\/wp-content\/uploads\/2023\/04\/czas.png","uagb_featured_image_src":{"full":["https:\/\/jdm.pl\/blog\/wp-content\/uploads\/2023\/04\/czas.png",1200,630,false],"thumbnail":["https:\/\/jdm.pl\/blog\/wp-content\/uploads\/2023\/04\/czas-150x150.png",150,150,true],"medium":["https:\/\/jdm.pl\/blog\/wp-content\/uploads\/2023\/04\/czas-300x158.png",300,158,true],"medium_large":["https:\/\/jdm.pl\/blog\/wp-content\/uploads\/2023\/04\/czas-768x403.png",640,336,true],"large":["https:\/\/jdm.pl\/blog\/wp-content\/uploads\/2023\/04\/czas-1024x538.png",640,336,true],"hd_qu_size2":["https:\/\/jdm.pl\/blog\/wp-content\/uploads\/2023\/04\/czas.png",400,210,false],"1536x1536":["https:\/\/jdm.pl\/blog\/wp-content\/uploads\/2023\/04\/czas.png",1200,630,false],"2048x2048":["https:\/\/jdm.pl\/blog\/wp-content\/uploads\/2023\/04\/czas.png",1200,630,false],"sidebar-thumb":["https:\/\/jdm.pl\/blog\/wp-content\/uploads\/2023\/04\/czas-250x124.png",250,124,true]},"uagb_author_info":{"display_name":"Anna Starek-Wr\u00f3bel","author_link":"https:\/\/jdm.pl\/blog\/author\/anna-starek\/"},"uagb_comment_info":0,"uagb_excerpt":"Jednym z wa\u017cnych sposob\u00f3w dostosowania WordPressa do potrzeb u\u017cytkownik\u00f3w jest zmiana formatu daty i godziny. Mo\u017cemy zmieni\u0107 stref\u0119 czasow\u0105 lub dostosowa\u0107 ustawienia daty i miesi\u0105ca do zwyczaj\u00f3w przyj\u0119tych w danym kraju. Mo\u017cemy te\u017c ukry\u0107 rok lub wy\u015bwietli\u0107 zegar 24-godzinny. Wszystko to zmienimy bez problemu w Kokpicie WordPressa. To prosta i przydatna funkcja, chocia\u017c nie przez&hellip;","jetpack_sharing_enabled":true,"_links":{"self":[{"href":"https:\/\/jdm.pl\/blog\/wp-json\/wp\/v2\/posts\/3129","targetHints":{"allow":["GET"]}}],"collection":[{"href":"https:\/\/jdm.pl\/blog\/wp-json\/wp\/v2\/posts"}],"about":[{"href":"https:\/\/jdm.pl\/blog\/wp-json\/wp\/v2\/types\/post"}],"author":[{"embeddable":true,"href":"https:\/\/jdm.pl\/blog\/wp-json\/wp\/v2\/users\/4"}],"replies":[{"embeddable":true,"href":"https:\/\/jdm.pl\/blog\/wp-json\/wp\/v2\/comments?post=3129"}],"version-history":[{"count":2,"href":"https:\/\/jdm.pl\/blog\/wp-json\/wp\/v2\/posts\/3129\/revisions"}],"predecessor-version":[{"id":3134,"href":"https:\/\/jdm.pl\/blog\/wp-json\/wp\/v2\/posts\/3129\/revisions\/3134"}],"wp:featuredmedia":[{"embeddable":true,"href":"https:\/\/jdm.pl\/blog\/wp-json\/wp\/v2\/media\/3130"}],"wp:attachment":[{"href":"https:\/\/jdm.pl\/blog\/wp-json\/wp\/v2\/media?parent=3129"}],"wp:term":[{"taxonomy":"category","embeddable":true,"href":"https:\/\/jdm.pl\/blog\/wp-json\/wp\/v2\/categories?post=3129"},{"taxonomy":"post_tag","embeddable":true,"href":"https:\/\/jdm.pl\/blog\/wp-json\/wp\/v2\/tags?post=3129"}],"curies":[{"name":"wp","href":"https:\/\/api.w.org\/{rel}","templated":true}]}}