{"id":2931,"date":"2023-02-17T08:24:00","date_gmt":"2023-02-17T07:24:00","guid":{"rendered":"https:\/\/jdm.pl\/blog\/?p=2931"},"modified":"2023-02-17T08:24:01","modified_gmt":"2023-02-17T07:24:01","slug":"czy-warto-prowadzic-bloga-w-2023-roku","status":"publish","type":"post","link":"https:\/\/jdm.pl\/blog\/czy-warto-prowadzic-bloga-w-2023-roku\/","title":{"rendered":"Czy warto prowadzi\u0107 bloga w 2023 roku?"},"content":{"rendered":"\n<p>Czy warto prowadzi\u0107 bloga w 2023 roku? W czasie, kiedy social media \u015bwi\u0119c\u0105 triumfy, jednocze\u015bnie po cichu trwa powr\u00f3t do blog\u00f3w. Dzisiaj przedstawimy dlaczego warto nadal pisa\u0107 bloga na swojej stronie internetowej. <\/p>\n\n\n\t\t\t\t<div class=\"wp-block-uagb-table-of-contents uagb-toc__align-left uagb-toc__columns-1  uagb-block-815caaab      \"\n\t\t\t\t\tdata-scroll= \"1\"\n\t\t\t\t\tdata-offset= \"30\"\n\t\t\t\t\tstyle=\"\"\n\t\t\t\t>\n\t\t\t\t<div class=\"uagb-toc__wrap\">\n\t\t\t\t\t\t<div class=\"uagb-toc__title\">\n\t\t\t\t\t\t\tPrzeczytaj o:\t\t\t\t\t\t<\/div>\n\t\t\t\t\t\t\t\t\t\t\t\t\t\t\t\t\t\t\t\t\t\t<div class=\"uagb-toc__list-wrap \">\n\t\t\t\t\t\t<ol class=\"uagb-toc__list\"><li class=\"uagb-toc__list\"><a href=\"#wordpress-blogowe-pocz\u0105tki\" class=\"uagb-toc-link__trigger\">WordPress &#8211; blogowe pocz\u0105tki<\/a><li class=\"uagb-toc__list\"><a href=\"#dlaczego-warto-prowadzi\u0107-bloga\" class=\"uagb-toc-link__trigger\">Dlaczego warto prowadzi\u0107 bloga<\/a><li class=\"uagb-toc__list\"><a href=\"#je\u017celi-wpisy-to-jakie\" class=\"uagb-toc-link__trigger\">Je\u017celi wpisy to jakie<\/a><\/ol>\t\t\t\t\t<\/div>\n\t\t\t\t\t\t\t\t\t<\/div>\n\t\t\t\t<\/div>\n\t\t\t\n\n\n<h2 class=\"has-text-align-center wp-block-heading\">WordPress &#8211; blogowe pocz\u0105tki <\/h2>\n\n\n\n<p>W tym roku <a href=\"https:\/\/jdm.pl\/blog\/wordpress-ile-ma-lat\/\" target=\"_blank\" rel=\"noreferrer noopener\">WordPress ko\u0144czy 20 lat<\/a>! 27 maja 2003 roku, ukaza\u0142a si\u0119 pierwsza publiczna wersja WordPressa oznaczona numerem 0.70. Co istotne, by\u0142o to narz\u0119dzie skierowane do bloger\u00f3w, bez jeszcze wielu funkcjonalno\u015bci, a nawet pozbawione mo\u017cliwo\u015bci dodawania stron. Taka opcja pokaza\u0142a si\u0119 17 lutego 2005 roku, kiedy to \u015bwiat ujrza\u0142 wersj\u0119 1.5. Tak\u017ce warto pami\u0119ta\u0107, \u017ce narz\u0119dzie, kt\u00f3re obecnie mamy w r\u0119kach, wywodzi\u0142o si\u0119 ze \u015bwiata blog\u00f3w. Dopiero dalsze zmiany przyczyni\u0142y si\u0119 do kszta\u0142tu, jaki widzimy obecnie. <\/p>\n\n\n\n<h2 class=\"has-text-align-center wp-block-heading\">Dlaczego warto prowadzi\u0107 bloga<\/h2>\n\n\n\n<p>Google jest obecnie niekwestionowan\u0105 pot\u0119g\u0105 w\u015br\u00f3d wyszukiwarek. Ka\u017cdy chce zaistnie\u0107 w jego wynikach i to jak najwy\u017cej. A Google lubi tekst. Content jest coraz bardziej istotny i zawsze wygrywa z milionem innych opcji. Blog umo\u017cliwia szybkie zaktualizowanie strony i dodanie nowych tekst\u00f3w. Tym samym dla wyszukiwarki, jak i dla u\u017cytkownik\u00f3w, strona ci\u0105gle \u017cyje. Buduj\u0105c spo\u0142eczno\u015b\u0107 wok\u00f3\u0142 bloga mo\u017cemy tak\u017ce poszerzy\u0107 grono naszych klient\u00f3w i zwyczajnie czerpa\u0107 zysk z kolejnych tekst\u00f3w. Najwa\u017cniejsz\u0105 zasad\u0105 jest zachowanie regularno\u015bci publikacji. <\/p>\n\n\n\n<h2 class=\"has-text-align-center wp-block-heading\">Je\u017celi wpisy to jakie<\/h2>\n\n\n\n<p>Nie ma tutaj jednej dobrej odpowiedzi, chocia\u017c wiemy, \u017ce nie zawsze \u0142atwo przychodzi regularne publikowanie wpis\u00f3w. Ostatecznie mo\u017cemy publikowa\u0107 co\u015b na kszta\u0142t aktualno\u015bci, zamieszczaj\u0105c informacje o naszej firmie, nowych produktach czy r\u00f3\u017cnorodne ciekawostki. Je\u015bli nie macie pomys\u0142u na publikacje, zerknijcie do naszego <a href=\"https:\/\/jdm.pl\/blog\/20-wskazowek-dla-rozwoju-bloga\/\">tekstu o 20 wskaz\u00f3wkach dla rozwoju bloga.<\/a> Z pewno\u015bci\u0105 znajdziecie tam co\u015b dla siebie. <\/p>\n\n\n\n<p>Odpowiadaj\u0105c na pytanie, czy warto &#8211; na pewno tak. Z uwagi na wyszukiwark\u0119, spo\u0142eczno\u015b\u0107, pokazanie, \u017ce nasza strona \u017cyje. Blog jest miejscem niezale\u017cnym, w kt\u00f3rym to my ustalamy zasady &#8211; w przypadku social media jeste\u015bmy go\u015b\u0107mi na cudzej platformie. I warto o tym pami\u0119ta\u0107, nim porzucimy publikowanie wpis\u00f3w na rzecz medi\u00f3w spo\u0142eczno\u015bciowych. <\/p>\n","protected":false},"excerpt":{"rendered":"<p>Czy warto prowadzi\u0107 bloga w 2023 roku? W czasie, kiedy social media \u015bwi\u0119c\u0105 triumfy, jednocze\u015bnie po cichu trwa powr\u00f3t do blog\u00f3w. Dzisiaj przedstawimy dlaczego warto nadal pisa\u0107 bloga na swojej stronie internetowej. WordPress &#8211; blogowe pocz\u0105tki W tym roku WordPress ko\u0144czy 20 lat! 27 maja 2003 roku, ukaza\u0142a si\u0119 pierwsza publiczna wersja WordPressa oznaczona numerem [&hellip;]<\/p>\n","protected":false},"author":4,"featured_media":2932,"comment_status":"open","ping_status":"open","sticky":false,"template":"","format":"standard","meta":{"_uag_custom_page_level_css":"","_exactmetrics_skip_tracking":false,"_exactmetrics_sitenote_active":false,"_exactmetrics_sitenote_note":"","_exactmetrics_sitenote_category":0,"_jetpack_memberships_contains_paid_content":false,"footnotes":""},"categories":[6,3],"tags":[12],"class_list":["post-2931","post","type-post","status-publish","format-standard","has-post-thumbnail","hentry","category-porady","category-wordpress","tag-dla-blogerow"],"yoast_head":"<!-- This site is optimized with the Yoast SEO plugin v27.4 - https:\/\/yoast.com\/product\/yoast-seo-wordpress\/ -->\n<title>Czy warto prowadzi\u0107 bloga w 2023 roku? - Blog jdm.pl<\/title>\n<meta name=\"description\" content=\"Czy warto prowadzi\u0107 bloga w 2023 roku - a mo\u017ce blogi to ju\u017c prze\u017cytek i nie maj\u0105 \u017cadnej warto\u015bci? Zapraszamy do lektury.\" \/>\n<meta name=\"robots\" content=\"index, follow, max-snippet:-1, max-image-preview:large, max-video-preview:-1\" \/>\n<link rel=\"canonical\" href=\"https:\/\/jdm.pl\/blog\/czy-warto-prowadzic-bloga-w-2023-roku\/\" \/>\n<meta property=\"og:locale\" content=\"pl_PL\" \/>\n<meta property=\"og:type\" content=\"article\" \/>\n<meta property=\"og:title\" content=\"Czy warto prowadzi\u0107 bloga w 2023 roku? - Blog jdm.pl\" \/>\n<meta property=\"og:description\" content=\"Czy warto prowadzi\u0107 bloga w 2023 roku - a mo\u017ce blogi to ju\u017c prze\u017cytek i nie maj\u0105 \u017cadnej warto\u015bci? Zapraszamy do lektury.\" \/>\n<meta property=\"og:url\" content=\"https:\/\/jdm.pl\/blog\/czy-warto-prowadzic-bloga-w-2023-roku\/\" \/>\n<meta property=\"og:site_name\" content=\"Blog jdm.pl\" \/>\n<meta property=\"article:published_time\" content=\"2023-02-17T07:24:00+00:00\" \/>\n<meta property=\"article:modified_time\" content=\"2023-02-17T07:24:01+00:00\" \/>\n<meta property=\"og:image\" content=\"https:\/\/jdm.pl\/blog\/wp-content\/uploads\/2023\/02\/jdm.pl-wpis-na-bloga-3-1.png\" \/>\n\t<meta property=\"og:image:width\" content=\"1200\" \/>\n\t<meta property=\"og:image:height\" content=\"630\" \/>\n\t<meta property=\"og:image:type\" content=\"image\/png\" \/>\n<meta name=\"author\" content=\"Anna Starek-Wr\u00f3bel\" \/>\n<meta name=\"twitter:card\" content=\"summary_large_image\" \/>\n<meta name=\"twitter:label1\" content=\"Napisane przez\" \/>\n\t<meta name=\"twitter:data1\" content=\"Anna Starek-Wr\u00f3bel\" \/>\n\t<meta name=\"twitter:label2\" content=\"Szacowany czas czytania\" \/>\n\t<meta name=\"twitter:data2\" content=\"2 minuty\" \/>\n<script type=\"application\/ld+json\" class=\"yoast-schema-graph\">{\"@context\":\"https:\\\/\\\/schema.org\",\"@graph\":[{\"@type\":\"Article\",\"@id\":\"https:\\\/\\\/jdm.pl\\\/blog\\\/czy-warto-prowadzic-bloga-w-2023-roku\\\/#article\",\"isPartOf\":{\"@id\":\"https:\\\/\\\/jdm.pl\\\/blog\\\/czy-warto-prowadzic-bloga-w-2023-roku\\\/\"},\"author\":{\"name\":\"Anna Starek-Wr\u00f3bel\",\"@id\":\"https:\\\/\\\/jdm.pl\\\/blog\\\/#\\\/schema\\\/person\\\/26e7a9c6f5b416eabcfed62ee02685c0\"},\"headline\":\"Czy warto prowadzi\u0107 bloga w 2023 roku?\",\"datePublished\":\"2023-02-17T07:24:00+00:00\",\"dateModified\":\"2023-02-17T07:24:01+00:00\",\"mainEntityOfPage\":{\"@id\":\"https:\\\/\\\/jdm.pl\\\/blog\\\/czy-warto-prowadzic-bloga-w-2023-roku\\\/\"},\"wordCount\":365,\"commentCount\":0,\"image\":{\"@id\":\"https:\\\/\\\/jdm.pl\\\/blog\\\/czy-warto-prowadzic-bloga-w-2023-roku\\\/#primaryimage\"},\"thumbnailUrl\":\"https:\\\/\\\/jdm.pl\\\/blog\\\/wp-content\\\/uploads\\\/2023\\\/02\\\/jdm.pl-wpis-na-bloga-3-1.png\",\"keywords\":[\"dla bloger\u00f3w\"],\"articleSection\":[\"Porady\",\"WordPress\"],\"inLanguage\":\"pl-PL\",\"potentialAction\":[{\"@type\":\"CommentAction\",\"name\":\"Comment\",\"target\":[\"https:\\\/\\\/jdm.pl\\\/blog\\\/czy-warto-prowadzic-bloga-w-2023-roku\\\/#respond\"]}]},{\"@type\":\"WebPage\",\"@id\":\"https:\\\/\\\/jdm.pl\\\/blog\\\/czy-warto-prowadzic-bloga-w-2023-roku\\\/\",\"url\":\"https:\\\/\\\/jdm.pl\\\/blog\\\/czy-warto-prowadzic-bloga-w-2023-roku\\\/\",\"name\":\"Czy warto prowadzi\u0107 bloga w 2023 roku? - Blog jdm.pl\",\"isPartOf\":{\"@id\":\"https:\\\/\\\/jdm.pl\\\/blog\\\/#website\"},\"primaryImageOfPage\":{\"@id\":\"https:\\\/\\\/jdm.pl\\\/blog\\\/czy-warto-prowadzic-bloga-w-2023-roku\\\/#primaryimage\"},\"image\":{\"@id\":\"https:\\\/\\\/jdm.pl\\\/blog\\\/czy-warto-prowadzic-bloga-w-2023-roku\\\/#primaryimage\"},\"thumbnailUrl\":\"https:\\\/\\\/jdm.pl\\\/blog\\\/wp-content\\\/uploads\\\/2023\\\/02\\\/jdm.pl-wpis-na-bloga-3-1.png\",\"datePublished\":\"2023-02-17T07:24:00+00:00\",\"dateModified\":\"2023-02-17T07:24:01+00:00\",\"author\":{\"@id\":\"https:\\\/\\\/jdm.pl\\\/blog\\\/#\\\/schema\\\/person\\\/26e7a9c6f5b416eabcfed62ee02685c0\"},\"description\":\"Czy warto prowadzi\u0107 bloga w 2023 roku - a mo\u017ce blogi to ju\u017c prze\u017cytek i nie maj\u0105 \u017cadnej warto\u015bci? Zapraszamy do lektury.\",\"breadcrumb\":{\"@id\":\"https:\\\/\\\/jdm.pl\\\/blog\\\/czy-warto-prowadzic-bloga-w-2023-roku\\\/#breadcrumb\"},\"inLanguage\":\"pl-PL\",\"potentialAction\":[{\"@type\":\"ReadAction\",\"target\":[\"https:\\\/\\\/jdm.pl\\\/blog\\\/czy-warto-prowadzic-bloga-w-2023-roku\\\/\"]}]},{\"@type\":\"ImageObject\",\"inLanguage\":\"pl-PL\",\"@id\":\"https:\\\/\\\/jdm.pl\\\/blog\\\/czy-warto-prowadzic-bloga-w-2023-roku\\\/#primaryimage\",\"url\":\"https:\\\/\\\/jdm.pl\\\/blog\\\/wp-content\\\/uploads\\\/2023\\\/02\\\/jdm.pl-wpis-na-bloga-3-1.png\",\"contentUrl\":\"https:\\\/\\\/jdm.pl\\\/blog\\\/wp-content\\\/uploads\\\/2023\\\/02\\\/jdm.pl-wpis-na-bloga-3-1.png\",\"width\":1200,\"height\":630,\"caption\":\"Czy warto prowadzi\u0107 bloga w 2023 roku\"},{\"@type\":\"BreadcrumbList\",\"@id\":\"https:\\\/\\\/jdm.pl\\\/blog\\\/czy-warto-prowadzic-bloga-w-2023-roku\\\/#breadcrumb\",\"itemListElement\":[{\"@type\":\"ListItem\",\"position\":1,\"name\":\"Strona g\u0142\u00f3wna\",\"item\":\"https:\\\/\\\/jdm.pl\\\/blog\\\/\"},{\"@type\":\"ListItem\",\"position\":2,\"name\":\"Czy warto prowadzi\u0107 bloga w 2023 roku?\"}]},{\"@type\":\"WebSite\",\"@id\":\"https:\\\/\\\/jdm.pl\\\/blog\\\/#website\",\"url\":\"https:\\\/\\\/jdm.pl\\\/blog\\\/\",\"name\":\"Blog jdm.pl\",\"description\":\"WordPress tutoriale i porady\",\"potentialAction\":[{\"@type\":\"SearchAction\",\"target\":{\"@type\":\"EntryPoint\",\"urlTemplate\":\"https:\\\/\\\/jdm.pl\\\/blog\\\/?s={search_term_string}\"},\"query-input\":{\"@type\":\"PropertyValueSpecification\",\"valueRequired\":true,\"valueName\":\"search_term_string\"}}],\"inLanguage\":\"pl-PL\"},{\"@type\":\"Person\",\"@id\":\"https:\\\/\\\/jdm.pl\\\/blog\\\/#\\\/schema\\\/person\\\/26e7a9c6f5b416eabcfed62ee02685c0\",\"name\":\"Anna Starek-Wr\u00f3bel\",\"image\":{\"@type\":\"ImageObject\",\"inLanguage\":\"pl-PL\",\"@id\":\"https:\\\/\\\/secure.gravatar.com\\\/avatar\\\/c514af5a4b2affc5fccce6e1cf2e2d03eb6489cfbf462552eee35a68ed106974?s=96&d=mm&r=g\",\"url\":\"https:\\\/\\\/secure.gravatar.com\\\/avatar\\\/c514af5a4b2affc5fccce6e1cf2e2d03eb6489cfbf462552eee35a68ed106974?s=96&d=mm&r=g\",\"contentUrl\":\"https:\\\/\\\/secure.gravatar.com\\\/avatar\\\/c514af5a4b2affc5fccce6e1cf2e2d03eb6489cfbf462552eee35a68ed106974?s=96&d=mm&r=g\",\"caption\":\"Anna Starek-Wr\u00f3bel\"},\"sameAs\":[\"https:\\\/\\\/cmo.im\"],\"url\":\"https:\\\/\\\/jdm.pl\\\/blog\\\/author\\\/anna-starek\\\/\"}]}<\/script>\n<!-- \/ Yoast SEO plugin. -->","yoast_head_json":{"title":"Czy warto prowadzi\u0107 bloga w 2023 roku? - Blog jdm.pl","description":"Czy warto prowadzi\u0107 bloga w 2023 roku - a mo\u017ce blogi to ju\u017c prze\u017cytek i nie maj\u0105 \u017cadnej warto\u015bci? Zapraszamy do lektury.","robots":{"index":"index","follow":"follow","max-snippet":"max-snippet:-1","max-image-preview":"max-image-preview:large","max-video-preview":"max-video-preview:-1"},"canonical":"https:\/\/jdm.pl\/blog\/czy-warto-prowadzic-bloga-w-2023-roku\/","og_locale":"pl_PL","og_type":"article","og_title":"Czy warto prowadzi\u0107 bloga w 2023 roku? - Blog jdm.pl","og_description":"Czy warto prowadzi\u0107 bloga w 2023 roku - a mo\u017ce blogi to ju\u017c prze\u017cytek i nie maj\u0105 \u017cadnej warto\u015bci? Zapraszamy do lektury.","og_url":"https:\/\/jdm.pl\/blog\/czy-warto-prowadzic-bloga-w-2023-roku\/","og_site_name":"Blog jdm.pl","article_published_time":"2023-02-17T07:24:00+00:00","article_modified_time":"2023-02-17T07:24:01+00:00","og_image":[{"width":1200,"height":630,"url":"https:\/\/jdm.pl\/blog\/wp-content\/uploads\/2023\/02\/jdm.pl-wpis-na-bloga-3-1.png","type":"image\/png"}],"author":"Anna Starek-Wr\u00f3bel","twitter_card":"summary_large_image","twitter_misc":{"Napisane przez":"Anna Starek-Wr\u00f3bel","Szacowany czas czytania":"2 minuty"},"schema":{"@context":"https:\/\/schema.org","@graph":[{"@type":"Article","@id":"https:\/\/jdm.pl\/blog\/czy-warto-prowadzic-bloga-w-2023-roku\/#article","isPartOf":{"@id":"https:\/\/jdm.pl\/blog\/czy-warto-prowadzic-bloga-w-2023-roku\/"},"author":{"name":"Anna Starek-Wr\u00f3bel","@id":"https:\/\/jdm.pl\/blog\/#\/schema\/person\/26e7a9c6f5b416eabcfed62ee02685c0"},"headline":"Czy warto prowadzi\u0107 bloga w 2023 roku?","datePublished":"2023-02-17T07:24:00+00:00","dateModified":"2023-02-17T07:24:01+00:00","mainEntityOfPage":{"@id":"https:\/\/jdm.pl\/blog\/czy-warto-prowadzic-bloga-w-2023-roku\/"},"wordCount":365,"commentCount":0,"image":{"@id":"https:\/\/jdm.pl\/blog\/czy-warto-prowadzic-bloga-w-2023-roku\/#primaryimage"},"thumbnailUrl":"https:\/\/jdm.pl\/blog\/wp-content\/uploads\/2023\/02\/jdm.pl-wpis-na-bloga-3-1.png","keywords":["dla bloger\u00f3w"],"articleSection":["Porady","WordPress"],"inLanguage":"pl-PL","potentialAction":[{"@type":"CommentAction","name":"Comment","target":["https:\/\/jdm.pl\/blog\/czy-warto-prowadzic-bloga-w-2023-roku\/#respond"]}]},{"@type":"WebPage","@id":"https:\/\/jdm.pl\/blog\/czy-warto-prowadzic-bloga-w-2023-roku\/","url":"https:\/\/jdm.pl\/blog\/czy-warto-prowadzic-bloga-w-2023-roku\/","name":"Czy warto prowadzi\u0107 bloga w 2023 roku? - Blog jdm.pl","isPartOf":{"@id":"https:\/\/jdm.pl\/blog\/#website"},"primaryImageOfPage":{"@id":"https:\/\/jdm.pl\/blog\/czy-warto-prowadzic-bloga-w-2023-roku\/#primaryimage"},"image":{"@id":"https:\/\/jdm.pl\/blog\/czy-warto-prowadzic-bloga-w-2023-roku\/#primaryimage"},"thumbnailUrl":"https:\/\/jdm.pl\/blog\/wp-content\/uploads\/2023\/02\/jdm.pl-wpis-na-bloga-3-1.png","datePublished":"2023-02-17T07:24:00+00:00","dateModified":"2023-02-17T07:24:01+00:00","author":{"@id":"https:\/\/jdm.pl\/blog\/#\/schema\/person\/26e7a9c6f5b416eabcfed62ee02685c0"},"description":"Czy warto prowadzi\u0107 bloga w 2023 roku - a mo\u017ce blogi to ju\u017c prze\u017cytek i nie maj\u0105 \u017cadnej warto\u015bci? Zapraszamy do lektury.","breadcrumb":{"@id":"https:\/\/jdm.pl\/blog\/czy-warto-prowadzic-bloga-w-2023-roku\/#breadcrumb"},"inLanguage":"pl-PL","potentialAction":[{"@type":"ReadAction","target":["https:\/\/jdm.pl\/blog\/czy-warto-prowadzic-bloga-w-2023-roku\/"]}]},{"@type":"ImageObject","inLanguage":"pl-PL","@id":"https:\/\/jdm.pl\/blog\/czy-warto-prowadzic-bloga-w-2023-roku\/#primaryimage","url":"https:\/\/jdm.pl\/blog\/wp-content\/uploads\/2023\/02\/jdm.pl-wpis-na-bloga-3-1.png","contentUrl":"https:\/\/jdm.pl\/blog\/wp-content\/uploads\/2023\/02\/jdm.pl-wpis-na-bloga-3-1.png","width":1200,"height":630,"caption":"Czy warto prowadzi\u0107 bloga w 2023 roku"},{"@type":"BreadcrumbList","@id":"https:\/\/jdm.pl\/blog\/czy-warto-prowadzic-bloga-w-2023-roku\/#breadcrumb","itemListElement":[{"@type":"ListItem","position":1,"name":"Strona g\u0142\u00f3wna","item":"https:\/\/jdm.pl\/blog\/"},{"@type":"ListItem","position":2,"name":"Czy warto prowadzi\u0107 bloga w 2023 roku?"}]},{"@type":"WebSite","@id":"https:\/\/jdm.pl\/blog\/#website","url":"https:\/\/jdm.pl\/blog\/","name":"Blog jdm.pl","description":"WordPress tutoriale i porady","potentialAction":[{"@type":"SearchAction","target":{"@type":"EntryPoint","urlTemplate":"https:\/\/jdm.pl\/blog\/?s={search_term_string}"},"query-input":{"@type":"PropertyValueSpecification","valueRequired":true,"valueName":"search_term_string"}}],"inLanguage":"pl-PL"},{"@type":"Person","@id":"https:\/\/jdm.pl\/blog\/#\/schema\/person\/26e7a9c6f5b416eabcfed62ee02685c0","name":"Anna Starek-Wr\u00f3bel","image":{"@type":"ImageObject","inLanguage":"pl-PL","@id":"https:\/\/secure.gravatar.com\/avatar\/c514af5a4b2affc5fccce6e1cf2e2d03eb6489cfbf462552eee35a68ed106974?s=96&d=mm&r=g","url":"https:\/\/secure.gravatar.com\/avatar\/c514af5a4b2affc5fccce6e1cf2e2d03eb6489cfbf462552eee35a68ed106974?s=96&d=mm&r=g","contentUrl":"https:\/\/secure.gravatar.com\/avatar\/c514af5a4b2affc5fccce6e1cf2e2d03eb6489cfbf462552eee35a68ed106974?s=96&d=mm&r=g","caption":"Anna Starek-Wr\u00f3bel"},"sameAs":["https:\/\/cmo.im"],"url":"https:\/\/jdm.pl\/blog\/author\/anna-starek\/"}]}},"jetpack_featured_media_url":"https:\/\/jdm.pl\/blog\/wp-content\/uploads\/2023\/02\/jdm.pl-wpis-na-bloga-3-1.png","uagb_featured_image_src":{"full":["https:\/\/jdm.pl\/blog\/wp-content\/uploads\/2023\/02\/jdm.pl-wpis-na-bloga-3-1.png",1200,630,false],"thumbnail":["https:\/\/jdm.pl\/blog\/wp-content\/uploads\/2023\/02\/jdm.pl-wpis-na-bloga-3-1-150x150.png",150,150,true],"medium":["https:\/\/jdm.pl\/blog\/wp-content\/uploads\/2023\/02\/jdm.pl-wpis-na-bloga-3-1-300x158.png",300,158,true],"medium_large":["https:\/\/jdm.pl\/blog\/wp-content\/uploads\/2023\/02\/jdm.pl-wpis-na-bloga-3-1-768x403.png",640,336,true],"large":["https:\/\/jdm.pl\/blog\/wp-content\/uploads\/2023\/02\/jdm.pl-wpis-na-bloga-3-1-1024x538.png",640,336,true],"hd_qu_size2":["https:\/\/jdm.pl\/blog\/wp-content\/uploads\/2023\/02\/jdm.pl-wpis-na-bloga-3-1.png",400,210,false],"1536x1536":["https:\/\/jdm.pl\/blog\/wp-content\/uploads\/2023\/02\/jdm.pl-wpis-na-bloga-3-1.png",1200,630,false],"2048x2048":["https:\/\/jdm.pl\/blog\/wp-content\/uploads\/2023\/02\/jdm.pl-wpis-na-bloga-3-1.png",1200,630,false],"sidebar-thumb":["https:\/\/jdm.pl\/blog\/wp-content\/uploads\/2023\/02\/jdm.pl-wpis-na-bloga-3-1-250x124.png",250,124,true]},"uagb_author_info":{"display_name":"Anna Starek-Wr\u00f3bel","author_link":"https:\/\/jdm.pl\/blog\/author\/anna-starek\/"},"uagb_comment_info":0,"uagb_excerpt":"Czy warto prowadzi\u0107 bloga w 2023 roku? W czasie, kiedy social media \u015bwi\u0119c\u0105 triumfy, jednocze\u015bnie po cichu trwa powr\u00f3t do blog\u00f3w. Dzisiaj przedstawimy dlaczego warto nadal pisa\u0107 bloga na swojej stronie internetowej. WordPress &#8211; blogowe pocz\u0105tki W tym roku WordPress ko\u0144czy 20 lat! 27 maja 2003 roku, ukaza\u0142a si\u0119 pierwsza publiczna wersja WordPressa oznaczona numerem&hellip;","jetpack_sharing_enabled":true,"_links":{"self":[{"href":"https:\/\/jdm.pl\/blog\/wp-json\/wp\/v2\/posts\/2931","targetHints":{"allow":["GET"]}}],"collection":[{"href":"https:\/\/jdm.pl\/blog\/wp-json\/wp\/v2\/posts"}],"about":[{"href":"https:\/\/jdm.pl\/blog\/wp-json\/wp\/v2\/types\/post"}],"author":[{"embeddable":true,"href":"https:\/\/jdm.pl\/blog\/wp-json\/wp\/v2\/users\/4"}],"replies":[{"embeddable":true,"href":"https:\/\/jdm.pl\/blog\/wp-json\/wp\/v2\/comments?post=2931"}],"version-history":[{"count":1,"href":"https:\/\/jdm.pl\/blog\/wp-json\/wp\/v2\/posts\/2931\/revisions"}],"predecessor-version":[{"id":2934,"href":"https:\/\/jdm.pl\/blog\/wp-json\/wp\/v2\/posts\/2931\/revisions\/2934"}],"wp:featuredmedia":[{"embeddable":true,"href":"https:\/\/jdm.pl\/blog\/wp-json\/wp\/v2\/media\/2932"}],"wp:attachment":[{"href":"https:\/\/jdm.pl\/blog\/wp-json\/wp\/v2\/media?parent=2931"}],"wp:term":[{"taxonomy":"category","embeddable":true,"href":"https:\/\/jdm.pl\/blog\/wp-json\/wp\/v2\/categories?post=2931"},{"taxonomy":"post_tag","embeddable":true,"href":"https:\/\/jdm.pl\/blog\/wp-json\/wp\/v2\/tags?post=2931"}],"curies":[{"name":"wp","href":"https:\/\/api.w.org\/{rel}","templated":true}]}}