{"id":2537,"date":"2022-10-07T17:36:00","date_gmt":"2022-10-07T15:36:00","guid":{"rendered":"https:\/\/jdm.pl\/blog\/?p=2537"},"modified":"2022-10-10T19:49:16","modified_gmt":"2022-10-10T17:49:16","slug":"czy-mozna-poszerzyc-gutenberga-o-dodatkowe-bloki","status":"publish","type":"post","link":"https:\/\/jdm.pl\/blog\/czy-mozna-poszerzyc-gutenberga-o-dodatkowe-bloki\/","title":{"rendered":"Czy mo\u017cna poszerzy\u0107 Gutenberga o dodatkowe bloki?"},"content":{"rendered":"\n<p>Pocz\u0105tkuj\u0105cy u\u017cytkownicy WordPressa, kt\u00f3rzy zdecydowali si\u0119 na korzystanie z Gutenberga, cz\u0119sto skar\u017c\u0105 si\u0119 na nadal do\u015b\u0107 ograniczone mo\u017cliwo\u015bci poszczeg\u00f3lnych blok\u00f3w. Chocia\u017c przez kolejne wersje WordPressa, natywny builder si\u0119 rozrasta, nadal mo\u017cliwo\u015bciami nie dogania komercyjnych wtyczek. <\/p>\n\n\n\n<p>Jednak i tutaj na pomoc pospieszyli tw\u00f3rcy plugin\u00f3w i aktualnie w repozytorium znajduje si\u0119 wiele rozszerze\u0144, kt\u00f3re dodaj\u0105 dodatkowe bloki. Oczywi\u015bcie wybieraj\u0105c plugin nale\u017cy pami\u0119ta\u0107, \u017ce tak jak z ka\u017cdym dodatkowym elementem WordPressa mog\u0105 by\u0107 one lepsze lub gorsze. Dlatego w kolejnych wpisach zaprezentujemy r\u00f3\u017cnorodne mo\u017cliwo\u015bci.<\/p>\n\n\n\n<h2 class=\"has-text-align-center wp-block-heading\">Jak wyszuka\u0107 wtyczk\u0119<\/h2>\n\n\n\n<p>Wtyczk\u0119 wyszukujemy w repozytorium pod has\u0142em <em>blocks<\/em>. Mo\u017cemy te\u017c skorzysta\u0107 z recenzji w sieci, a nast\u0119pnie znale\u017a\u0107 plugin po okre\u015blonej nazwie. <\/p>\n\n\n\n<figure class=\"wp-block-image size-large\"><img loading=\"lazy\" decoding=\"async\" width=\"1024\" height=\"510\" src=\"https:\/\/jdm.pl\/blog\/wp-content\/uploads\/2022\/10\/blocks-1024x510.png\" alt=\"\" class=\"wp-image-2538\" srcset=\"https:\/\/jdm.pl\/blog\/wp-content\/uploads\/2022\/10\/blocks-1024x510.png 1024w, https:\/\/jdm.pl\/blog\/wp-content\/uploads\/2022\/10\/blocks-300x149.png 300w, https:\/\/jdm.pl\/blog\/wp-content\/uploads\/2022\/10\/blocks-768x382.png 768w, https:\/\/jdm.pl\/blog\/wp-content\/uploads\/2022\/10\/blocks-1536x764.png 1536w, https:\/\/jdm.pl\/blog\/wp-content\/uploads\/2022\/10\/blocks-250x124.png 250w, https:\/\/jdm.pl\/blog\/wp-content\/uploads\/2022\/10\/blocks.png 1732w\" sizes=\"auto, (max-width: 1024px) 100vw, 1024px\" \/><\/figure>\n\n\n\n<h2 class=\"has-text-align-center wp-block-heading\">Jak sprawdzi\u0107, kt\u00f3ra wtyczka do blok\u00f3w jest odpowiednia<\/h2>\n\n\n\n<ol class=\"wp-block-list\"><li>Sprawdzi\u0107, czy wtyczka znajduje si\u0119 w oficjalnym repozytorium.<\/li><li>Sprawdzi\u0107, <a href=\"https:\/\/jdm.pl\/blog\/czym-nalezy-sie-kierowac-przy-wyborze-wtyczki\/\" target=\"_blank\" rel=\"noreferrer noopener\">czy jest aktualna<\/a>.<\/li><li>Zobaczy\u0107, ile daje opcja bezp\u0142atna a ile p\u0142atna (czy w darmowej wersji jest u\u017cyteczna).<\/li><li>Jak d\u0142ugo istnieje i jak cz\u0119sto jest aktualizowana.<\/li><li>Jakie ma opinie.<\/li><\/ol>\n\n\n\n<p>Nigdy nie instalujemy plugin\u00f3w z nieznanych \u017ar\u00f3de\u0142, ani takich, kt\u00f3re nie s\u0105 dalej rozwijane. Jedne, jak i drugie nios\u0105 za sob\u0105 ryzyko infekcji naszej strony. Je\u017celi zdecydujemy si\u0119 na p\u0142atny plugin, sprawd\u017amy, jak wygl\u0105da licencja &#8211; czy jest do\u017cywotnia (lifetime), czy musimy p\u0142aci\u0107 za ni\u0105 co rok.<\/p>\n\n\n\n<p>Nie instalujmy plugin\u00f3w pod wp\u0142ywem chwilowej potrzeby. Zastan\u00f3wmy si\u0119, kt\u00f3re opcje b\u0119d\u0105 dla nas faktycznie u\u017cyteczne. Nie musimy mie\u0107 blok\u00f3w &#8222;na zapas&#8221; &#8211; korzystajmy z tych, kt\u00f3rych potrzebujemy. Liczba aktywnych plugin\u00f3w nie jest oboj\u0119tna dla ca\u0142ego WordPressa, wi\u0119c warto wybiera\u0107 rozs\u0105dnie. <\/p>\n","protected":false},"excerpt":{"rendered":"<p>Pocz\u0105tkuj\u0105cy u\u017cytkownicy WordPressa, kt\u00f3rzy zdecydowali si\u0119 na korzystanie z Gutenberga, cz\u0119sto skar\u017c\u0105 si\u0119 na nadal do\u015b\u0107 ograniczone mo\u017cliwo\u015bci poszczeg\u00f3lnych blok\u00f3w. Chocia\u017c przez kolejne wersje WordPressa, natywny builder si\u0119 rozrasta, nadal mo\u017cliwo\u015bciami nie dogania komercyjnych wtyczek. Jednak i tutaj na pomoc pospieszyli tw\u00f3rcy plugin\u00f3w i aktualnie w repozytorium znajduje si\u0119 wiele rozszerze\u0144, kt\u00f3re dodaj\u0105 dodatkowe bloki. [&hellip;]<\/p>\n","protected":false},"author":4,"featured_media":2539,"comment_status":"open","ping_status":"open","sticky":false,"template":"","format":"standard","meta":{"_uag_custom_page_level_css":"","_exactmetrics_skip_tracking":false,"_exactmetrics_sitenote_active":false,"_exactmetrics_sitenote_note":"","_exactmetrics_sitenote_category":0,"_jetpack_memberships_contains_paid_content":false,"footnotes":""},"categories":[29,3],"tags":[12,20,15],"class_list":["post-2537","post","type-post","status-publish","format-standard","has-post-thumbnail","hentry","category-gutenberg","category-wordpress","tag-dla-blogerow","tag-gutenberg","tag-wtyczki"],"yoast_head":"<!-- This site is optimized with the Yoast SEO plugin v27.4 - https:\/\/yoast.com\/product\/yoast-seo-wordpress\/ -->\n<title>Czy mo\u017cna poszerzy\u0107 Gutenberga o dodatkowe bloki? - Blog jdm.pl<\/title>\n<meta name=\"robots\" content=\"index, follow, max-snippet:-1, max-image-preview:large, max-video-preview:-1\" \/>\n<link rel=\"canonical\" href=\"https:\/\/jdm.pl\/blog\/czy-mozna-poszerzyc-gutenberga-o-dodatkowe-bloki\/\" \/>\n<meta property=\"og:locale\" content=\"pl_PL\" \/>\n<meta property=\"og:type\" content=\"article\" \/>\n<meta property=\"og:title\" content=\"Czy mo\u017cna poszerzy\u0107 Gutenberga o dodatkowe bloki? - Blog jdm.pl\" \/>\n<meta property=\"og:description\" content=\"Pocz\u0105tkuj\u0105cy u\u017cytkownicy WordPressa, kt\u00f3rzy zdecydowali si\u0119 na korzystanie z Gutenberga, cz\u0119sto skar\u017c\u0105 si\u0119 na nadal do\u015b\u0107 ograniczone mo\u017cliwo\u015bci poszczeg\u00f3lnych blok\u00f3w. Chocia\u017c przez kolejne wersje WordPressa, natywny builder si\u0119 rozrasta, nadal mo\u017cliwo\u015bciami nie dogania komercyjnych wtyczek. Jednak i tutaj na pomoc pospieszyli tw\u00f3rcy plugin\u00f3w i aktualnie w repozytorium znajduje si\u0119 wiele rozszerze\u0144, kt\u00f3re dodaj\u0105 dodatkowe bloki. [&hellip;]\" \/>\n<meta property=\"og:url\" content=\"https:\/\/jdm.pl\/blog\/czy-mozna-poszerzyc-gutenberga-o-dodatkowe-bloki\/\" \/>\n<meta property=\"og:site_name\" content=\"Blog jdm.pl\" \/>\n<meta property=\"article:published_time\" content=\"2022-10-07T15:36:00+00:00\" \/>\n<meta property=\"article:modified_time\" content=\"2022-10-10T17:49:16+00:00\" \/>\n<meta property=\"og:image\" content=\"https:\/\/jdm.pl\/blog\/wp-content\/uploads\/2022\/10\/dodatkowe-bloki.png\" \/>\n\t<meta property=\"og:image:width\" content=\"1200\" \/>\n\t<meta property=\"og:image:height\" content=\"630\" \/>\n\t<meta property=\"og:image:type\" content=\"image\/png\" \/>\n<meta name=\"author\" content=\"Anna Starek-Wr\u00f3bel\" \/>\n<meta name=\"twitter:card\" content=\"summary_large_image\" \/>\n<meta name=\"twitter:label1\" content=\"Napisane przez\" \/>\n\t<meta name=\"twitter:data1\" content=\"Anna Starek-Wr\u00f3bel\" \/>\n\t<meta name=\"twitter:label2\" content=\"Szacowany czas czytania\" \/>\n\t<meta name=\"twitter:data2\" content=\"2 minuty\" \/>\n<script type=\"application\/ld+json\" class=\"yoast-schema-graph\">{\"@context\":\"https:\\\/\\\/schema.org\",\"@graph\":[{\"@type\":\"Article\",\"@id\":\"https:\\\/\\\/jdm.pl\\\/blog\\\/czy-mozna-poszerzyc-gutenberga-o-dodatkowe-bloki\\\/#article\",\"isPartOf\":{\"@id\":\"https:\\\/\\\/jdm.pl\\\/blog\\\/czy-mozna-poszerzyc-gutenberga-o-dodatkowe-bloki\\\/\"},\"author\":{\"name\":\"Anna Starek-Wr\u00f3bel\",\"@id\":\"https:\\\/\\\/jdm.pl\\\/blog\\\/#\\\/schema\\\/person\\\/26e7a9c6f5b416eabcfed62ee02685c0\"},\"headline\":\"Czy mo\u017cna poszerzy\u0107 Gutenberga o dodatkowe bloki?\",\"datePublished\":\"2022-10-07T15:36:00+00:00\",\"dateModified\":\"2022-10-10T17:49:16+00:00\",\"mainEntityOfPage\":{\"@id\":\"https:\\\/\\\/jdm.pl\\\/blog\\\/czy-mozna-poszerzyc-gutenberga-o-dodatkowe-bloki\\\/\"},\"wordCount\":301,\"commentCount\":0,\"image\":{\"@id\":\"https:\\\/\\\/jdm.pl\\\/blog\\\/czy-mozna-poszerzyc-gutenberga-o-dodatkowe-bloki\\\/#primaryimage\"},\"thumbnailUrl\":\"https:\\\/\\\/jdm.pl\\\/blog\\\/wp-content\\\/uploads\\\/2022\\\/10\\\/dodatkowe-bloki.png\",\"keywords\":[\"dla bloger\u00f3w\",\"Gutenberg\",\"wtyczki\"],\"articleSection\":[\"Gutenberg\",\"WordPress\"],\"inLanguage\":\"pl-PL\",\"potentialAction\":[{\"@type\":\"CommentAction\",\"name\":\"Comment\",\"target\":[\"https:\\\/\\\/jdm.pl\\\/blog\\\/czy-mozna-poszerzyc-gutenberga-o-dodatkowe-bloki\\\/#respond\"]}]},{\"@type\":\"WebPage\",\"@id\":\"https:\\\/\\\/jdm.pl\\\/blog\\\/czy-mozna-poszerzyc-gutenberga-o-dodatkowe-bloki\\\/\",\"url\":\"https:\\\/\\\/jdm.pl\\\/blog\\\/czy-mozna-poszerzyc-gutenberga-o-dodatkowe-bloki\\\/\",\"name\":\"Czy mo\u017cna poszerzy\u0107 Gutenberga o dodatkowe bloki? - Blog jdm.pl\",\"isPartOf\":{\"@id\":\"https:\\\/\\\/jdm.pl\\\/blog\\\/#website\"},\"primaryImageOfPage\":{\"@id\":\"https:\\\/\\\/jdm.pl\\\/blog\\\/czy-mozna-poszerzyc-gutenberga-o-dodatkowe-bloki\\\/#primaryimage\"},\"image\":{\"@id\":\"https:\\\/\\\/jdm.pl\\\/blog\\\/czy-mozna-poszerzyc-gutenberga-o-dodatkowe-bloki\\\/#primaryimage\"},\"thumbnailUrl\":\"https:\\\/\\\/jdm.pl\\\/blog\\\/wp-content\\\/uploads\\\/2022\\\/10\\\/dodatkowe-bloki.png\",\"datePublished\":\"2022-10-07T15:36:00+00:00\",\"dateModified\":\"2022-10-10T17:49:16+00:00\",\"author\":{\"@id\":\"https:\\\/\\\/jdm.pl\\\/blog\\\/#\\\/schema\\\/person\\\/26e7a9c6f5b416eabcfed62ee02685c0\"},\"breadcrumb\":{\"@id\":\"https:\\\/\\\/jdm.pl\\\/blog\\\/czy-mozna-poszerzyc-gutenberga-o-dodatkowe-bloki\\\/#breadcrumb\"},\"inLanguage\":\"pl-PL\",\"potentialAction\":[{\"@type\":\"ReadAction\",\"target\":[\"https:\\\/\\\/jdm.pl\\\/blog\\\/czy-mozna-poszerzyc-gutenberga-o-dodatkowe-bloki\\\/\"]}]},{\"@type\":\"ImageObject\",\"inLanguage\":\"pl-PL\",\"@id\":\"https:\\\/\\\/jdm.pl\\\/blog\\\/czy-mozna-poszerzyc-gutenberga-o-dodatkowe-bloki\\\/#primaryimage\",\"url\":\"https:\\\/\\\/jdm.pl\\\/blog\\\/wp-content\\\/uploads\\\/2022\\\/10\\\/dodatkowe-bloki.png\",\"contentUrl\":\"https:\\\/\\\/jdm.pl\\\/blog\\\/wp-content\\\/uploads\\\/2022\\\/10\\\/dodatkowe-bloki.png\",\"width\":1200,\"height\":630},{\"@type\":\"BreadcrumbList\",\"@id\":\"https:\\\/\\\/jdm.pl\\\/blog\\\/czy-mozna-poszerzyc-gutenberga-o-dodatkowe-bloki\\\/#breadcrumb\",\"itemListElement\":[{\"@type\":\"ListItem\",\"position\":1,\"name\":\"Strona g\u0142\u00f3wna\",\"item\":\"https:\\\/\\\/jdm.pl\\\/blog\\\/\"},{\"@type\":\"ListItem\",\"position\":2,\"name\":\"Czy mo\u017cna poszerzy\u0107 Gutenberga o dodatkowe bloki?\"}]},{\"@type\":\"WebSite\",\"@id\":\"https:\\\/\\\/jdm.pl\\\/blog\\\/#website\",\"url\":\"https:\\\/\\\/jdm.pl\\\/blog\\\/\",\"name\":\"Blog jdm.pl\",\"description\":\"WordPress tutoriale i porady\",\"potentialAction\":[{\"@type\":\"SearchAction\",\"target\":{\"@type\":\"EntryPoint\",\"urlTemplate\":\"https:\\\/\\\/jdm.pl\\\/blog\\\/?s={search_term_string}\"},\"query-input\":{\"@type\":\"PropertyValueSpecification\",\"valueRequired\":true,\"valueName\":\"search_term_string\"}}],\"inLanguage\":\"pl-PL\"},{\"@type\":\"Person\",\"@id\":\"https:\\\/\\\/jdm.pl\\\/blog\\\/#\\\/schema\\\/person\\\/26e7a9c6f5b416eabcfed62ee02685c0\",\"name\":\"Anna Starek-Wr\u00f3bel\",\"image\":{\"@type\":\"ImageObject\",\"inLanguage\":\"pl-PL\",\"@id\":\"https:\\\/\\\/secure.gravatar.com\\\/avatar\\\/c514af5a4b2affc5fccce6e1cf2e2d03eb6489cfbf462552eee35a68ed106974?s=96&d=mm&r=g\",\"url\":\"https:\\\/\\\/secure.gravatar.com\\\/avatar\\\/c514af5a4b2affc5fccce6e1cf2e2d03eb6489cfbf462552eee35a68ed106974?s=96&d=mm&r=g\",\"contentUrl\":\"https:\\\/\\\/secure.gravatar.com\\\/avatar\\\/c514af5a4b2affc5fccce6e1cf2e2d03eb6489cfbf462552eee35a68ed106974?s=96&d=mm&r=g\",\"caption\":\"Anna Starek-Wr\u00f3bel\"},\"sameAs\":[\"https:\\\/\\\/cmo.im\"],\"url\":\"https:\\\/\\\/jdm.pl\\\/blog\\\/author\\\/anna-starek\\\/\"}]}<\/script>\n<!-- \/ Yoast SEO plugin. -->","yoast_head_json":{"title":"Czy mo\u017cna poszerzy\u0107 Gutenberga o dodatkowe bloki? - Blog jdm.pl","robots":{"index":"index","follow":"follow","max-snippet":"max-snippet:-1","max-image-preview":"max-image-preview:large","max-video-preview":"max-video-preview:-1"},"canonical":"https:\/\/jdm.pl\/blog\/czy-mozna-poszerzyc-gutenberga-o-dodatkowe-bloki\/","og_locale":"pl_PL","og_type":"article","og_title":"Czy mo\u017cna poszerzy\u0107 Gutenberga o dodatkowe bloki? - Blog jdm.pl","og_description":"Pocz\u0105tkuj\u0105cy u\u017cytkownicy WordPressa, kt\u00f3rzy zdecydowali si\u0119 na korzystanie z Gutenberga, cz\u0119sto skar\u017c\u0105 si\u0119 na nadal do\u015b\u0107 ograniczone mo\u017cliwo\u015bci poszczeg\u00f3lnych blok\u00f3w. Chocia\u017c przez kolejne wersje WordPressa, natywny builder si\u0119 rozrasta, nadal mo\u017cliwo\u015bciami nie dogania komercyjnych wtyczek. Jednak i tutaj na pomoc pospieszyli tw\u00f3rcy plugin\u00f3w i aktualnie w repozytorium znajduje si\u0119 wiele rozszerze\u0144, kt\u00f3re dodaj\u0105 dodatkowe bloki. [&hellip;]","og_url":"https:\/\/jdm.pl\/blog\/czy-mozna-poszerzyc-gutenberga-o-dodatkowe-bloki\/","og_site_name":"Blog jdm.pl","article_published_time":"2022-10-07T15:36:00+00:00","article_modified_time":"2022-10-10T17:49:16+00:00","og_image":[{"width":1200,"height":630,"url":"https:\/\/jdm.pl\/blog\/wp-content\/uploads\/2022\/10\/dodatkowe-bloki.png","type":"image\/png"}],"author":"Anna Starek-Wr\u00f3bel","twitter_card":"summary_large_image","twitter_misc":{"Napisane przez":"Anna Starek-Wr\u00f3bel","Szacowany czas czytania":"2 minuty"},"schema":{"@context":"https:\/\/schema.org","@graph":[{"@type":"Article","@id":"https:\/\/jdm.pl\/blog\/czy-mozna-poszerzyc-gutenberga-o-dodatkowe-bloki\/#article","isPartOf":{"@id":"https:\/\/jdm.pl\/blog\/czy-mozna-poszerzyc-gutenberga-o-dodatkowe-bloki\/"},"author":{"name":"Anna Starek-Wr\u00f3bel","@id":"https:\/\/jdm.pl\/blog\/#\/schema\/person\/26e7a9c6f5b416eabcfed62ee02685c0"},"headline":"Czy mo\u017cna poszerzy\u0107 Gutenberga o dodatkowe bloki?","datePublished":"2022-10-07T15:36:00+00:00","dateModified":"2022-10-10T17:49:16+00:00","mainEntityOfPage":{"@id":"https:\/\/jdm.pl\/blog\/czy-mozna-poszerzyc-gutenberga-o-dodatkowe-bloki\/"},"wordCount":301,"commentCount":0,"image":{"@id":"https:\/\/jdm.pl\/blog\/czy-mozna-poszerzyc-gutenberga-o-dodatkowe-bloki\/#primaryimage"},"thumbnailUrl":"https:\/\/jdm.pl\/blog\/wp-content\/uploads\/2022\/10\/dodatkowe-bloki.png","keywords":["dla bloger\u00f3w","Gutenberg","wtyczki"],"articleSection":["Gutenberg","WordPress"],"inLanguage":"pl-PL","potentialAction":[{"@type":"CommentAction","name":"Comment","target":["https:\/\/jdm.pl\/blog\/czy-mozna-poszerzyc-gutenberga-o-dodatkowe-bloki\/#respond"]}]},{"@type":"WebPage","@id":"https:\/\/jdm.pl\/blog\/czy-mozna-poszerzyc-gutenberga-o-dodatkowe-bloki\/","url":"https:\/\/jdm.pl\/blog\/czy-mozna-poszerzyc-gutenberga-o-dodatkowe-bloki\/","name":"Czy mo\u017cna poszerzy\u0107 Gutenberga o dodatkowe bloki? - Blog jdm.pl","isPartOf":{"@id":"https:\/\/jdm.pl\/blog\/#website"},"primaryImageOfPage":{"@id":"https:\/\/jdm.pl\/blog\/czy-mozna-poszerzyc-gutenberga-o-dodatkowe-bloki\/#primaryimage"},"image":{"@id":"https:\/\/jdm.pl\/blog\/czy-mozna-poszerzyc-gutenberga-o-dodatkowe-bloki\/#primaryimage"},"thumbnailUrl":"https:\/\/jdm.pl\/blog\/wp-content\/uploads\/2022\/10\/dodatkowe-bloki.png","datePublished":"2022-10-07T15:36:00+00:00","dateModified":"2022-10-10T17:49:16+00:00","author":{"@id":"https:\/\/jdm.pl\/blog\/#\/schema\/person\/26e7a9c6f5b416eabcfed62ee02685c0"},"breadcrumb":{"@id":"https:\/\/jdm.pl\/blog\/czy-mozna-poszerzyc-gutenberga-o-dodatkowe-bloki\/#breadcrumb"},"inLanguage":"pl-PL","potentialAction":[{"@type":"ReadAction","target":["https:\/\/jdm.pl\/blog\/czy-mozna-poszerzyc-gutenberga-o-dodatkowe-bloki\/"]}]},{"@type":"ImageObject","inLanguage":"pl-PL","@id":"https:\/\/jdm.pl\/blog\/czy-mozna-poszerzyc-gutenberga-o-dodatkowe-bloki\/#primaryimage","url":"https:\/\/jdm.pl\/blog\/wp-content\/uploads\/2022\/10\/dodatkowe-bloki.png","contentUrl":"https:\/\/jdm.pl\/blog\/wp-content\/uploads\/2022\/10\/dodatkowe-bloki.png","width":1200,"height":630},{"@type":"BreadcrumbList","@id":"https:\/\/jdm.pl\/blog\/czy-mozna-poszerzyc-gutenberga-o-dodatkowe-bloki\/#breadcrumb","itemListElement":[{"@type":"ListItem","position":1,"name":"Strona g\u0142\u00f3wna","item":"https:\/\/jdm.pl\/blog\/"},{"@type":"ListItem","position":2,"name":"Czy mo\u017cna poszerzy\u0107 Gutenberga o dodatkowe bloki?"}]},{"@type":"WebSite","@id":"https:\/\/jdm.pl\/blog\/#website","url":"https:\/\/jdm.pl\/blog\/","name":"Blog jdm.pl","description":"WordPress tutoriale i porady","potentialAction":[{"@type":"SearchAction","target":{"@type":"EntryPoint","urlTemplate":"https:\/\/jdm.pl\/blog\/?s={search_term_string}"},"query-input":{"@type":"PropertyValueSpecification","valueRequired":true,"valueName":"search_term_string"}}],"inLanguage":"pl-PL"},{"@type":"Person","@id":"https:\/\/jdm.pl\/blog\/#\/schema\/person\/26e7a9c6f5b416eabcfed62ee02685c0","name":"Anna Starek-Wr\u00f3bel","image":{"@type":"ImageObject","inLanguage":"pl-PL","@id":"https:\/\/secure.gravatar.com\/avatar\/c514af5a4b2affc5fccce6e1cf2e2d03eb6489cfbf462552eee35a68ed106974?s=96&d=mm&r=g","url":"https:\/\/secure.gravatar.com\/avatar\/c514af5a4b2affc5fccce6e1cf2e2d03eb6489cfbf462552eee35a68ed106974?s=96&d=mm&r=g","contentUrl":"https:\/\/secure.gravatar.com\/avatar\/c514af5a4b2affc5fccce6e1cf2e2d03eb6489cfbf462552eee35a68ed106974?s=96&d=mm&r=g","caption":"Anna Starek-Wr\u00f3bel"},"sameAs":["https:\/\/cmo.im"],"url":"https:\/\/jdm.pl\/blog\/author\/anna-starek\/"}]}},"jetpack_featured_media_url":"https:\/\/jdm.pl\/blog\/wp-content\/uploads\/2022\/10\/dodatkowe-bloki.png","uagb_featured_image_src":{"full":["https:\/\/jdm.pl\/blog\/wp-content\/uploads\/2022\/10\/dodatkowe-bloki.png",1200,630,false],"thumbnail":["https:\/\/jdm.pl\/blog\/wp-content\/uploads\/2022\/10\/dodatkowe-bloki-150x150.png",150,150,true],"medium":["https:\/\/jdm.pl\/blog\/wp-content\/uploads\/2022\/10\/dodatkowe-bloki-300x158.png",300,158,true],"medium_large":["https:\/\/jdm.pl\/blog\/wp-content\/uploads\/2022\/10\/dodatkowe-bloki-768x403.png",640,336,true],"large":["https:\/\/jdm.pl\/blog\/wp-content\/uploads\/2022\/10\/dodatkowe-bloki-1024x538.png",640,336,true],"hd_qu_size2":["https:\/\/jdm.pl\/blog\/wp-content\/uploads\/2022\/10\/dodatkowe-bloki.png",400,210,false],"1536x1536":["https:\/\/jdm.pl\/blog\/wp-content\/uploads\/2022\/10\/dodatkowe-bloki.png",1200,630,false],"2048x2048":["https:\/\/jdm.pl\/blog\/wp-content\/uploads\/2022\/10\/dodatkowe-bloki.png",1200,630,false],"sidebar-thumb":["https:\/\/jdm.pl\/blog\/wp-content\/uploads\/2022\/10\/dodatkowe-bloki-250x124.png",250,124,true]},"uagb_author_info":{"display_name":"Anna Starek-Wr\u00f3bel","author_link":"https:\/\/jdm.pl\/blog\/author\/anna-starek\/"},"uagb_comment_info":0,"uagb_excerpt":"Pocz\u0105tkuj\u0105cy u\u017cytkownicy WordPressa, kt\u00f3rzy zdecydowali si\u0119 na korzystanie z Gutenberga, cz\u0119sto skar\u017c\u0105 si\u0119 na nadal do\u015b\u0107 ograniczone mo\u017cliwo\u015bci poszczeg\u00f3lnych blok\u00f3w. Chocia\u017c przez kolejne wersje WordPressa, natywny builder si\u0119 rozrasta, nadal mo\u017cliwo\u015bciami nie dogania komercyjnych wtyczek. Jednak i tutaj na pomoc pospieszyli tw\u00f3rcy plugin\u00f3w i aktualnie w repozytorium znajduje si\u0119 wiele rozszerze\u0144, kt\u00f3re dodaj\u0105 dodatkowe bloki.&hellip;","jetpack_sharing_enabled":true,"_links":{"self":[{"href":"https:\/\/jdm.pl\/blog\/wp-json\/wp\/v2\/posts\/2537","targetHints":{"allow":["GET"]}}],"collection":[{"href":"https:\/\/jdm.pl\/blog\/wp-json\/wp\/v2\/posts"}],"about":[{"href":"https:\/\/jdm.pl\/blog\/wp-json\/wp\/v2\/types\/post"}],"author":[{"embeddable":true,"href":"https:\/\/jdm.pl\/blog\/wp-json\/wp\/v2\/users\/4"}],"replies":[{"embeddable":true,"href":"https:\/\/jdm.pl\/blog\/wp-json\/wp\/v2\/comments?post=2537"}],"version-history":[{"count":1,"href":"https:\/\/jdm.pl\/blog\/wp-json\/wp\/v2\/posts\/2537\/revisions"}],"predecessor-version":[{"id":2540,"href":"https:\/\/jdm.pl\/blog\/wp-json\/wp\/v2\/posts\/2537\/revisions\/2540"}],"wp:featuredmedia":[{"embeddable":true,"href":"https:\/\/jdm.pl\/blog\/wp-json\/wp\/v2\/media\/2539"}],"wp:attachment":[{"href":"https:\/\/jdm.pl\/blog\/wp-json\/wp\/v2\/media?parent=2537"}],"wp:term":[{"taxonomy":"category","embeddable":true,"href":"https:\/\/jdm.pl\/blog\/wp-json\/wp\/v2\/categories?post=2537"},{"taxonomy":"post_tag","embeddable":true,"href":"https:\/\/jdm.pl\/blog\/wp-json\/wp\/v2\/tags?post=2537"}],"curies":[{"name":"wp","href":"https:\/\/api.w.org\/{rel}","templated":true}]}}