{"id":2504,"date":"2022-09-29T20:02:00","date_gmt":"2022-09-29T18:02:00","guid":{"rendered":"https:\/\/jdm.pl\/blog\/?p=2504"},"modified":"2022-09-30T20:03:11","modified_gmt":"2022-09-30T18:03:11","slug":"jak-dostosowac-edytor-blokowy-pod-wlasne-potrzeby","status":"publish","type":"post","link":"https:\/\/jdm.pl\/blog\/jak-dostosowac-edytor-blokowy-pod-wlasne-potrzeby\/","title":{"rendered":"Jak dostosowa\u0107 edytor blokowy pod w\u0142asne potrzeby"},"content":{"rendered":"\n<p>\u0141atwo mo\u017cna sprawi\u0107, aby dostosowa\u0107 edytor blokowy pod swoje potrzeby. We wcze\u015bniejszych wpisach przedstawili\u015bmy mo\u017cliwo\u015b\u0107 <a href=\"https:\/\/jdm.pl\/blog\/jak-przypiac-plywajacy-pasek-narzedzi-do-gornej-czesci-strony\/\" target=\"_blank\" rel=\"noreferrer noopener\">przyklejenia paska narz\u0119dzi<\/a> oraz <a href=\"https:\/\/jdm.pl\/blog\/praca-z-trybem-podswietlenia\/\" target=\"_blank\" rel=\"noreferrer noopener\">pracy z trybem pod\u015bwietlenia<\/a>. Jest jednak jeszcze jedna opcja godna uwagi. S\u0105 to preferencje.<\/p>\n\n\n\n<h2 class=\"has-text-align-center wp-block-heading\">Jak ustawi\u0107 w\u0142asne preferencje?<\/h2>\n\n\n\n<p>Opcja <em>Preferencje<\/em> znajduje si\u0119 na samym dole menu, kt\u00f3re jest po klikni\u0119ciu w prawym g\u00f3rnym rogu.<\/p>\n\n\n\n<figure class=\"wp-block-image size-full\"><img loading=\"lazy\" decoding=\"async\" width=\"344\" height=\"792\" src=\"https:\/\/jdm.pl\/blog\/wp-content\/uploads\/2022\/09\/preferencje.png\" alt=\"\" class=\"wp-image-2505\" srcset=\"https:\/\/jdm.pl\/blog\/wp-content\/uploads\/2022\/09\/preferencje.png 344w, https:\/\/jdm.pl\/blog\/wp-content\/uploads\/2022\/09\/preferencje-130x300.png 130w\" sizes=\"auto, (max-width: 344px) 100vw, 344px\" \/><\/figure>\n\n\n\n<p>Po klikni\u0119ciu mo\u017cemy ustawi\u0107 nast\u0119puj\u0105ce opcje, kt\u00f3re dost\u0119pne s\u0105 w trzech grupach: <em>Og\u00f3lne<\/em>, <em>Bloki<\/em>, <em>Panele<\/em>. Cz\u0119\u015b\u0107 og\u00f3lna zawiera ustawienia dotycz\u0105ce publikowania oraz wygl\u0105du zwi\u0105zanego z interfejsem Gutenberga: <\/p>\n\n\n\n<figure class=\"wp-block-image size-full\"><img loading=\"lazy\" decoding=\"async\" width=\"458\" height=\"499\" src=\"https:\/\/jdm.pl\/blog\/wp-content\/uploads\/2022\/09\/opcje.png\" alt=\"\" class=\"wp-image-2506\" srcset=\"https:\/\/jdm.pl\/blog\/wp-content\/uploads\/2022\/09\/opcje.png 458w, https:\/\/jdm.pl\/blog\/wp-content\/uploads\/2022\/09\/opcje-275x300.png 275w\" sizes=\"auto, (max-width: 458px) 100vw, 458px\" \/><\/figure>\n\n\n\n<p>W prosty spos\u00f3b mo\u017cemy tutaj ustawi\u0107 te funkcje, kt\u00f3re chcemy zmieni\u0107, aby usprawni\u0107 swoj\u0105 prac\u0119 w edytorze blokowym. <\/p>\n\n\n\n<h2 class=\"has-text-align-center wp-block-heading\">Preferencje dotycz\u0105ce blok\u00f3w<\/h2>\n\n\n\n<p>W sekcji <em>Bloki<\/em> za\u015b mo\u017cemy dostosowa\u0107 spos\u00f3b interakcji z blokami w bibliotece blok\u00f3w i edycji szablonu poprzez wybranie mo\u017cliwo\u015bci:<\/p>\n\n\n\n<ul class=\"wp-block-list\"><li>poka\u017c najcz\u0119\u015bciej u\u017cywane bloki,<\/li><li>umie\u015b\u0107 kursor tekstowy wewn\u0105trz blok\u00f3w.<\/li><\/ul>\n\n\n\n<p>Ponadto mo\u017cemy \u0142atwo wykluczy\u0107 bloki, kt\u00f3rych nie u\u017cywamy, aby pod r\u0119k\u0105 mie\u0107 jedynie te najw\u0142a\u015bciwsze:<\/p>\n\n\n\n<figure class=\"wp-block-image size-full\"><img loading=\"lazy\" decoding=\"async\" width=\"736\" height=\"606\" src=\"https:\/\/jdm.pl\/blog\/wp-content\/uploads\/2022\/09\/bloki.png\" alt=\"\" class=\"wp-image-2507\" srcset=\"https:\/\/jdm.pl\/blog\/wp-content\/uploads\/2022\/09\/bloki.png 736w, https:\/\/jdm.pl\/blog\/wp-content\/uploads\/2022\/09\/bloki-300x247.png 300w\" sizes=\"auto, (max-width: 736px) 100vw, 736px\" \/><\/figure>\n\n\n\n<p>Mo\u017cemy tak\u017ce ustawi\u0107 to, co chcemy wy\u015bwietla\u0107 w panelu dokumentu &#8211; tutaj mog\u0105 pojawi\u0107 si\u0119 dodatkowe opcje zale\u017cne od wtyczek oraz motywu na naszej stronie. Mo\u017cemy np. ukry\u0107 opcje wtyczki Yoast SEO czy pokaza\u0107 w\u0142asne pola itp.<\/p>\n\n\n\n<figure class=\"wp-block-image size-full\"><img loading=\"lazy\" decoding=\"async\" width=\"720\" height=\"534\" src=\"https:\/\/jdm.pl\/blog\/wp-content\/uploads\/2022\/09\/panele.png\" alt=\"\" class=\"wp-image-2509\" srcset=\"https:\/\/jdm.pl\/blog\/wp-content\/uploads\/2022\/09\/panele.png 720w, https:\/\/jdm.pl\/blog\/wp-content\/uploads\/2022\/09\/panele-300x223.png 300w\" sizes=\"auto, (max-width: 720px) 100vw, 720px\" \/><\/figure>\n\n\n\n<p>Korzystanie z preferencji pozwala na dostosowanie takiego widoku w Gutenbergu, jaki naprawd\u0119 potrzebujemy do wydajnej pracy. Polecamy skorzysta\u0107! <\/p>\n","protected":false},"excerpt":{"rendered":"<p>\u0141atwo mo\u017cna sprawi\u0107, aby dostosowa\u0107 edytor blokowy pod swoje potrzeby. We wcze\u015bniejszych wpisach przedstawili\u015bmy mo\u017cliwo\u015b\u0107 przyklejenia paska narz\u0119dzi oraz pracy z trybem pod\u015bwietlenia. Jest jednak jeszcze jedna opcja godna uwagi. S\u0105 to preferencje. Jak ustawi\u0107 w\u0142asne preferencje? Opcja Preferencje znajduje si\u0119 na samym dole menu, kt\u00f3re jest po klikni\u0119ciu w prawym g\u00f3rnym rogu. Po klikni\u0119ciu [&hellip;]<\/p>\n","protected":false},"author":4,"featured_media":2512,"comment_status":"open","ping_status":"open","sticky":false,"template":"","format":"standard","meta":{"_uag_custom_page_level_css":"","_exactmetrics_skip_tracking":false,"_exactmetrics_sitenote_active":false,"_exactmetrics_sitenote_note":"","_exactmetrics_sitenote_category":0,"_jetpack_memberships_contains_paid_content":false,"footnotes":""},"categories":[29,3],"tags":[12,20,13],"class_list":["post-2504","post","type-post","status-publish","format-standard","has-post-thumbnail","hentry","category-gutenberg","category-wordpress","tag-dla-blogerow","tag-gutenberg","tag-wyglad-strony"],"yoast_head":"<!-- This site is optimized with the Yoast SEO plugin v27.5 - https:\/\/yoast.com\/product\/yoast-seo-wordpress\/ -->\n<title>Jak dostosowa\u0107 edytor blokowy pod w\u0142asne potrzeby - Blog jdm.pl<\/title>\n<meta name=\"robots\" content=\"index, follow, max-snippet:-1, max-image-preview:large, max-video-preview:-1\" \/>\n<link rel=\"canonical\" href=\"https:\/\/jdm.pl\/blog\/jak-dostosowac-edytor-blokowy-pod-wlasne-potrzeby\/\" \/>\n<meta property=\"og:locale\" content=\"pl_PL\" \/>\n<meta property=\"og:type\" content=\"article\" \/>\n<meta property=\"og:title\" content=\"Jak dostosowa\u0107 edytor blokowy pod w\u0142asne potrzeby - Blog jdm.pl\" \/>\n<meta property=\"og:description\" content=\"\u0141atwo mo\u017cna sprawi\u0107, aby dostosowa\u0107 edytor blokowy pod swoje potrzeby. We wcze\u015bniejszych wpisach przedstawili\u015bmy mo\u017cliwo\u015b\u0107 przyklejenia paska narz\u0119dzi oraz pracy z trybem pod\u015bwietlenia. Jest jednak jeszcze jedna opcja godna uwagi. S\u0105 to preferencje. Jak ustawi\u0107 w\u0142asne preferencje? Opcja Preferencje znajduje si\u0119 na samym dole menu, kt\u00f3re jest po klikni\u0119ciu w prawym g\u00f3rnym rogu. Po klikni\u0119ciu [&hellip;]\" \/>\n<meta property=\"og:url\" content=\"https:\/\/jdm.pl\/blog\/jak-dostosowac-edytor-blokowy-pod-wlasne-potrzeby\/\" \/>\n<meta property=\"og:site_name\" content=\"Blog jdm.pl\" \/>\n<meta property=\"article:published_time\" content=\"2022-09-29T18:02:00+00:00\" \/>\n<meta property=\"article:modified_time\" content=\"2022-09-30T18:03:11+00:00\" \/>\n<meta property=\"og:image\" content=\"https:\/\/jdm.pl\/blog\/wp-content\/uploads\/2022\/09\/przebudowa-1.png\" \/>\n\t<meta property=\"og:image:width\" content=\"1200\" \/>\n\t<meta property=\"og:image:height\" content=\"630\" \/>\n\t<meta property=\"og:image:type\" content=\"image\/png\" \/>\n<meta name=\"author\" content=\"Anna Starek-Wr\u00f3bel\" \/>\n<meta name=\"twitter:card\" content=\"summary_large_image\" \/>\n<meta name=\"twitter:label1\" content=\"Napisane przez\" \/>\n\t<meta name=\"twitter:data1\" content=\"Anna Starek-Wr\u00f3bel\" \/>\n\t<meta name=\"twitter:label2\" content=\"Szacowany czas czytania\" \/>\n\t<meta name=\"twitter:data2\" content=\"2 minuty\" \/>\n<script type=\"application\/ld+json\" class=\"yoast-schema-graph\">{\"@context\":\"https:\\\/\\\/schema.org\",\"@graph\":[{\"@type\":\"Article\",\"@id\":\"https:\\\/\\\/jdm.pl\\\/blog\\\/jak-dostosowac-edytor-blokowy-pod-wlasne-potrzeby\\\/#article\",\"isPartOf\":{\"@id\":\"https:\\\/\\\/jdm.pl\\\/blog\\\/jak-dostosowac-edytor-blokowy-pod-wlasne-potrzeby\\\/\"},\"author\":{\"name\":\"Anna Starek-Wr\u00f3bel\",\"@id\":\"https:\\\/\\\/jdm.pl\\\/blog\\\/#\\\/schema\\\/person\\\/26e7a9c6f5b416eabcfed62ee02685c0\"},\"headline\":\"Jak dostosowa\u0107 edytor blokowy pod w\u0142asne potrzeby\",\"datePublished\":\"2022-09-29T18:02:00+00:00\",\"dateModified\":\"2022-09-30T18:03:11+00:00\",\"mainEntityOfPage\":{\"@id\":\"https:\\\/\\\/jdm.pl\\\/blog\\\/jak-dostosowac-edytor-blokowy-pod-wlasne-potrzeby\\\/\"},\"wordCount\":254,\"commentCount\":0,\"image\":{\"@id\":\"https:\\\/\\\/jdm.pl\\\/blog\\\/jak-dostosowac-edytor-blokowy-pod-wlasne-potrzeby\\\/#primaryimage\"},\"thumbnailUrl\":\"https:\\\/\\\/jdm.pl\\\/blog\\\/wp-content\\\/uploads\\\/2022\\\/09\\\/przebudowa-1.png\",\"keywords\":[\"dla bloger\u00f3w\",\"Gutenberg\",\"wygl\u0105d strony\"],\"articleSection\":[\"Gutenberg\",\"WordPress\"],\"inLanguage\":\"pl-PL\",\"potentialAction\":[{\"@type\":\"CommentAction\",\"name\":\"Comment\",\"target\":[\"https:\\\/\\\/jdm.pl\\\/blog\\\/jak-dostosowac-edytor-blokowy-pod-wlasne-potrzeby\\\/#respond\"]}]},{\"@type\":\"WebPage\",\"@id\":\"https:\\\/\\\/jdm.pl\\\/blog\\\/jak-dostosowac-edytor-blokowy-pod-wlasne-potrzeby\\\/\",\"url\":\"https:\\\/\\\/jdm.pl\\\/blog\\\/jak-dostosowac-edytor-blokowy-pod-wlasne-potrzeby\\\/\",\"name\":\"Jak dostosowa\u0107 edytor blokowy pod w\u0142asne potrzeby - Blog jdm.pl\",\"isPartOf\":{\"@id\":\"https:\\\/\\\/jdm.pl\\\/blog\\\/#website\"},\"primaryImageOfPage\":{\"@id\":\"https:\\\/\\\/jdm.pl\\\/blog\\\/jak-dostosowac-edytor-blokowy-pod-wlasne-potrzeby\\\/#primaryimage\"},\"image\":{\"@id\":\"https:\\\/\\\/jdm.pl\\\/blog\\\/jak-dostosowac-edytor-blokowy-pod-wlasne-potrzeby\\\/#primaryimage\"},\"thumbnailUrl\":\"https:\\\/\\\/jdm.pl\\\/blog\\\/wp-content\\\/uploads\\\/2022\\\/09\\\/przebudowa-1.png\",\"datePublished\":\"2022-09-29T18:02:00+00:00\",\"dateModified\":\"2022-09-30T18:03:11+00:00\",\"author\":{\"@id\":\"https:\\\/\\\/jdm.pl\\\/blog\\\/#\\\/schema\\\/person\\\/26e7a9c6f5b416eabcfed62ee02685c0\"},\"breadcrumb\":{\"@id\":\"https:\\\/\\\/jdm.pl\\\/blog\\\/jak-dostosowac-edytor-blokowy-pod-wlasne-potrzeby\\\/#breadcrumb\"},\"inLanguage\":\"pl-PL\",\"potentialAction\":[{\"@type\":\"ReadAction\",\"target\":[\"https:\\\/\\\/jdm.pl\\\/blog\\\/jak-dostosowac-edytor-blokowy-pod-wlasne-potrzeby\\\/\"]}]},{\"@type\":\"ImageObject\",\"inLanguage\":\"pl-PL\",\"@id\":\"https:\\\/\\\/jdm.pl\\\/blog\\\/jak-dostosowac-edytor-blokowy-pod-wlasne-potrzeby\\\/#primaryimage\",\"url\":\"https:\\\/\\\/jdm.pl\\\/blog\\\/wp-content\\\/uploads\\\/2022\\\/09\\\/przebudowa-1.png\",\"contentUrl\":\"https:\\\/\\\/jdm.pl\\\/blog\\\/wp-content\\\/uploads\\\/2022\\\/09\\\/przebudowa-1.png\",\"width\":1200,\"height\":630},{\"@type\":\"BreadcrumbList\",\"@id\":\"https:\\\/\\\/jdm.pl\\\/blog\\\/jak-dostosowac-edytor-blokowy-pod-wlasne-potrzeby\\\/#breadcrumb\",\"itemListElement\":[{\"@type\":\"ListItem\",\"position\":1,\"name\":\"Strona g\u0142\u00f3wna\",\"item\":\"https:\\\/\\\/jdm.pl\\\/blog\\\/\"},{\"@type\":\"ListItem\",\"position\":2,\"name\":\"Jak dostosowa\u0107 edytor blokowy pod w\u0142asne potrzeby\"}]},{\"@type\":\"WebSite\",\"@id\":\"https:\\\/\\\/jdm.pl\\\/blog\\\/#website\",\"url\":\"https:\\\/\\\/jdm.pl\\\/blog\\\/\",\"name\":\"Blog jdm.pl\",\"description\":\"WordPress tutoriale i porady\",\"potentialAction\":[{\"@type\":\"SearchAction\",\"target\":{\"@type\":\"EntryPoint\",\"urlTemplate\":\"https:\\\/\\\/jdm.pl\\\/blog\\\/?s={search_term_string}\"},\"query-input\":{\"@type\":\"PropertyValueSpecification\",\"valueRequired\":true,\"valueName\":\"search_term_string\"}}],\"inLanguage\":\"pl-PL\"},{\"@type\":\"Person\",\"@id\":\"https:\\\/\\\/jdm.pl\\\/blog\\\/#\\\/schema\\\/person\\\/26e7a9c6f5b416eabcfed62ee02685c0\",\"name\":\"Anna Starek-Wr\u00f3bel\",\"image\":{\"@type\":\"ImageObject\",\"inLanguage\":\"pl-PL\",\"@id\":\"https:\\\/\\\/secure.gravatar.com\\\/avatar\\\/c514af5a4b2affc5fccce6e1cf2e2d03eb6489cfbf462552eee35a68ed106974?s=96&d=mm&r=g\",\"url\":\"https:\\\/\\\/secure.gravatar.com\\\/avatar\\\/c514af5a4b2affc5fccce6e1cf2e2d03eb6489cfbf462552eee35a68ed106974?s=96&d=mm&r=g\",\"contentUrl\":\"https:\\\/\\\/secure.gravatar.com\\\/avatar\\\/c514af5a4b2affc5fccce6e1cf2e2d03eb6489cfbf462552eee35a68ed106974?s=96&d=mm&r=g\",\"caption\":\"Anna Starek-Wr\u00f3bel\"},\"sameAs\":[\"https:\\\/\\\/cmo.im\"],\"url\":\"https:\\\/\\\/jdm.pl\\\/blog\\\/author\\\/anna-starek\\\/\"}]}<\/script>\n<!-- \/ Yoast SEO plugin. -->","yoast_head_json":{"title":"Jak dostosowa\u0107 edytor blokowy pod w\u0142asne potrzeby - Blog jdm.pl","robots":{"index":"index","follow":"follow","max-snippet":"max-snippet:-1","max-image-preview":"max-image-preview:large","max-video-preview":"max-video-preview:-1"},"canonical":"https:\/\/jdm.pl\/blog\/jak-dostosowac-edytor-blokowy-pod-wlasne-potrzeby\/","og_locale":"pl_PL","og_type":"article","og_title":"Jak dostosowa\u0107 edytor blokowy pod w\u0142asne potrzeby - Blog jdm.pl","og_description":"\u0141atwo mo\u017cna sprawi\u0107, aby dostosowa\u0107 edytor blokowy pod swoje potrzeby. We wcze\u015bniejszych wpisach przedstawili\u015bmy mo\u017cliwo\u015b\u0107 przyklejenia paska narz\u0119dzi oraz pracy z trybem pod\u015bwietlenia. Jest jednak jeszcze jedna opcja godna uwagi. S\u0105 to preferencje. Jak ustawi\u0107 w\u0142asne preferencje? Opcja Preferencje znajduje si\u0119 na samym dole menu, kt\u00f3re jest po klikni\u0119ciu w prawym g\u00f3rnym rogu. Po klikni\u0119ciu [&hellip;]","og_url":"https:\/\/jdm.pl\/blog\/jak-dostosowac-edytor-blokowy-pod-wlasne-potrzeby\/","og_site_name":"Blog jdm.pl","article_published_time":"2022-09-29T18:02:00+00:00","article_modified_time":"2022-09-30T18:03:11+00:00","og_image":[{"width":1200,"height":630,"url":"https:\/\/jdm.pl\/blog\/wp-content\/uploads\/2022\/09\/przebudowa-1.png","type":"image\/png"}],"author":"Anna Starek-Wr\u00f3bel","twitter_card":"summary_large_image","twitter_misc":{"Napisane przez":"Anna Starek-Wr\u00f3bel","Szacowany czas czytania":"2 minuty"},"schema":{"@context":"https:\/\/schema.org","@graph":[{"@type":"Article","@id":"https:\/\/jdm.pl\/blog\/jak-dostosowac-edytor-blokowy-pod-wlasne-potrzeby\/#article","isPartOf":{"@id":"https:\/\/jdm.pl\/blog\/jak-dostosowac-edytor-blokowy-pod-wlasne-potrzeby\/"},"author":{"name":"Anna Starek-Wr\u00f3bel","@id":"https:\/\/jdm.pl\/blog\/#\/schema\/person\/26e7a9c6f5b416eabcfed62ee02685c0"},"headline":"Jak dostosowa\u0107 edytor blokowy pod w\u0142asne potrzeby","datePublished":"2022-09-29T18:02:00+00:00","dateModified":"2022-09-30T18:03:11+00:00","mainEntityOfPage":{"@id":"https:\/\/jdm.pl\/blog\/jak-dostosowac-edytor-blokowy-pod-wlasne-potrzeby\/"},"wordCount":254,"commentCount":0,"image":{"@id":"https:\/\/jdm.pl\/blog\/jak-dostosowac-edytor-blokowy-pod-wlasne-potrzeby\/#primaryimage"},"thumbnailUrl":"https:\/\/jdm.pl\/blog\/wp-content\/uploads\/2022\/09\/przebudowa-1.png","keywords":["dla bloger\u00f3w","Gutenberg","wygl\u0105d strony"],"articleSection":["Gutenberg","WordPress"],"inLanguage":"pl-PL","potentialAction":[{"@type":"CommentAction","name":"Comment","target":["https:\/\/jdm.pl\/blog\/jak-dostosowac-edytor-blokowy-pod-wlasne-potrzeby\/#respond"]}]},{"@type":"WebPage","@id":"https:\/\/jdm.pl\/blog\/jak-dostosowac-edytor-blokowy-pod-wlasne-potrzeby\/","url":"https:\/\/jdm.pl\/blog\/jak-dostosowac-edytor-blokowy-pod-wlasne-potrzeby\/","name":"Jak dostosowa\u0107 edytor blokowy pod w\u0142asne potrzeby - Blog jdm.pl","isPartOf":{"@id":"https:\/\/jdm.pl\/blog\/#website"},"primaryImageOfPage":{"@id":"https:\/\/jdm.pl\/blog\/jak-dostosowac-edytor-blokowy-pod-wlasne-potrzeby\/#primaryimage"},"image":{"@id":"https:\/\/jdm.pl\/blog\/jak-dostosowac-edytor-blokowy-pod-wlasne-potrzeby\/#primaryimage"},"thumbnailUrl":"https:\/\/jdm.pl\/blog\/wp-content\/uploads\/2022\/09\/przebudowa-1.png","datePublished":"2022-09-29T18:02:00+00:00","dateModified":"2022-09-30T18:03:11+00:00","author":{"@id":"https:\/\/jdm.pl\/blog\/#\/schema\/person\/26e7a9c6f5b416eabcfed62ee02685c0"},"breadcrumb":{"@id":"https:\/\/jdm.pl\/blog\/jak-dostosowac-edytor-blokowy-pod-wlasne-potrzeby\/#breadcrumb"},"inLanguage":"pl-PL","potentialAction":[{"@type":"ReadAction","target":["https:\/\/jdm.pl\/blog\/jak-dostosowac-edytor-blokowy-pod-wlasne-potrzeby\/"]}]},{"@type":"ImageObject","inLanguage":"pl-PL","@id":"https:\/\/jdm.pl\/blog\/jak-dostosowac-edytor-blokowy-pod-wlasne-potrzeby\/#primaryimage","url":"https:\/\/jdm.pl\/blog\/wp-content\/uploads\/2022\/09\/przebudowa-1.png","contentUrl":"https:\/\/jdm.pl\/blog\/wp-content\/uploads\/2022\/09\/przebudowa-1.png","width":1200,"height":630},{"@type":"BreadcrumbList","@id":"https:\/\/jdm.pl\/blog\/jak-dostosowac-edytor-blokowy-pod-wlasne-potrzeby\/#breadcrumb","itemListElement":[{"@type":"ListItem","position":1,"name":"Strona g\u0142\u00f3wna","item":"https:\/\/jdm.pl\/blog\/"},{"@type":"ListItem","position":2,"name":"Jak dostosowa\u0107 edytor blokowy pod w\u0142asne potrzeby"}]},{"@type":"WebSite","@id":"https:\/\/jdm.pl\/blog\/#website","url":"https:\/\/jdm.pl\/blog\/","name":"Blog jdm.pl","description":"WordPress tutoriale i porady","potentialAction":[{"@type":"SearchAction","target":{"@type":"EntryPoint","urlTemplate":"https:\/\/jdm.pl\/blog\/?s={search_term_string}"},"query-input":{"@type":"PropertyValueSpecification","valueRequired":true,"valueName":"search_term_string"}}],"inLanguage":"pl-PL"},{"@type":"Person","@id":"https:\/\/jdm.pl\/blog\/#\/schema\/person\/26e7a9c6f5b416eabcfed62ee02685c0","name":"Anna Starek-Wr\u00f3bel","image":{"@type":"ImageObject","inLanguage":"pl-PL","@id":"https:\/\/secure.gravatar.com\/avatar\/c514af5a4b2affc5fccce6e1cf2e2d03eb6489cfbf462552eee35a68ed106974?s=96&d=mm&r=g","url":"https:\/\/secure.gravatar.com\/avatar\/c514af5a4b2affc5fccce6e1cf2e2d03eb6489cfbf462552eee35a68ed106974?s=96&d=mm&r=g","contentUrl":"https:\/\/secure.gravatar.com\/avatar\/c514af5a4b2affc5fccce6e1cf2e2d03eb6489cfbf462552eee35a68ed106974?s=96&d=mm&r=g","caption":"Anna Starek-Wr\u00f3bel"},"sameAs":["https:\/\/cmo.im"],"url":"https:\/\/jdm.pl\/blog\/author\/anna-starek\/"}]}},"jetpack_featured_media_url":"https:\/\/jdm.pl\/blog\/wp-content\/uploads\/2022\/09\/przebudowa-1.png","uagb_featured_image_src":{"full":["https:\/\/jdm.pl\/blog\/wp-content\/uploads\/2022\/09\/przebudowa-1.png",1200,630,false],"thumbnail":["https:\/\/jdm.pl\/blog\/wp-content\/uploads\/2022\/09\/przebudowa-1-150x150.png",150,150,true],"medium":["https:\/\/jdm.pl\/blog\/wp-content\/uploads\/2022\/09\/przebudowa-1-300x158.png",300,158,true],"medium_large":["https:\/\/jdm.pl\/blog\/wp-content\/uploads\/2022\/09\/przebudowa-1-768x403.png",640,336,true],"large":["https:\/\/jdm.pl\/blog\/wp-content\/uploads\/2022\/09\/przebudowa-1-1024x538.png",640,336,true],"hd_qu_size2":["https:\/\/jdm.pl\/blog\/wp-content\/uploads\/2022\/09\/przebudowa-1.png",400,210,false],"1536x1536":["https:\/\/jdm.pl\/blog\/wp-content\/uploads\/2022\/09\/przebudowa-1.png",1200,630,false],"2048x2048":["https:\/\/jdm.pl\/blog\/wp-content\/uploads\/2022\/09\/przebudowa-1.png",1200,630,false],"sidebar-thumb":["https:\/\/jdm.pl\/blog\/wp-content\/uploads\/2022\/09\/przebudowa-1-250x124.png",250,124,true]},"uagb_author_info":{"display_name":"Anna Starek-Wr\u00f3bel","author_link":"https:\/\/jdm.pl\/blog\/author\/anna-starek\/"},"uagb_comment_info":0,"uagb_excerpt":"\u0141atwo mo\u017cna sprawi\u0107, aby dostosowa\u0107 edytor blokowy pod swoje potrzeby. We wcze\u015bniejszych wpisach przedstawili\u015bmy mo\u017cliwo\u015b\u0107 przyklejenia paska narz\u0119dzi oraz pracy z trybem pod\u015bwietlenia. Jest jednak jeszcze jedna opcja godna uwagi. S\u0105 to preferencje. Jak ustawi\u0107 w\u0142asne preferencje? Opcja Preferencje znajduje si\u0119 na samym dole menu, kt\u00f3re jest po klikni\u0119ciu w prawym g\u00f3rnym rogu. Po klikni\u0119ciu&hellip;","jetpack_sharing_enabled":true,"_links":{"self":[{"href":"https:\/\/jdm.pl\/blog\/wp-json\/wp\/v2\/posts\/2504","targetHints":{"allow":["GET"]}}],"collection":[{"href":"https:\/\/jdm.pl\/blog\/wp-json\/wp\/v2\/posts"}],"about":[{"href":"https:\/\/jdm.pl\/blog\/wp-json\/wp\/v2\/types\/post"}],"author":[{"embeddable":true,"href":"https:\/\/jdm.pl\/blog\/wp-json\/wp\/v2\/users\/4"}],"replies":[{"embeddable":true,"href":"https:\/\/jdm.pl\/blog\/wp-json\/wp\/v2\/comments?post=2504"}],"version-history":[{"count":2,"href":"https:\/\/jdm.pl\/blog\/wp-json\/wp\/v2\/posts\/2504\/revisions"}],"predecessor-version":[{"id":2510,"href":"https:\/\/jdm.pl\/blog\/wp-json\/wp\/v2\/posts\/2504\/revisions\/2510"}],"wp:featuredmedia":[{"embeddable":true,"href":"https:\/\/jdm.pl\/blog\/wp-json\/wp\/v2\/media\/2512"}],"wp:attachment":[{"href":"https:\/\/jdm.pl\/blog\/wp-json\/wp\/v2\/media?parent=2504"}],"wp:term":[{"taxonomy":"category","embeddable":true,"href":"https:\/\/jdm.pl\/blog\/wp-json\/wp\/v2\/categories?post=2504"},{"taxonomy":"post_tag","embeddable":true,"href":"https:\/\/jdm.pl\/blog\/wp-json\/wp\/v2\/tags?post=2504"}],"curies":[{"name":"wp","href":"https:\/\/api.w.org\/{rel}","templated":true}]}}