{"id":2497,"date":"2022-09-28T18:35:00","date_gmt":"2022-09-28T16:35:00","guid":{"rendered":"https:\/\/jdm.pl\/blog\/?p=2497"},"modified":"2022-09-29T18:38:39","modified_gmt":"2022-09-29T16:38:39","slug":"praca-z-trybem-podswietlenia","status":"publish","type":"post","link":"https:\/\/jdm.pl\/blog\/praca-z-trybem-podswietlenia\/","title":{"rendered":"Praca z trybem pod\u015bwietlenia"},"content":{"rendered":"\n<p>Tryb pod\u015bwietlenia to jedna z ciekawszych opcji w Gutenbergu, kt\u00f3ra nie jest jednak powszechnie znana. U\u0142atwia ona prac\u0119 nad poszczeg\u00f3lnymi blokami wpisu lub podstrony, zw\u0142aszcza tam, gdzie mamy do czynienia z d\u0142u\u017cszym dokumentem. Tryb pod\u015bwietlania bardzo \u0142atwo w\u0142\u0105czy\u0107 i wy\u0142\u0105czy\u0107, nie wymaga \u017cadnych dodatkowych wtyczek i warto go przetestowa\u0107, aby sprawdzi\u0107 jak bardzo mo\u017ce u\u0142atwi\u0107 nam prac\u0119.<\/p>\n\n\n\n<h2 class=\"has-text-align-center wp-block-heading\">Po co stosowa\u0107 tryb pod\u015bwietlenia w Gutenbergu<\/h2>\n\n\n\n<p>Tryb pod\u015bwietlenia przede wszystkim pomaga unik\u0105\u0107 przypadkowego wprowadzenia zmian w niew\u0142a\u015bciwym bloku. Wspominali\u015bmy ju\u017c wcze\u015bniej o mo\u017cliwo\u015bci <a href=\"https:\/\/jdm.pl\/blog\/jak-przypiac-plywajacy-pasek-narzedzi-do-gornej-czesci-strony\/\" target=\"_blank\" rel=\"noreferrer noopener\">przypi\u0119cia p\u0142ywaj\u0105cego paska narz\u0119dzi<\/a>. W takiej sytuacji, kiedy mamy go na samej g\u00f3rze podstrony o pomy\u0142ki jest po prostu du\u017co \u0142atwiej. Dodatkowo, kiedy pracujemy nad d\u0142ugim tekstem, dzi\u0119ki opcji pod\u015bwietlenia pro\u015bciej nam jest si\u0119 zorientowa\u0107, w kt\u00f3rym miejscu jeste\u015bmy. To przydatne zw\u0142aszcza wtedy, gdy musimy odej\u015b\u0107 na chwil\u0119 od ekranu. <\/p>\n\n\n\n<p>Wiele os\u00f3b pracuje r\u00f3wnie\u017c w wi\u0119kszym skupieniu, kiedy widzi tylko ten element, na kt\u00f3rym musi si\u0119 skoncentrowa\u0107. Dotyczy to zar\u00f3wno pocz\u0105tkuj\u0105cych webdeveloper\u00f3w, copywriter\u00f3w czy bloger\u00f3w. Praca ze stron\u0105 mo\u017ce by\u0107 wymagaj\u0105ca, dlatego tryb pod\u015bwietlenia sprawi, \u017ce skupimy si\u0119 wy\u0142\u0105cznie na tym, co istotne. <\/p>\n\n\n\n<h2 class=\"has-text-align-center wp-block-heading\">Co si\u0119 dzieje w trybie pod\u015bwietlenia?<\/h2>\n\n\n\n<p>Tryb pod\u015bwietlenia (spotlight) po prostu wyszarza wszystkie bloki opr\u00f3cz tego, kt\u00f3ry jest aktualnie aktywny. Oczywi\u015bcie jest to tylko narz\u0119dzie wspomagaj\u0105ce prac\u0119 nad stron\u0105, w rzeczywisto\u015bci po stronie odbiorcy nie s\u0105 wy\u015bwietlane \u017cadne zmiany w wygl\u0105dzie wpis\u00f3w czy podstron. Oto <strong>jak wygl\u0105da edytor blokowy z w\u0142\u0105czonym trybem pod\u015bwietlenia<\/strong> &#8211; wyr\u00f3\u017cniony jest ten akapit, na kt\u00f3rym obecnie pracujemy, a reszta jest przygaszona: <\/p>\n\n\n\n<figure class=\"wp-block-image size-full\"><img loading=\"lazy\" decoding=\"async\" width=\"966\" height=\"679\" src=\"https:\/\/jdm.pl\/blog\/wp-content\/uploads\/2022\/09\/tryb-podswietlenia.png\" alt=\"\" class=\"wp-image-2498\" srcset=\"https:\/\/jdm.pl\/blog\/wp-content\/uploads\/2022\/09\/tryb-podswietlenia.png 966w, https:\/\/jdm.pl\/blog\/wp-content\/uploads\/2022\/09\/tryb-podswietlenia-300x211.png 300w, https:\/\/jdm.pl\/blog\/wp-content\/uploads\/2022\/09\/tryb-podswietlenia-768x540.png 768w\" sizes=\"auto, (max-width: 966px) 100vw, 966px\" \/><\/figure>\n\n\n\n<h2 class=\"has-text-align-center wp-block-heading\">Jak w\u0142\u0105czy\u0107 tryb pod\u015bwietlenia<\/h2>\n\n\n\n<p>Aby w\u0142\u0105czy\u0107 \/ wy\u0142\u0105czy\u0107 tryb pod\u015bwietlenia klikamy trzy kropki (opcje) w prawym g\u00f3rnym rogu ekranu, a nast\u0119pnie wybieramy Tryb pod\u015bwietlenia. <\/p>\n\n\n\n<figure class=\"wp-block-image size-full\"><img loading=\"lazy\" decoding=\"async\" width=\"415\" height=\"275\" src=\"https:\/\/jdm.pl\/blog\/wp-content\/uploads\/2022\/09\/tryb-podswietlenia-1.png\" alt=\"\" class=\"wp-image-2500\" srcset=\"https:\/\/jdm.pl\/blog\/wp-content\/uploads\/2022\/09\/tryb-podswietlenia-1.png 415w, https:\/\/jdm.pl\/blog\/wp-content\/uploads\/2022\/09\/tryb-podswietlenia-1-300x199.png 300w\" sizes=\"auto, (max-width: 415px) 100vw, 415px\" \/><\/figure>\n\n\n\n<p>Tryb pod\u015bwietlenia jest opcj\u0105, kt\u00f3ra dost\u0119pna jest w Gutenbergu. Dlatego je\u017celi u\u017cywamy na stronie innego buildera jak Elementor czy Wp Bakery, nie b\u0119dziemy mogli niestety z niej skorzysta\u0107. Za to bez problemu sprawdzi si\u0119 w przypadku tych tre\u015bci, kt\u00f3re tworzymy w oparciu o natywny edytor blokowy. <\/p>\n","protected":false},"excerpt":{"rendered":"<p>Tryb pod\u015bwietlenia to jedna z ciekawszych opcji w Gutenbergu, kt\u00f3ra nie jest jednak powszechnie znana. U\u0142atwia ona prac\u0119 nad poszczeg\u00f3lnymi blokami wpisu lub podstrony, zw\u0142aszcza tam, gdzie mamy do czynienia z d\u0142u\u017cszym dokumentem. Tryb pod\u015bwietlania bardzo \u0142atwo w\u0142\u0105czy\u0107 i wy\u0142\u0105czy\u0107, nie wymaga \u017cadnych dodatkowych wtyczek i warto go przetestowa\u0107, aby sprawdzi\u0107 jak bardzo mo\u017ce u\u0142atwi\u0107 [&hellip;]<\/p>\n","protected":false},"author":4,"featured_media":2502,"comment_status":"open","ping_status":"open","sticky":false,"template":"","format":"standard","meta":{"_uag_custom_page_level_css":"","_exactmetrics_skip_tracking":false,"_exactmetrics_sitenote_active":false,"_exactmetrics_sitenote_note":"","_exactmetrics_sitenote_category":0,"_jetpack_memberships_contains_paid_content":false,"footnotes":""},"categories":[29,3],"tags":[12,20],"class_list":["post-2497","post","type-post","status-publish","format-standard","has-post-thumbnail","hentry","category-gutenberg","category-wordpress","tag-dla-blogerow","tag-gutenberg"],"yoast_head":"<!-- This site is optimized with the Yoast SEO plugin v27.4 - https:\/\/yoast.com\/product\/yoast-seo-wordpress\/ -->\n<title>Praca z trybem pod\u015bwietlenia - Blog jdm.pl<\/title>\n<meta name=\"robots\" content=\"index, follow, max-snippet:-1, max-image-preview:large, max-video-preview:-1\" \/>\n<link rel=\"canonical\" href=\"https:\/\/jdm.pl\/blog\/praca-z-trybem-podswietlenia\/\" \/>\n<meta property=\"og:locale\" content=\"pl_PL\" \/>\n<meta property=\"og:type\" content=\"article\" \/>\n<meta property=\"og:title\" content=\"Praca z trybem pod\u015bwietlenia - Blog jdm.pl\" \/>\n<meta property=\"og:description\" content=\"Tryb pod\u015bwietlenia to jedna z ciekawszych opcji w Gutenbergu, kt\u00f3ra nie jest jednak powszechnie znana. U\u0142atwia ona prac\u0119 nad poszczeg\u00f3lnymi blokami wpisu lub podstrony, zw\u0142aszcza tam, gdzie mamy do czynienia z d\u0142u\u017cszym dokumentem. Tryb pod\u015bwietlania bardzo \u0142atwo w\u0142\u0105czy\u0107 i wy\u0142\u0105czy\u0107, nie wymaga \u017cadnych dodatkowych wtyczek i warto go przetestowa\u0107, aby sprawdzi\u0107 jak bardzo mo\u017ce u\u0142atwi\u0107 [&hellip;]\" \/>\n<meta property=\"og:url\" content=\"https:\/\/jdm.pl\/blog\/praca-z-trybem-podswietlenia\/\" \/>\n<meta property=\"og:site_name\" content=\"Blog jdm.pl\" \/>\n<meta property=\"article:published_time\" content=\"2022-09-28T16:35:00+00:00\" \/>\n<meta property=\"article:modified_time\" content=\"2022-09-29T16:38:39+00:00\" \/>\n<meta property=\"og:image\" content=\"https:\/\/jdm.pl\/blog\/wp-content\/uploads\/2022\/09\/podswietlenie.png\" \/>\n\t<meta property=\"og:image:width\" content=\"1200\" \/>\n\t<meta property=\"og:image:height\" content=\"630\" \/>\n\t<meta property=\"og:image:type\" content=\"image\/png\" \/>\n<meta name=\"author\" content=\"Anna Starek-Wr\u00f3bel\" \/>\n<meta name=\"twitter:card\" content=\"summary_large_image\" \/>\n<meta name=\"twitter:label1\" content=\"Napisane przez\" \/>\n\t<meta name=\"twitter:data1\" content=\"Anna Starek-Wr\u00f3bel\" \/>\n\t<meta name=\"twitter:label2\" content=\"Szacowany czas czytania\" \/>\n\t<meta name=\"twitter:data2\" content=\"3 minuty\" \/>\n<script type=\"application\/ld+json\" class=\"yoast-schema-graph\">{\"@context\":\"https:\\\/\\\/schema.org\",\"@graph\":[{\"@type\":\"Article\",\"@id\":\"https:\\\/\\\/jdm.pl\\\/blog\\\/praca-z-trybem-podswietlenia\\\/#article\",\"isPartOf\":{\"@id\":\"https:\\\/\\\/jdm.pl\\\/blog\\\/praca-z-trybem-podswietlenia\\\/\"},\"author\":{\"name\":\"Anna Starek-Wr\u00f3bel\",\"@id\":\"https:\\\/\\\/jdm.pl\\\/blog\\\/#\\\/schema\\\/person\\\/26e7a9c6f5b416eabcfed62ee02685c0\"},\"headline\":\"Praca z trybem pod\u015bwietlenia\",\"datePublished\":\"2022-09-28T16:35:00+00:00\",\"dateModified\":\"2022-09-29T16:38:39+00:00\",\"mainEntityOfPage\":{\"@id\":\"https:\\\/\\\/jdm.pl\\\/blog\\\/praca-z-trybem-podswietlenia\\\/\"},\"wordCount\":394,\"commentCount\":0,\"image\":{\"@id\":\"https:\\\/\\\/jdm.pl\\\/blog\\\/praca-z-trybem-podswietlenia\\\/#primaryimage\"},\"thumbnailUrl\":\"https:\\\/\\\/jdm.pl\\\/blog\\\/wp-content\\\/uploads\\\/2022\\\/09\\\/podswietlenie.png\",\"keywords\":[\"dla bloger\u00f3w\",\"Gutenberg\"],\"articleSection\":[\"Gutenberg\",\"WordPress\"],\"inLanguage\":\"pl-PL\",\"potentialAction\":[{\"@type\":\"CommentAction\",\"name\":\"Comment\",\"target\":[\"https:\\\/\\\/jdm.pl\\\/blog\\\/praca-z-trybem-podswietlenia\\\/#respond\"]}]},{\"@type\":\"WebPage\",\"@id\":\"https:\\\/\\\/jdm.pl\\\/blog\\\/praca-z-trybem-podswietlenia\\\/\",\"url\":\"https:\\\/\\\/jdm.pl\\\/blog\\\/praca-z-trybem-podswietlenia\\\/\",\"name\":\"Praca z trybem pod\u015bwietlenia - Blog jdm.pl\",\"isPartOf\":{\"@id\":\"https:\\\/\\\/jdm.pl\\\/blog\\\/#website\"},\"primaryImageOfPage\":{\"@id\":\"https:\\\/\\\/jdm.pl\\\/blog\\\/praca-z-trybem-podswietlenia\\\/#primaryimage\"},\"image\":{\"@id\":\"https:\\\/\\\/jdm.pl\\\/blog\\\/praca-z-trybem-podswietlenia\\\/#primaryimage\"},\"thumbnailUrl\":\"https:\\\/\\\/jdm.pl\\\/blog\\\/wp-content\\\/uploads\\\/2022\\\/09\\\/podswietlenie.png\",\"datePublished\":\"2022-09-28T16:35:00+00:00\",\"dateModified\":\"2022-09-29T16:38:39+00:00\",\"author\":{\"@id\":\"https:\\\/\\\/jdm.pl\\\/blog\\\/#\\\/schema\\\/person\\\/26e7a9c6f5b416eabcfed62ee02685c0\"},\"breadcrumb\":{\"@id\":\"https:\\\/\\\/jdm.pl\\\/blog\\\/praca-z-trybem-podswietlenia\\\/#breadcrumb\"},\"inLanguage\":\"pl-PL\",\"potentialAction\":[{\"@type\":\"ReadAction\",\"target\":[\"https:\\\/\\\/jdm.pl\\\/blog\\\/praca-z-trybem-podswietlenia\\\/\"]}]},{\"@type\":\"ImageObject\",\"inLanguage\":\"pl-PL\",\"@id\":\"https:\\\/\\\/jdm.pl\\\/blog\\\/praca-z-trybem-podswietlenia\\\/#primaryimage\",\"url\":\"https:\\\/\\\/jdm.pl\\\/blog\\\/wp-content\\\/uploads\\\/2022\\\/09\\\/podswietlenie.png\",\"contentUrl\":\"https:\\\/\\\/jdm.pl\\\/blog\\\/wp-content\\\/uploads\\\/2022\\\/09\\\/podswietlenie.png\",\"width\":1200,\"height\":630},{\"@type\":\"BreadcrumbList\",\"@id\":\"https:\\\/\\\/jdm.pl\\\/blog\\\/praca-z-trybem-podswietlenia\\\/#breadcrumb\",\"itemListElement\":[{\"@type\":\"ListItem\",\"position\":1,\"name\":\"Strona g\u0142\u00f3wna\",\"item\":\"https:\\\/\\\/jdm.pl\\\/blog\\\/\"},{\"@type\":\"ListItem\",\"position\":2,\"name\":\"Praca z trybem pod\u015bwietlenia\"}]},{\"@type\":\"WebSite\",\"@id\":\"https:\\\/\\\/jdm.pl\\\/blog\\\/#website\",\"url\":\"https:\\\/\\\/jdm.pl\\\/blog\\\/\",\"name\":\"Blog jdm.pl\",\"description\":\"WordPress tutoriale i porady\",\"potentialAction\":[{\"@type\":\"SearchAction\",\"target\":{\"@type\":\"EntryPoint\",\"urlTemplate\":\"https:\\\/\\\/jdm.pl\\\/blog\\\/?s={search_term_string}\"},\"query-input\":{\"@type\":\"PropertyValueSpecification\",\"valueRequired\":true,\"valueName\":\"search_term_string\"}}],\"inLanguage\":\"pl-PL\"},{\"@type\":\"Person\",\"@id\":\"https:\\\/\\\/jdm.pl\\\/blog\\\/#\\\/schema\\\/person\\\/26e7a9c6f5b416eabcfed62ee02685c0\",\"name\":\"Anna Starek-Wr\u00f3bel\",\"image\":{\"@type\":\"ImageObject\",\"inLanguage\":\"pl-PL\",\"@id\":\"https:\\\/\\\/secure.gravatar.com\\\/avatar\\\/c514af5a4b2affc5fccce6e1cf2e2d03eb6489cfbf462552eee35a68ed106974?s=96&d=mm&r=g\",\"url\":\"https:\\\/\\\/secure.gravatar.com\\\/avatar\\\/c514af5a4b2affc5fccce6e1cf2e2d03eb6489cfbf462552eee35a68ed106974?s=96&d=mm&r=g\",\"contentUrl\":\"https:\\\/\\\/secure.gravatar.com\\\/avatar\\\/c514af5a4b2affc5fccce6e1cf2e2d03eb6489cfbf462552eee35a68ed106974?s=96&d=mm&r=g\",\"caption\":\"Anna Starek-Wr\u00f3bel\"},\"sameAs\":[\"https:\\\/\\\/cmo.im\"],\"url\":\"https:\\\/\\\/jdm.pl\\\/blog\\\/author\\\/anna-starek\\\/\"}]}<\/script>\n<!-- \/ Yoast SEO plugin. -->","yoast_head_json":{"title":"Praca z trybem pod\u015bwietlenia - Blog jdm.pl","robots":{"index":"index","follow":"follow","max-snippet":"max-snippet:-1","max-image-preview":"max-image-preview:large","max-video-preview":"max-video-preview:-1"},"canonical":"https:\/\/jdm.pl\/blog\/praca-z-trybem-podswietlenia\/","og_locale":"pl_PL","og_type":"article","og_title":"Praca z trybem pod\u015bwietlenia - Blog jdm.pl","og_description":"Tryb pod\u015bwietlenia to jedna z ciekawszych opcji w Gutenbergu, kt\u00f3ra nie jest jednak powszechnie znana. U\u0142atwia ona prac\u0119 nad poszczeg\u00f3lnymi blokami wpisu lub podstrony, zw\u0142aszcza tam, gdzie mamy do czynienia z d\u0142u\u017cszym dokumentem. Tryb pod\u015bwietlania bardzo \u0142atwo w\u0142\u0105czy\u0107 i wy\u0142\u0105czy\u0107, nie wymaga \u017cadnych dodatkowych wtyczek i warto go przetestowa\u0107, aby sprawdzi\u0107 jak bardzo mo\u017ce u\u0142atwi\u0107 [&hellip;]","og_url":"https:\/\/jdm.pl\/blog\/praca-z-trybem-podswietlenia\/","og_site_name":"Blog jdm.pl","article_published_time":"2022-09-28T16:35:00+00:00","article_modified_time":"2022-09-29T16:38:39+00:00","og_image":[{"width":1200,"height":630,"url":"https:\/\/jdm.pl\/blog\/wp-content\/uploads\/2022\/09\/podswietlenie.png","type":"image\/png"}],"author":"Anna Starek-Wr\u00f3bel","twitter_card":"summary_large_image","twitter_misc":{"Napisane przez":"Anna Starek-Wr\u00f3bel","Szacowany czas czytania":"3 minuty"},"schema":{"@context":"https:\/\/schema.org","@graph":[{"@type":"Article","@id":"https:\/\/jdm.pl\/blog\/praca-z-trybem-podswietlenia\/#article","isPartOf":{"@id":"https:\/\/jdm.pl\/blog\/praca-z-trybem-podswietlenia\/"},"author":{"name":"Anna Starek-Wr\u00f3bel","@id":"https:\/\/jdm.pl\/blog\/#\/schema\/person\/26e7a9c6f5b416eabcfed62ee02685c0"},"headline":"Praca z trybem pod\u015bwietlenia","datePublished":"2022-09-28T16:35:00+00:00","dateModified":"2022-09-29T16:38:39+00:00","mainEntityOfPage":{"@id":"https:\/\/jdm.pl\/blog\/praca-z-trybem-podswietlenia\/"},"wordCount":394,"commentCount":0,"image":{"@id":"https:\/\/jdm.pl\/blog\/praca-z-trybem-podswietlenia\/#primaryimage"},"thumbnailUrl":"https:\/\/jdm.pl\/blog\/wp-content\/uploads\/2022\/09\/podswietlenie.png","keywords":["dla bloger\u00f3w","Gutenberg"],"articleSection":["Gutenberg","WordPress"],"inLanguage":"pl-PL","potentialAction":[{"@type":"CommentAction","name":"Comment","target":["https:\/\/jdm.pl\/blog\/praca-z-trybem-podswietlenia\/#respond"]}]},{"@type":"WebPage","@id":"https:\/\/jdm.pl\/blog\/praca-z-trybem-podswietlenia\/","url":"https:\/\/jdm.pl\/blog\/praca-z-trybem-podswietlenia\/","name":"Praca z trybem pod\u015bwietlenia - Blog jdm.pl","isPartOf":{"@id":"https:\/\/jdm.pl\/blog\/#website"},"primaryImageOfPage":{"@id":"https:\/\/jdm.pl\/blog\/praca-z-trybem-podswietlenia\/#primaryimage"},"image":{"@id":"https:\/\/jdm.pl\/blog\/praca-z-trybem-podswietlenia\/#primaryimage"},"thumbnailUrl":"https:\/\/jdm.pl\/blog\/wp-content\/uploads\/2022\/09\/podswietlenie.png","datePublished":"2022-09-28T16:35:00+00:00","dateModified":"2022-09-29T16:38:39+00:00","author":{"@id":"https:\/\/jdm.pl\/blog\/#\/schema\/person\/26e7a9c6f5b416eabcfed62ee02685c0"},"breadcrumb":{"@id":"https:\/\/jdm.pl\/blog\/praca-z-trybem-podswietlenia\/#breadcrumb"},"inLanguage":"pl-PL","potentialAction":[{"@type":"ReadAction","target":["https:\/\/jdm.pl\/blog\/praca-z-trybem-podswietlenia\/"]}]},{"@type":"ImageObject","inLanguage":"pl-PL","@id":"https:\/\/jdm.pl\/blog\/praca-z-trybem-podswietlenia\/#primaryimage","url":"https:\/\/jdm.pl\/blog\/wp-content\/uploads\/2022\/09\/podswietlenie.png","contentUrl":"https:\/\/jdm.pl\/blog\/wp-content\/uploads\/2022\/09\/podswietlenie.png","width":1200,"height":630},{"@type":"BreadcrumbList","@id":"https:\/\/jdm.pl\/blog\/praca-z-trybem-podswietlenia\/#breadcrumb","itemListElement":[{"@type":"ListItem","position":1,"name":"Strona g\u0142\u00f3wna","item":"https:\/\/jdm.pl\/blog\/"},{"@type":"ListItem","position":2,"name":"Praca z trybem pod\u015bwietlenia"}]},{"@type":"WebSite","@id":"https:\/\/jdm.pl\/blog\/#website","url":"https:\/\/jdm.pl\/blog\/","name":"Blog jdm.pl","description":"WordPress tutoriale i porady","potentialAction":[{"@type":"SearchAction","target":{"@type":"EntryPoint","urlTemplate":"https:\/\/jdm.pl\/blog\/?s={search_term_string}"},"query-input":{"@type":"PropertyValueSpecification","valueRequired":true,"valueName":"search_term_string"}}],"inLanguage":"pl-PL"},{"@type":"Person","@id":"https:\/\/jdm.pl\/blog\/#\/schema\/person\/26e7a9c6f5b416eabcfed62ee02685c0","name":"Anna Starek-Wr\u00f3bel","image":{"@type":"ImageObject","inLanguage":"pl-PL","@id":"https:\/\/secure.gravatar.com\/avatar\/c514af5a4b2affc5fccce6e1cf2e2d03eb6489cfbf462552eee35a68ed106974?s=96&d=mm&r=g","url":"https:\/\/secure.gravatar.com\/avatar\/c514af5a4b2affc5fccce6e1cf2e2d03eb6489cfbf462552eee35a68ed106974?s=96&d=mm&r=g","contentUrl":"https:\/\/secure.gravatar.com\/avatar\/c514af5a4b2affc5fccce6e1cf2e2d03eb6489cfbf462552eee35a68ed106974?s=96&d=mm&r=g","caption":"Anna Starek-Wr\u00f3bel"},"sameAs":["https:\/\/cmo.im"],"url":"https:\/\/jdm.pl\/blog\/author\/anna-starek\/"}]}},"jetpack_featured_media_url":"https:\/\/jdm.pl\/blog\/wp-content\/uploads\/2022\/09\/podswietlenie.png","uagb_featured_image_src":{"full":["https:\/\/jdm.pl\/blog\/wp-content\/uploads\/2022\/09\/podswietlenie.png",1200,630,false],"thumbnail":["https:\/\/jdm.pl\/blog\/wp-content\/uploads\/2022\/09\/podswietlenie-150x150.png",150,150,true],"medium":["https:\/\/jdm.pl\/blog\/wp-content\/uploads\/2022\/09\/podswietlenie-300x158.png",300,158,true],"medium_large":["https:\/\/jdm.pl\/blog\/wp-content\/uploads\/2022\/09\/podswietlenie-768x403.png",640,336,true],"large":["https:\/\/jdm.pl\/blog\/wp-content\/uploads\/2022\/09\/podswietlenie-1024x538.png",640,336,true],"hd_qu_size2":["https:\/\/jdm.pl\/blog\/wp-content\/uploads\/2022\/09\/podswietlenie.png",400,210,false],"1536x1536":["https:\/\/jdm.pl\/blog\/wp-content\/uploads\/2022\/09\/podswietlenie.png",1200,630,false],"2048x2048":["https:\/\/jdm.pl\/blog\/wp-content\/uploads\/2022\/09\/podswietlenie.png",1200,630,false],"sidebar-thumb":["https:\/\/jdm.pl\/blog\/wp-content\/uploads\/2022\/09\/podswietlenie-250x124.png",250,124,true]},"uagb_author_info":{"display_name":"Anna Starek-Wr\u00f3bel","author_link":"https:\/\/jdm.pl\/blog\/author\/anna-starek\/"},"uagb_comment_info":0,"uagb_excerpt":"Tryb pod\u015bwietlenia to jedna z ciekawszych opcji w Gutenbergu, kt\u00f3ra nie jest jednak powszechnie znana. U\u0142atwia ona prac\u0119 nad poszczeg\u00f3lnymi blokami wpisu lub podstrony, zw\u0142aszcza tam, gdzie mamy do czynienia z d\u0142u\u017cszym dokumentem. Tryb pod\u015bwietlania bardzo \u0142atwo w\u0142\u0105czy\u0107 i wy\u0142\u0105czy\u0107, nie wymaga \u017cadnych dodatkowych wtyczek i warto go przetestowa\u0107, aby sprawdzi\u0107 jak bardzo mo\u017ce u\u0142atwi\u0107&hellip;","jetpack_sharing_enabled":true,"_links":{"self":[{"href":"https:\/\/jdm.pl\/blog\/wp-json\/wp\/v2\/posts\/2497","targetHints":{"allow":["GET"]}}],"collection":[{"href":"https:\/\/jdm.pl\/blog\/wp-json\/wp\/v2\/posts"}],"about":[{"href":"https:\/\/jdm.pl\/blog\/wp-json\/wp\/v2\/types\/post"}],"author":[{"embeddable":true,"href":"https:\/\/jdm.pl\/blog\/wp-json\/wp\/v2\/users\/4"}],"replies":[{"embeddable":true,"href":"https:\/\/jdm.pl\/blog\/wp-json\/wp\/v2\/comments?post=2497"}],"version-history":[{"count":3,"href":"https:\/\/jdm.pl\/blog\/wp-json\/wp\/v2\/posts\/2497\/revisions"}],"predecessor-version":[{"id":2503,"href":"https:\/\/jdm.pl\/blog\/wp-json\/wp\/v2\/posts\/2497\/revisions\/2503"}],"wp:featuredmedia":[{"embeddable":true,"href":"https:\/\/jdm.pl\/blog\/wp-json\/wp\/v2\/media\/2502"}],"wp:attachment":[{"href":"https:\/\/jdm.pl\/blog\/wp-json\/wp\/v2\/media?parent=2497"}],"wp:term":[{"taxonomy":"category","embeddable":true,"href":"https:\/\/jdm.pl\/blog\/wp-json\/wp\/v2\/categories?post=2497"},{"taxonomy":"post_tag","embeddable":true,"href":"https:\/\/jdm.pl\/blog\/wp-json\/wp\/v2\/tags?post=2497"}],"curies":[{"name":"wp","href":"https:\/\/api.w.org\/{rel}","templated":true}]}}