{"id":2487,"date":"2022-09-27T17:49:00","date_gmt":"2022-09-27T15:49:00","guid":{"rendered":"https:\/\/jdm.pl\/blog\/?p=2487"},"modified":"2022-09-29T18:07:50","modified_gmt":"2022-09-29T16:07:50","slug":"jak-przypiac-plywajacy-pasek-narzedzi-do-gornej-czesci-strony","status":"publish","type":"post","link":"https:\/\/jdm.pl\/blog\/jak-przypiac-plywajacy-pasek-narzedzi-do-gornej-czesci-strony\/","title":{"rendered":"Jak przypi\u0105\u0107 p\u0142ywaj\u0105cy pasek narz\u0119dzi do g\u00f3rnej cz\u0119\u015bci strony"},"content":{"rendered":"\n<p>P\u0142ywaj\u0105cy pasek narz\u0119dzi w edytorze blokowym Gutenberg, kt\u00f3ry pozornie pojawia si\u0119 i znika losowo na g\u00f3rze ka\u017cdego bloku, mo\u017ce by\u0107 dla niekt\u00f3rych m\u0119cz\u0105cy. Na szcz\u0119\u015bcie istnieje spos\u00f3b na przypi\u0119cie go na g\u00f3rze strony. Poni\u017cej na animacji, dok\u0142adnie wida\u0107, <strong>o kt\u00f3rym pasku narz\u0119dzi <\/strong>dok\u0142adnie m\u00f3wimy:<\/p>\n\n\n\n<p><\/p>\n\n\n\n<figure class=\"wp-block-image size-full\"><img loading=\"lazy\" decoding=\"async\" width=\"1116\" height=\"484\" src=\"https:\/\/jdm.pl\/blog\/wp-content\/uploads\/2022\/09\/pasek-narzedzi.gif\" alt=\"\" class=\"wp-image-2488\"\/><\/figure>\n\n\n\n<p>W <a href=\"https:\/\/jdm.pl\/blog\/edytor-klasyczny-a-gutenberg\/\" target=\"_blank\" rel=\"noreferrer noopener\">klasycznym edytorze WordPressa<\/a>, kt\u00f3rego u\u017cywali\u015bmy przed er\u0105 Gutenberga, nie pojawia\u0142 si\u0119 on w tej formie wcale, ale by\u0142 sta\u0142ym elementem. Dlatego te\u017c jego przypi\u0119cie mo\u017ce pom\u00f3c w pracy osobom przyzwyczajonym do dawnej formy edytora. <\/p>\n\n\n\n<h2 class=\"has-text-align-center wp-block-heading\">Jak przypi\u0105\u0107 pasek narz\u0119dzi<\/h2>\n\n\n\n<p>Aby to zrobi\u0107, po prostu klikamy opcje (trzy pionowe kropki) w prawym g\u00f3rnym rogu ekranu i wybieramy G\u00f3rny pasek narz\u0119dzi. Kiedy go zaznaczymy, zobaczymy, \u017ce pasek narz\u0119dzi pojawia si\u0119 na samej g\u00f3rze podstrony \/ wpisu. Teraz<strong> pasek pozostanie w jednym miejscu<\/strong>, chocia\u017c jego opcje b\u0119d\u0105 si\u0119 r\u00f3\u017cni\u0107 w zale\u017cno\u015bci od aktywnego typu bloku.<\/p>\n\n\n\n<figure class=\"wp-block-image size-full\"><img loading=\"lazy\" decoding=\"async\" width=\"520\" height=\"281\" src=\"https:\/\/jdm.pl\/blog\/wp-content\/uploads\/2022\/09\/strzalka.png\" alt=\"\" class=\"wp-image-2494\" srcset=\"https:\/\/jdm.pl\/blog\/wp-content\/uploads\/2022\/09\/strzalka.png 520w, https:\/\/jdm.pl\/blog\/wp-content\/uploads\/2022\/09\/strzalka-300x162.png 300w\" sizes=\"auto, (max-width: 520px) 100vw, 520px\" \/><\/figure>\n\n\n\n<p><\/p>\n\n\n\n<p><\/p>\n\n\n\n<figure class=\"wp-block-image size-full\"><img loading=\"lazy\" decoding=\"async\" width=\"1831\" height=\"429\" src=\"https:\/\/jdm.pl\/blog\/wp-content\/uploads\/2022\/09\/pasek-narzedzi-2.gif\" alt=\"\" class=\"wp-image-2491\"\/><\/figure>\n\n\n\n<p>Oczywi\u015bcie w ka\u017cdym momencie mo\u017cemy wr\u00f3ci\u0107 do p\u0142ywaj\u0105cego paska narz\u0119dzi &#8211; wystarczy, \u017ce na powr\u00f3t odznaczymy opcj\u0119. P\u0142ywaj\u0105ce paski narz\u0119dzi mog\u0105 by\u0107 irytuj\u0105ce, ale dla niekt\u00f3rych zdecydowanie wygodniejsze w u\u017cyciu. To, jak\u0105 opcj\u0119 wybierzemy nie ma \u017cadnego znaczenia dla samego WordPressa, wp\u0142ywa jedynie na ergonomi\u0119 naszej pracy. <\/p>\n\n\n\n<p><\/p>\n\n\n\n<p><\/p>\n\n\n\n<p>Przyk\u0142adowy blok tekstu<\/p>\n","protected":false},"excerpt":{"rendered":"<p>P\u0142ywaj\u0105cy pasek narz\u0119dzi w edytorze blokowym Gutenberg, kt\u00f3ry pozornie pojawia si\u0119 i znika losowo na g\u00f3rze ka\u017cdego bloku, mo\u017ce by\u0107 dla niekt\u00f3rych m\u0119cz\u0105cy. Na szcz\u0119\u015bcie istnieje spos\u00f3b na przypi\u0119cie go na g\u00f3rze strony. Poni\u017cej na animacji, dok\u0142adnie wida\u0107, o kt\u00f3rym pasku narz\u0119dzi dok\u0142adnie m\u00f3wimy: W klasycznym edytorze WordPressa, kt\u00f3rego u\u017cywali\u015bmy przed er\u0105 Gutenberga, nie pojawia\u0142 [&hellip;]<\/p>\n","protected":false},"author":4,"featured_media":2492,"comment_status":"open","ping_status":"open","sticky":false,"template":"","format":"standard","meta":{"_uag_custom_page_level_css":"","_exactmetrics_skip_tracking":false,"_exactmetrics_sitenote_active":false,"_exactmetrics_sitenote_note":"","_exactmetrics_sitenote_category":0,"_jetpack_memberships_contains_paid_content":false,"footnotes":""},"categories":[29,3],"tags":[12,20],"class_list":["post-2487","post","type-post","status-publish","format-standard","has-post-thumbnail","hentry","category-gutenberg","category-wordpress","tag-dla-blogerow","tag-gutenberg"],"yoast_head":"<!-- This site is optimized with the Yoast SEO plugin v27.4 - https:\/\/yoast.com\/product\/yoast-seo-wordpress\/ -->\n<title>Jak przypi\u0105\u0107 p\u0142ywaj\u0105cy pasek narz\u0119dzi do g\u00f3rnej cz\u0119\u015bci strony - Blog jdm.pl<\/title>\n<meta name=\"robots\" content=\"index, follow, max-snippet:-1, max-image-preview:large, max-video-preview:-1\" \/>\n<link rel=\"canonical\" href=\"https:\/\/jdm.pl\/blog\/jak-przypiac-plywajacy-pasek-narzedzi-do-gornej-czesci-strony\/\" \/>\n<meta property=\"og:locale\" content=\"pl_PL\" \/>\n<meta property=\"og:type\" content=\"article\" \/>\n<meta property=\"og:title\" content=\"Jak przypi\u0105\u0107 p\u0142ywaj\u0105cy pasek narz\u0119dzi do g\u00f3rnej cz\u0119\u015bci strony - Blog jdm.pl\" \/>\n<meta property=\"og:description\" content=\"P\u0142ywaj\u0105cy pasek narz\u0119dzi w edytorze blokowym Gutenberg, kt\u00f3ry pozornie pojawia si\u0119 i znika losowo na g\u00f3rze ka\u017cdego bloku, mo\u017ce by\u0107 dla niekt\u00f3rych m\u0119cz\u0105cy. Na szcz\u0119\u015bcie istnieje spos\u00f3b na przypi\u0119cie go na g\u00f3rze strony. Poni\u017cej na animacji, dok\u0142adnie wida\u0107, o kt\u00f3rym pasku narz\u0119dzi dok\u0142adnie m\u00f3wimy: W klasycznym edytorze WordPressa, kt\u00f3rego u\u017cywali\u015bmy przed er\u0105 Gutenberga, nie pojawia\u0142 [&hellip;]\" \/>\n<meta property=\"og:url\" content=\"https:\/\/jdm.pl\/blog\/jak-przypiac-plywajacy-pasek-narzedzi-do-gornej-czesci-strony\/\" \/>\n<meta property=\"og:site_name\" content=\"Blog jdm.pl\" \/>\n<meta property=\"article:published_time\" content=\"2022-09-27T15:49:00+00:00\" \/>\n<meta property=\"article:modified_time\" content=\"2022-09-29T16:07:50+00:00\" \/>\n<meta property=\"og:image\" content=\"https:\/\/jdm.pl\/blog\/wp-content\/uploads\/2022\/09\/pasek.png\" \/>\n\t<meta property=\"og:image:width\" content=\"1200\" \/>\n\t<meta property=\"og:image:height\" content=\"630\" \/>\n\t<meta property=\"og:image:type\" content=\"image\/png\" \/>\n<meta name=\"author\" content=\"Anna Starek-Wr\u00f3bel\" \/>\n<meta name=\"twitter:card\" content=\"summary_large_image\" \/>\n<meta name=\"twitter:label1\" content=\"Napisane przez\" \/>\n\t<meta name=\"twitter:data1\" content=\"Anna Starek-Wr\u00f3bel\" \/>\n\t<meta name=\"twitter:label2\" content=\"Szacowany czas czytania\" \/>\n\t<meta name=\"twitter:data2\" content=\"2 minuty\" \/>\n<script type=\"application\/ld+json\" class=\"yoast-schema-graph\">{\"@context\":\"https:\\\/\\\/schema.org\",\"@graph\":[{\"@type\":\"Article\",\"@id\":\"https:\\\/\\\/jdm.pl\\\/blog\\\/jak-przypiac-plywajacy-pasek-narzedzi-do-gornej-czesci-strony\\\/#article\",\"isPartOf\":{\"@id\":\"https:\\\/\\\/jdm.pl\\\/blog\\\/jak-przypiac-plywajacy-pasek-narzedzi-do-gornej-czesci-strony\\\/\"},\"author\":{\"name\":\"Anna Starek-Wr\u00f3bel\",\"@id\":\"https:\\\/\\\/jdm.pl\\\/blog\\\/#\\\/schema\\\/person\\\/26e7a9c6f5b416eabcfed62ee02685c0\"},\"headline\":\"Jak przypi\u0105\u0107 p\u0142ywaj\u0105cy pasek narz\u0119dzi do g\u00f3rnej cz\u0119\u015bci strony\",\"datePublished\":\"2022-09-27T15:49:00+00:00\",\"dateModified\":\"2022-09-29T16:07:50+00:00\",\"mainEntityOfPage\":{\"@id\":\"https:\\\/\\\/jdm.pl\\\/blog\\\/jak-przypiac-plywajacy-pasek-narzedzi-do-gornej-czesci-strony\\\/\"},\"wordCount\":252,\"commentCount\":0,\"image\":{\"@id\":\"https:\\\/\\\/jdm.pl\\\/blog\\\/jak-przypiac-plywajacy-pasek-narzedzi-do-gornej-czesci-strony\\\/#primaryimage\"},\"thumbnailUrl\":\"https:\\\/\\\/jdm.pl\\\/blog\\\/wp-content\\\/uploads\\\/2022\\\/09\\\/pasek.png\",\"keywords\":[\"dla bloger\u00f3w\",\"Gutenberg\"],\"articleSection\":[\"Gutenberg\",\"WordPress\"],\"inLanguage\":\"pl-PL\",\"potentialAction\":[{\"@type\":\"CommentAction\",\"name\":\"Comment\",\"target\":[\"https:\\\/\\\/jdm.pl\\\/blog\\\/jak-przypiac-plywajacy-pasek-narzedzi-do-gornej-czesci-strony\\\/#respond\"]}]},{\"@type\":\"WebPage\",\"@id\":\"https:\\\/\\\/jdm.pl\\\/blog\\\/jak-przypiac-plywajacy-pasek-narzedzi-do-gornej-czesci-strony\\\/\",\"url\":\"https:\\\/\\\/jdm.pl\\\/blog\\\/jak-przypiac-plywajacy-pasek-narzedzi-do-gornej-czesci-strony\\\/\",\"name\":\"Jak przypi\u0105\u0107 p\u0142ywaj\u0105cy pasek narz\u0119dzi do g\u00f3rnej cz\u0119\u015bci strony - Blog jdm.pl\",\"isPartOf\":{\"@id\":\"https:\\\/\\\/jdm.pl\\\/blog\\\/#website\"},\"primaryImageOfPage\":{\"@id\":\"https:\\\/\\\/jdm.pl\\\/blog\\\/jak-przypiac-plywajacy-pasek-narzedzi-do-gornej-czesci-strony\\\/#primaryimage\"},\"image\":{\"@id\":\"https:\\\/\\\/jdm.pl\\\/blog\\\/jak-przypiac-plywajacy-pasek-narzedzi-do-gornej-czesci-strony\\\/#primaryimage\"},\"thumbnailUrl\":\"https:\\\/\\\/jdm.pl\\\/blog\\\/wp-content\\\/uploads\\\/2022\\\/09\\\/pasek.png\",\"datePublished\":\"2022-09-27T15:49:00+00:00\",\"dateModified\":\"2022-09-29T16:07:50+00:00\",\"author\":{\"@id\":\"https:\\\/\\\/jdm.pl\\\/blog\\\/#\\\/schema\\\/person\\\/26e7a9c6f5b416eabcfed62ee02685c0\"},\"breadcrumb\":{\"@id\":\"https:\\\/\\\/jdm.pl\\\/blog\\\/jak-przypiac-plywajacy-pasek-narzedzi-do-gornej-czesci-strony\\\/#breadcrumb\"},\"inLanguage\":\"pl-PL\",\"potentialAction\":[{\"@type\":\"ReadAction\",\"target\":[\"https:\\\/\\\/jdm.pl\\\/blog\\\/jak-przypiac-plywajacy-pasek-narzedzi-do-gornej-czesci-strony\\\/\"]}]},{\"@type\":\"ImageObject\",\"inLanguage\":\"pl-PL\",\"@id\":\"https:\\\/\\\/jdm.pl\\\/blog\\\/jak-przypiac-plywajacy-pasek-narzedzi-do-gornej-czesci-strony\\\/#primaryimage\",\"url\":\"https:\\\/\\\/jdm.pl\\\/blog\\\/wp-content\\\/uploads\\\/2022\\\/09\\\/pasek.png\",\"contentUrl\":\"https:\\\/\\\/jdm.pl\\\/blog\\\/wp-content\\\/uploads\\\/2022\\\/09\\\/pasek.png\",\"width\":1200,\"height\":630},{\"@type\":\"BreadcrumbList\",\"@id\":\"https:\\\/\\\/jdm.pl\\\/blog\\\/jak-przypiac-plywajacy-pasek-narzedzi-do-gornej-czesci-strony\\\/#breadcrumb\",\"itemListElement\":[{\"@type\":\"ListItem\",\"position\":1,\"name\":\"Strona g\u0142\u00f3wna\",\"item\":\"https:\\\/\\\/jdm.pl\\\/blog\\\/\"},{\"@type\":\"ListItem\",\"position\":2,\"name\":\"Jak przypi\u0105\u0107 p\u0142ywaj\u0105cy pasek narz\u0119dzi do g\u00f3rnej cz\u0119\u015bci strony\"}]},{\"@type\":\"WebSite\",\"@id\":\"https:\\\/\\\/jdm.pl\\\/blog\\\/#website\",\"url\":\"https:\\\/\\\/jdm.pl\\\/blog\\\/\",\"name\":\"Blog jdm.pl\",\"description\":\"WordPress tutoriale i porady\",\"potentialAction\":[{\"@type\":\"SearchAction\",\"target\":{\"@type\":\"EntryPoint\",\"urlTemplate\":\"https:\\\/\\\/jdm.pl\\\/blog\\\/?s={search_term_string}\"},\"query-input\":{\"@type\":\"PropertyValueSpecification\",\"valueRequired\":true,\"valueName\":\"search_term_string\"}}],\"inLanguage\":\"pl-PL\"},{\"@type\":\"Person\",\"@id\":\"https:\\\/\\\/jdm.pl\\\/blog\\\/#\\\/schema\\\/person\\\/26e7a9c6f5b416eabcfed62ee02685c0\",\"name\":\"Anna Starek-Wr\u00f3bel\",\"image\":{\"@type\":\"ImageObject\",\"inLanguage\":\"pl-PL\",\"@id\":\"https:\\\/\\\/secure.gravatar.com\\\/avatar\\\/c514af5a4b2affc5fccce6e1cf2e2d03eb6489cfbf462552eee35a68ed106974?s=96&d=mm&r=g\",\"url\":\"https:\\\/\\\/secure.gravatar.com\\\/avatar\\\/c514af5a4b2affc5fccce6e1cf2e2d03eb6489cfbf462552eee35a68ed106974?s=96&d=mm&r=g\",\"contentUrl\":\"https:\\\/\\\/secure.gravatar.com\\\/avatar\\\/c514af5a4b2affc5fccce6e1cf2e2d03eb6489cfbf462552eee35a68ed106974?s=96&d=mm&r=g\",\"caption\":\"Anna Starek-Wr\u00f3bel\"},\"sameAs\":[\"https:\\\/\\\/cmo.im\"],\"url\":\"https:\\\/\\\/jdm.pl\\\/blog\\\/author\\\/anna-starek\\\/\"}]}<\/script>\n<!-- \/ Yoast SEO plugin. -->","yoast_head_json":{"title":"Jak przypi\u0105\u0107 p\u0142ywaj\u0105cy pasek narz\u0119dzi do g\u00f3rnej cz\u0119\u015bci strony - Blog jdm.pl","robots":{"index":"index","follow":"follow","max-snippet":"max-snippet:-1","max-image-preview":"max-image-preview:large","max-video-preview":"max-video-preview:-1"},"canonical":"https:\/\/jdm.pl\/blog\/jak-przypiac-plywajacy-pasek-narzedzi-do-gornej-czesci-strony\/","og_locale":"pl_PL","og_type":"article","og_title":"Jak przypi\u0105\u0107 p\u0142ywaj\u0105cy pasek narz\u0119dzi do g\u00f3rnej cz\u0119\u015bci strony - Blog jdm.pl","og_description":"P\u0142ywaj\u0105cy pasek narz\u0119dzi w edytorze blokowym Gutenberg, kt\u00f3ry pozornie pojawia si\u0119 i znika losowo na g\u00f3rze ka\u017cdego bloku, mo\u017ce by\u0107 dla niekt\u00f3rych m\u0119cz\u0105cy. Na szcz\u0119\u015bcie istnieje spos\u00f3b na przypi\u0119cie go na g\u00f3rze strony. Poni\u017cej na animacji, dok\u0142adnie wida\u0107, o kt\u00f3rym pasku narz\u0119dzi dok\u0142adnie m\u00f3wimy: W klasycznym edytorze WordPressa, kt\u00f3rego u\u017cywali\u015bmy przed er\u0105 Gutenberga, nie pojawia\u0142 [&hellip;]","og_url":"https:\/\/jdm.pl\/blog\/jak-przypiac-plywajacy-pasek-narzedzi-do-gornej-czesci-strony\/","og_site_name":"Blog jdm.pl","article_published_time":"2022-09-27T15:49:00+00:00","article_modified_time":"2022-09-29T16:07:50+00:00","og_image":[{"width":1200,"height":630,"url":"https:\/\/jdm.pl\/blog\/wp-content\/uploads\/2022\/09\/pasek.png","type":"image\/png"}],"author":"Anna Starek-Wr\u00f3bel","twitter_card":"summary_large_image","twitter_misc":{"Napisane przez":"Anna Starek-Wr\u00f3bel","Szacowany czas czytania":"2 minuty"},"schema":{"@context":"https:\/\/schema.org","@graph":[{"@type":"Article","@id":"https:\/\/jdm.pl\/blog\/jak-przypiac-plywajacy-pasek-narzedzi-do-gornej-czesci-strony\/#article","isPartOf":{"@id":"https:\/\/jdm.pl\/blog\/jak-przypiac-plywajacy-pasek-narzedzi-do-gornej-czesci-strony\/"},"author":{"name":"Anna Starek-Wr\u00f3bel","@id":"https:\/\/jdm.pl\/blog\/#\/schema\/person\/26e7a9c6f5b416eabcfed62ee02685c0"},"headline":"Jak przypi\u0105\u0107 p\u0142ywaj\u0105cy pasek narz\u0119dzi do g\u00f3rnej cz\u0119\u015bci strony","datePublished":"2022-09-27T15:49:00+00:00","dateModified":"2022-09-29T16:07:50+00:00","mainEntityOfPage":{"@id":"https:\/\/jdm.pl\/blog\/jak-przypiac-plywajacy-pasek-narzedzi-do-gornej-czesci-strony\/"},"wordCount":252,"commentCount":0,"image":{"@id":"https:\/\/jdm.pl\/blog\/jak-przypiac-plywajacy-pasek-narzedzi-do-gornej-czesci-strony\/#primaryimage"},"thumbnailUrl":"https:\/\/jdm.pl\/blog\/wp-content\/uploads\/2022\/09\/pasek.png","keywords":["dla bloger\u00f3w","Gutenberg"],"articleSection":["Gutenberg","WordPress"],"inLanguage":"pl-PL","potentialAction":[{"@type":"CommentAction","name":"Comment","target":["https:\/\/jdm.pl\/blog\/jak-przypiac-plywajacy-pasek-narzedzi-do-gornej-czesci-strony\/#respond"]}]},{"@type":"WebPage","@id":"https:\/\/jdm.pl\/blog\/jak-przypiac-plywajacy-pasek-narzedzi-do-gornej-czesci-strony\/","url":"https:\/\/jdm.pl\/blog\/jak-przypiac-plywajacy-pasek-narzedzi-do-gornej-czesci-strony\/","name":"Jak przypi\u0105\u0107 p\u0142ywaj\u0105cy pasek narz\u0119dzi do g\u00f3rnej cz\u0119\u015bci strony - Blog jdm.pl","isPartOf":{"@id":"https:\/\/jdm.pl\/blog\/#website"},"primaryImageOfPage":{"@id":"https:\/\/jdm.pl\/blog\/jak-przypiac-plywajacy-pasek-narzedzi-do-gornej-czesci-strony\/#primaryimage"},"image":{"@id":"https:\/\/jdm.pl\/blog\/jak-przypiac-plywajacy-pasek-narzedzi-do-gornej-czesci-strony\/#primaryimage"},"thumbnailUrl":"https:\/\/jdm.pl\/blog\/wp-content\/uploads\/2022\/09\/pasek.png","datePublished":"2022-09-27T15:49:00+00:00","dateModified":"2022-09-29T16:07:50+00:00","author":{"@id":"https:\/\/jdm.pl\/blog\/#\/schema\/person\/26e7a9c6f5b416eabcfed62ee02685c0"},"breadcrumb":{"@id":"https:\/\/jdm.pl\/blog\/jak-przypiac-plywajacy-pasek-narzedzi-do-gornej-czesci-strony\/#breadcrumb"},"inLanguage":"pl-PL","potentialAction":[{"@type":"ReadAction","target":["https:\/\/jdm.pl\/blog\/jak-przypiac-plywajacy-pasek-narzedzi-do-gornej-czesci-strony\/"]}]},{"@type":"ImageObject","inLanguage":"pl-PL","@id":"https:\/\/jdm.pl\/blog\/jak-przypiac-plywajacy-pasek-narzedzi-do-gornej-czesci-strony\/#primaryimage","url":"https:\/\/jdm.pl\/blog\/wp-content\/uploads\/2022\/09\/pasek.png","contentUrl":"https:\/\/jdm.pl\/blog\/wp-content\/uploads\/2022\/09\/pasek.png","width":1200,"height":630},{"@type":"BreadcrumbList","@id":"https:\/\/jdm.pl\/blog\/jak-przypiac-plywajacy-pasek-narzedzi-do-gornej-czesci-strony\/#breadcrumb","itemListElement":[{"@type":"ListItem","position":1,"name":"Strona g\u0142\u00f3wna","item":"https:\/\/jdm.pl\/blog\/"},{"@type":"ListItem","position":2,"name":"Jak przypi\u0105\u0107 p\u0142ywaj\u0105cy pasek narz\u0119dzi do g\u00f3rnej cz\u0119\u015bci strony"}]},{"@type":"WebSite","@id":"https:\/\/jdm.pl\/blog\/#website","url":"https:\/\/jdm.pl\/blog\/","name":"Blog jdm.pl","description":"WordPress tutoriale i porady","potentialAction":[{"@type":"SearchAction","target":{"@type":"EntryPoint","urlTemplate":"https:\/\/jdm.pl\/blog\/?s={search_term_string}"},"query-input":{"@type":"PropertyValueSpecification","valueRequired":true,"valueName":"search_term_string"}}],"inLanguage":"pl-PL"},{"@type":"Person","@id":"https:\/\/jdm.pl\/blog\/#\/schema\/person\/26e7a9c6f5b416eabcfed62ee02685c0","name":"Anna Starek-Wr\u00f3bel","image":{"@type":"ImageObject","inLanguage":"pl-PL","@id":"https:\/\/secure.gravatar.com\/avatar\/c514af5a4b2affc5fccce6e1cf2e2d03eb6489cfbf462552eee35a68ed106974?s=96&d=mm&r=g","url":"https:\/\/secure.gravatar.com\/avatar\/c514af5a4b2affc5fccce6e1cf2e2d03eb6489cfbf462552eee35a68ed106974?s=96&d=mm&r=g","contentUrl":"https:\/\/secure.gravatar.com\/avatar\/c514af5a4b2affc5fccce6e1cf2e2d03eb6489cfbf462552eee35a68ed106974?s=96&d=mm&r=g","caption":"Anna Starek-Wr\u00f3bel"},"sameAs":["https:\/\/cmo.im"],"url":"https:\/\/jdm.pl\/blog\/author\/anna-starek\/"}]}},"jetpack_featured_media_url":"https:\/\/jdm.pl\/blog\/wp-content\/uploads\/2022\/09\/pasek.png","uagb_featured_image_src":{"full":["https:\/\/jdm.pl\/blog\/wp-content\/uploads\/2022\/09\/pasek.png",1200,630,false],"thumbnail":["https:\/\/jdm.pl\/blog\/wp-content\/uploads\/2022\/09\/pasek-150x150.png",150,150,true],"medium":["https:\/\/jdm.pl\/blog\/wp-content\/uploads\/2022\/09\/pasek-300x158.png",300,158,true],"medium_large":["https:\/\/jdm.pl\/blog\/wp-content\/uploads\/2022\/09\/pasek-768x403.png",640,336,true],"large":["https:\/\/jdm.pl\/blog\/wp-content\/uploads\/2022\/09\/pasek-1024x538.png",640,336,true],"hd_qu_size2":["https:\/\/jdm.pl\/blog\/wp-content\/uploads\/2022\/09\/pasek.png",400,210,false],"1536x1536":["https:\/\/jdm.pl\/blog\/wp-content\/uploads\/2022\/09\/pasek.png",1200,630,false],"2048x2048":["https:\/\/jdm.pl\/blog\/wp-content\/uploads\/2022\/09\/pasek.png",1200,630,false],"sidebar-thumb":["https:\/\/jdm.pl\/blog\/wp-content\/uploads\/2022\/09\/pasek-250x124.png",250,124,true]},"uagb_author_info":{"display_name":"Anna Starek-Wr\u00f3bel","author_link":"https:\/\/jdm.pl\/blog\/author\/anna-starek\/"},"uagb_comment_info":0,"uagb_excerpt":"P\u0142ywaj\u0105cy pasek narz\u0119dzi w edytorze blokowym Gutenberg, kt\u00f3ry pozornie pojawia si\u0119 i znika losowo na g\u00f3rze ka\u017cdego bloku, mo\u017ce by\u0107 dla niekt\u00f3rych m\u0119cz\u0105cy. Na szcz\u0119\u015bcie istnieje spos\u00f3b na przypi\u0119cie go na g\u00f3rze strony. Poni\u017cej na animacji, dok\u0142adnie wida\u0107, o kt\u00f3rym pasku narz\u0119dzi dok\u0142adnie m\u00f3wimy: W klasycznym edytorze WordPressa, kt\u00f3rego u\u017cywali\u015bmy przed er\u0105 Gutenberga, nie pojawia\u0142&hellip;","jetpack_sharing_enabled":true,"_links":{"self":[{"href":"https:\/\/jdm.pl\/blog\/wp-json\/wp\/v2\/posts\/2487","targetHints":{"allow":["GET"]}}],"collection":[{"href":"https:\/\/jdm.pl\/blog\/wp-json\/wp\/v2\/posts"}],"about":[{"href":"https:\/\/jdm.pl\/blog\/wp-json\/wp\/v2\/types\/post"}],"author":[{"embeddable":true,"href":"https:\/\/jdm.pl\/blog\/wp-json\/wp\/v2\/users\/4"}],"replies":[{"embeddable":true,"href":"https:\/\/jdm.pl\/blog\/wp-json\/wp\/v2\/comments?post=2487"}],"version-history":[{"count":3,"href":"https:\/\/jdm.pl\/blog\/wp-json\/wp\/v2\/posts\/2487\/revisions"}],"predecessor-version":[{"id":2496,"href":"https:\/\/jdm.pl\/blog\/wp-json\/wp\/v2\/posts\/2487\/revisions\/2496"}],"wp:featuredmedia":[{"embeddable":true,"href":"https:\/\/jdm.pl\/blog\/wp-json\/wp\/v2\/media\/2492"}],"wp:attachment":[{"href":"https:\/\/jdm.pl\/blog\/wp-json\/wp\/v2\/media?parent=2487"}],"wp:term":[{"taxonomy":"category","embeddable":true,"href":"https:\/\/jdm.pl\/blog\/wp-json\/wp\/v2\/categories?post=2487"},{"taxonomy":"post_tag","embeddable":true,"href":"https:\/\/jdm.pl\/blog\/wp-json\/wp\/v2\/tags?post=2487"}],"curies":[{"name":"wp","href":"https:\/\/api.w.org\/{rel}","templated":true}]}}