{"id":2325,"date":"2022-07-26T09:31:00","date_gmt":"2022-07-26T07:31:00","guid":{"rendered":"https:\/\/jdm.pl\/blog\/?p=2325"},"modified":"2022-08-05T09:58:44","modified_gmt":"2022-08-05T07:58:44","slug":"czym-jest-recykling-tresci","status":"publish","type":"post","link":"https:\/\/jdm.pl\/blog\/czym-jest-recykling-tresci\/","title":{"rendered":"Czym jest recykling tre\u015bci?"},"content":{"rendered":"\n<p>Wszelkie tre\u015bci, kt\u00f3re s\u0105 stale istotne i niezale\u017cne od czynnik\u00f3w takich jak trendy, s\u0105 klasyfikowane jako tzw. wiecznie zielone. Chocia\u017c tego typu informacje nie generuj\u0105 ruchu tak szybko, jak artyku\u0142y tematyczne, na d\u0142u\u017csz\u0105 met\u0119 pomagaj\u0105 budowa\u0107 grono odbiorc\u00f3w i generuj\u0105 cykliczny ruch. Szczeg\u00f3\u0142owo pisali\u015bmy o tym w artykule <a href=\"https:\/\/jdm.pl\/blog\/evergreen-content-co-to-takiego\/\" target=\"_blank\" rel=\"noreferrer noopener\">Evergreen content<\/a>. Dzisiaj om\u00f3wimy, czym jest powi\u0105zany z nimi recykling tre\u015bci. <\/p>\n\n\n\n<h2 class=\"has-text-align-center wp-block-heading\">Recykling tre\u015bci &#8211; co to takiego<\/h2>\n\n\n\n<p>Recykling tre\u015bci to przetwarzanie ju\u017c istniej\u0105cych artyku\u0142\u00f3w na inne formy. Na przyk\u0142ad przekszta\u0142cenie wpisu blogowego na landing page na WordPressie. Ale tak naprawd\u0119 zmian mo\u017ce by\u0107 du\u017co wi\u0119cej, zw\u0142aszcza, je\u015bli uwzgl\u0119dnimy w naszym recyklingu social media:<\/p>\n\n\n\n<ul class=\"wp-block-list\"><li>mo\u017cemy przekszta\u0142ci\u0107 fragmenty bloga we wpisy na Instagramie,<\/li><li>stworzy\u0107 na podstawie wpis\u00f3w infografiki,<\/li><li>wykorzysta\u0107 komentarze do napisania tekstu na blogu lub ankiety,<\/li><li>publikowanie grafik, jako obrazu podstron,<\/li><li>i wiele innych.<\/li><\/ul>\n\n\n\n<h2 class=\"has-text-align-center wp-block-heading\">Korzy\u015bci z recyklingu tre\u015bci<\/h2>\n\n\n\n<p>Recykling tre\u015bci pozwala na wykorzystanie tych samych materia\u0142\u00f3w wielokrotnie, ale w od\u015bwie\u017conej formie. Dzi\u0119ki temu zaoszcz\u0119dzimy czas, ale tak\u017ce przed\u0142u\u017cymy cykl \u017cycia pierwotnemu tekstowi. Dlaczego nie wykorzysta\u0107 tego, co przynosi nam korzy\u015b\u0107?<\/p>\n\n\n\n<p>Do najwi\u0119kszych zalet recyklingu tre\u015bci nale\u017c\u0105:<\/p>\n\n\n\n<ul class=\"wp-block-list\"><li>oszcz\u0119dno\u015b\u0107 czasu tw\u00f3rcy,<\/li><li>skierowanie nowych odbiorc\u00f3w do najbardziej warto\u015bciowych tre\u015bci,<\/li><li>zachowanie aktywno\u015bci na social mediach,<\/li><li>rozw\u00f3j marki, dzi\u0119ki sta\u0142emu monitorowaniu i ewentualnym zmianom contentu.<\/li><\/ul>\n\n\n\n<p>Pracuj\u0105c na wcze\u015bniej opublikowanych tre\u015bciach, jeste\u015bmy stale na bie\u017c\u0105co z danym tematem. Innymi s\u0142owy nie zapominamy o nich, a wr\u0119cz d\u0105\u017cymy do ich aktualizacji i przemian.<\/p>\n\n\n\n<p>Natomiast warto podkre\u015bli\u0107, \u017ce w recyklingu tre\u015bci musimy zachowa\u0107 odpowiedni umiar. Nie powinni\u015bmy tak\u017ce kopiowa\u0107 wpis\u00f3w 1:1, zmieniaj\u0105c jedynie ich format, ale rzeczywi\u015bcie je &#8222;przetworzy\u0107&#8221;. Takie tre\u015bci zach\u0119c\u0105 do lektury nie tylko nowych u\u017cytkownik\u00f3w, ale i przyci\u0105gn\u0105 sta\u0142ych odbiorc\u00f3w. W innym wypadku, mo\u017ce okaza\u0107 si\u0119, \u017ce mamy przesyt informacjami na jeden temat. A to nie pomo\u017ce nam ani w dotarciu do nowego grona os\u00f3b, ani w rozwini\u0119ciu swojej marki. <\/p>\n","protected":false},"excerpt":{"rendered":"<p>Wszelkie tre\u015bci, kt\u00f3re s\u0105 stale istotne i niezale\u017cne od czynnik\u00f3w takich jak trendy, s\u0105 klasyfikowane jako tzw. wiecznie zielone. Chocia\u017c tego typu informacje nie generuj\u0105 ruchu tak szybko, jak artyku\u0142y tematyczne, na d\u0142u\u017csz\u0105 met\u0119 pomagaj\u0105 budowa\u0107 grono odbiorc\u00f3w i generuj\u0105 cykliczny ruch. Szczeg\u00f3\u0142owo pisali\u015bmy o tym w artykule Evergreen content. Dzisiaj om\u00f3wimy, czym jest powi\u0105zany [&hellip;]<\/p>\n","protected":false},"author":4,"featured_media":2326,"comment_status":"open","ping_status":"open","sticky":false,"template":"","format":"standard","meta":{"_uag_custom_page_level_css":"","_exactmetrics_skip_tracking":false,"_exactmetrics_sitenote_active":false,"_exactmetrics_sitenote_note":"","_exactmetrics_sitenote_category":0,"_jetpack_memberships_contains_paid_content":false,"footnotes":""},"categories":[6],"tags":[12],"class_list":["post-2325","post","type-post","status-publish","format-standard","has-post-thumbnail","hentry","category-porady","tag-dla-blogerow"],"yoast_head":"<!-- This site is optimized with the Yoast SEO plugin v27.4 - https:\/\/yoast.com\/product\/yoast-seo-wordpress\/ -->\n<title>Czym jest recykling tre\u015bci? - Blog jdm.pl<\/title>\n<meta name=\"description\" content=\"Czym jest recykling tre\u015bci i jak go stosowa\u0107, aby dotrze\u0107 do nowego grona odbiorc\u00f3w i zach\u0119ci\u0107 do czytania sta\u0142ych u\u017cytkownik\u00f3w.\" \/>\n<meta name=\"robots\" content=\"index, follow, max-snippet:-1, max-image-preview:large, max-video-preview:-1\" \/>\n<link rel=\"canonical\" href=\"https:\/\/jdm.pl\/blog\/czym-jest-recykling-tresci\/\" \/>\n<meta property=\"og:locale\" content=\"pl_PL\" \/>\n<meta property=\"og:type\" content=\"article\" \/>\n<meta property=\"og:title\" content=\"Czym jest recykling tre\u015bci? - Blog jdm.pl\" \/>\n<meta property=\"og:description\" content=\"Czym jest recykling tre\u015bci i jak go stosowa\u0107, aby dotrze\u0107 do nowego grona odbiorc\u00f3w i zach\u0119ci\u0107 do czytania sta\u0142ych u\u017cytkownik\u00f3w.\" \/>\n<meta property=\"og:url\" content=\"https:\/\/jdm.pl\/blog\/czym-jest-recykling-tresci\/\" \/>\n<meta property=\"og:site_name\" content=\"Blog jdm.pl\" \/>\n<meta property=\"article:published_time\" content=\"2022-07-26T07:31:00+00:00\" \/>\n<meta property=\"article:modified_time\" content=\"2022-08-05T07:58:44+00:00\" \/>\n<meta property=\"og:image\" content=\"https:\/\/jdm.pl\/blog\/wp-content\/uploads\/2022\/08\/jdm.pl-wpis-na-bloga-5.png\" \/>\n\t<meta property=\"og:image:width\" content=\"1200\" \/>\n\t<meta property=\"og:image:height\" content=\"630\" \/>\n\t<meta property=\"og:image:type\" content=\"image\/png\" \/>\n<meta name=\"author\" content=\"Anna Starek-Wr\u00f3bel\" \/>\n<meta name=\"twitter:card\" content=\"summary_large_image\" \/>\n<meta name=\"twitter:label1\" content=\"Napisane przez\" \/>\n\t<meta name=\"twitter:data1\" content=\"Anna Starek-Wr\u00f3bel\" \/>\n\t<meta name=\"twitter:label2\" content=\"Szacowany czas czytania\" \/>\n\t<meta name=\"twitter:data2\" content=\"2 minuty\" \/>\n<script type=\"application\/ld+json\" class=\"yoast-schema-graph\">{\"@context\":\"https:\\\/\\\/schema.org\",\"@graph\":[{\"@type\":\"Article\",\"@id\":\"https:\\\/\\\/jdm.pl\\\/blog\\\/czym-jest-recykling-tresci\\\/#article\",\"isPartOf\":{\"@id\":\"https:\\\/\\\/jdm.pl\\\/blog\\\/czym-jest-recykling-tresci\\\/\"},\"author\":{\"name\":\"Anna Starek-Wr\u00f3bel\",\"@id\":\"https:\\\/\\\/jdm.pl\\\/blog\\\/#\\\/schema\\\/person\\\/26e7a9c6f5b416eabcfed62ee02685c0\"},\"headline\":\"Czym jest recykling tre\u015bci?\",\"datePublished\":\"2022-07-26T07:31:00+00:00\",\"dateModified\":\"2022-08-05T07:58:44+00:00\",\"mainEntityOfPage\":{\"@id\":\"https:\\\/\\\/jdm.pl\\\/blog\\\/czym-jest-recykling-tresci\\\/\"},\"wordCount\":372,\"commentCount\":0,\"image\":{\"@id\":\"https:\\\/\\\/jdm.pl\\\/blog\\\/czym-jest-recykling-tresci\\\/#primaryimage\"},\"thumbnailUrl\":\"https:\\\/\\\/jdm.pl\\\/blog\\\/wp-content\\\/uploads\\\/2022\\\/08\\\/jdm.pl-wpis-na-bloga-5.png\",\"keywords\":[\"dla bloger\u00f3w\"],\"articleSection\":[\"Porady\"],\"inLanguage\":\"pl-PL\",\"potentialAction\":[{\"@type\":\"CommentAction\",\"name\":\"Comment\",\"target\":[\"https:\\\/\\\/jdm.pl\\\/blog\\\/czym-jest-recykling-tresci\\\/#respond\"]}]},{\"@type\":\"WebPage\",\"@id\":\"https:\\\/\\\/jdm.pl\\\/blog\\\/czym-jest-recykling-tresci\\\/\",\"url\":\"https:\\\/\\\/jdm.pl\\\/blog\\\/czym-jest-recykling-tresci\\\/\",\"name\":\"Czym jest recykling tre\u015bci? - Blog jdm.pl\",\"isPartOf\":{\"@id\":\"https:\\\/\\\/jdm.pl\\\/blog\\\/#website\"},\"primaryImageOfPage\":{\"@id\":\"https:\\\/\\\/jdm.pl\\\/blog\\\/czym-jest-recykling-tresci\\\/#primaryimage\"},\"image\":{\"@id\":\"https:\\\/\\\/jdm.pl\\\/blog\\\/czym-jest-recykling-tresci\\\/#primaryimage\"},\"thumbnailUrl\":\"https:\\\/\\\/jdm.pl\\\/blog\\\/wp-content\\\/uploads\\\/2022\\\/08\\\/jdm.pl-wpis-na-bloga-5.png\",\"datePublished\":\"2022-07-26T07:31:00+00:00\",\"dateModified\":\"2022-08-05T07:58:44+00:00\",\"author\":{\"@id\":\"https:\\\/\\\/jdm.pl\\\/blog\\\/#\\\/schema\\\/person\\\/26e7a9c6f5b416eabcfed62ee02685c0\"},\"description\":\"Czym jest recykling tre\u015bci i jak go stosowa\u0107, aby dotrze\u0107 do nowego grona odbiorc\u00f3w i zach\u0119ci\u0107 do czytania sta\u0142ych u\u017cytkownik\u00f3w.\",\"breadcrumb\":{\"@id\":\"https:\\\/\\\/jdm.pl\\\/blog\\\/czym-jest-recykling-tresci\\\/#breadcrumb\"},\"inLanguage\":\"pl-PL\",\"potentialAction\":[{\"@type\":\"ReadAction\",\"target\":[\"https:\\\/\\\/jdm.pl\\\/blog\\\/czym-jest-recykling-tresci\\\/\"]}]},{\"@type\":\"ImageObject\",\"inLanguage\":\"pl-PL\",\"@id\":\"https:\\\/\\\/jdm.pl\\\/blog\\\/czym-jest-recykling-tresci\\\/#primaryimage\",\"url\":\"https:\\\/\\\/jdm.pl\\\/blog\\\/wp-content\\\/uploads\\\/2022\\\/08\\\/jdm.pl-wpis-na-bloga-5.png\",\"contentUrl\":\"https:\\\/\\\/jdm.pl\\\/blog\\\/wp-content\\\/uploads\\\/2022\\\/08\\\/jdm.pl-wpis-na-bloga-5.png\",\"width\":1200,\"height\":630},{\"@type\":\"BreadcrumbList\",\"@id\":\"https:\\\/\\\/jdm.pl\\\/blog\\\/czym-jest-recykling-tresci\\\/#breadcrumb\",\"itemListElement\":[{\"@type\":\"ListItem\",\"position\":1,\"name\":\"Strona g\u0142\u00f3wna\",\"item\":\"https:\\\/\\\/jdm.pl\\\/blog\\\/\"},{\"@type\":\"ListItem\",\"position\":2,\"name\":\"Czym jest recykling tre\u015bci?\"}]},{\"@type\":\"WebSite\",\"@id\":\"https:\\\/\\\/jdm.pl\\\/blog\\\/#website\",\"url\":\"https:\\\/\\\/jdm.pl\\\/blog\\\/\",\"name\":\"Blog jdm.pl\",\"description\":\"WordPress tutoriale i porady\",\"potentialAction\":[{\"@type\":\"SearchAction\",\"target\":{\"@type\":\"EntryPoint\",\"urlTemplate\":\"https:\\\/\\\/jdm.pl\\\/blog\\\/?s={search_term_string}\"},\"query-input\":{\"@type\":\"PropertyValueSpecification\",\"valueRequired\":true,\"valueName\":\"search_term_string\"}}],\"inLanguage\":\"pl-PL\"},{\"@type\":\"Person\",\"@id\":\"https:\\\/\\\/jdm.pl\\\/blog\\\/#\\\/schema\\\/person\\\/26e7a9c6f5b416eabcfed62ee02685c0\",\"name\":\"Anna Starek-Wr\u00f3bel\",\"image\":{\"@type\":\"ImageObject\",\"inLanguage\":\"pl-PL\",\"@id\":\"https:\\\/\\\/secure.gravatar.com\\\/avatar\\\/c514af5a4b2affc5fccce6e1cf2e2d03eb6489cfbf462552eee35a68ed106974?s=96&d=mm&r=g\",\"url\":\"https:\\\/\\\/secure.gravatar.com\\\/avatar\\\/c514af5a4b2affc5fccce6e1cf2e2d03eb6489cfbf462552eee35a68ed106974?s=96&d=mm&r=g\",\"contentUrl\":\"https:\\\/\\\/secure.gravatar.com\\\/avatar\\\/c514af5a4b2affc5fccce6e1cf2e2d03eb6489cfbf462552eee35a68ed106974?s=96&d=mm&r=g\",\"caption\":\"Anna Starek-Wr\u00f3bel\"},\"sameAs\":[\"https:\\\/\\\/cmo.im\"],\"url\":\"https:\\\/\\\/jdm.pl\\\/blog\\\/author\\\/anna-starek\\\/\"}]}<\/script>\n<!-- \/ Yoast SEO plugin. -->","yoast_head_json":{"title":"Czym jest recykling tre\u015bci? - Blog jdm.pl","description":"Czym jest recykling tre\u015bci i jak go stosowa\u0107, aby dotrze\u0107 do nowego grona odbiorc\u00f3w i zach\u0119ci\u0107 do czytania sta\u0142ych u\u017cytkownik\u00f3w.","robots":{"index":"index","follow":"follow","max-snippet":"max-snippet:-1","max-image-preview":"max-image-preview:large","max-video-preview":"max-video-preview:-1"},"canonical":"https:\/\/jdm.pl\/blog\/czym-jest-recykling-tresci\/","og_locale":"pl_PL","og_type":"article","og_title":"Czym jest recykling tre\u015bci? - Blog jdm.pl","og_description":"Czym jest recykling tre\u015bci i jak go stosowa\u0107, aby dotrze\u0107 do nowego grona odbiorc\u00f3w i zach\u0119ci\u0107 do czytania sta\u0142ych u\u017cytkownik\u00f3w.","og_url":"https:\/\/jdm.pl\/blog\/czym-jest-recykling-tresci\/","og_site_name":"Blog jdm.pl","article_published_time":"2022-07-26T07:31:00+00:00","article_modified_time":"2022-08-05T07:58:44+00:00","og_image":[{"width":1200,"height":630,"url":"https:\/\/jdm.pl\/blog\/wp-content\/uploads\/2022\/08\/jdm.pl-wpis-na-bloga-5.png","type":"image\/png"}],"author":"Anna Starek-Wr\u00f3bel","twitter_card":"summary_large_image","twitter_misc":{"Napisane przez":"Anna Starek-Wr\u00f3bel","Szacowany czas czytania":"2 minuty"},"schema":{"@context":"https:\/\/schema.org","@graph":[{"@type":"Article","@id":"https:\/\/jdm.pl\/blog\/czym-jest-recykling-tresci\/#article","isPartOf":{"@id":"https:\/\/jdm.pl\/blog\/czym-jest-recykling-tresci\/"},"author":{"name":"Anna Starek-Wr\u00f3bel","@id":"https:\/\/jdm.pl\/blog\/#\/schema\/person\/26e7a9c6f5b416eabcfed62ee02685c0"},"headline":"Czym jest recykling tre\u015bci?","datePublished":"2022-07-26T07:31:00+00:00","dateModified":"2022-08-05T07:58:44+00:00","mainEntityOfPage":{"@id":"https:\/\/jdm.pl\/blog\/czym-jest-recykling-tresci\/"},"wordCount":372,"commentCount":0,"image":{"@id":"https:\/\/jdm.pl\/blog\/czym-jest-recykling-tresci\/#primaryimage"},"thumbnailUrl":"https:\/\/jdm.pl\/blog\/wp-content\/uploads\/2022\/08\/jdm.pl-wpis-na-bloga-5.png","keywords":["dla bloger\u00f3w"],"articleSection":["Porady"],"inLanguage":"pl-PL","potentialAction":[{"@type":"CommentAction","name":"Comment","target":["https:\/\/jdm.pl\/blog\/czym-jest-recykling-tresci\/#respond"]}]},{"@type":"WebPage","@id":"https:\/\/jdm.pl\/blog\/czym-jest-recykling-tresci\/","url":"https:\/\/jdm.pl\/blog\/czym-jest-recykling-tresci\/","name":"Czym jest recykling tre\u015bci? - Blog jdm.pl","isPartOf":{"@id":"https:\/\/jdm.pl\/blog\/#website"},"primaryImageOfPage":{"@id":"https:\/\/jdm.pl\/blog\/czym-jest-recykling-tresci\/#primaryimage"},"image":{"@id":"https:\/\/jdm.pl\/blog\/czym-jest-recykling-tresci\/#primaryimage"},"thumbnailUrl":"https:\/\/jdm.pl\/blog\/wp-content\/uploads\/2022\/08\/jdm.pl-wpis-na-bloga-5.png","datePublished":"2022-07-26T07:31:00+00:00","dateModified":"2022-08-05T07:58:44+00:00","author":{"@id":"https:\/\/jdm.pl\/blog\/#\/schema\/person\/26e7a9c6f5b416eabcfed62ee02685c0"},"description":"Czym jest recykling tre\u015bci i jak go stosowa\u0107, aby dotrze\u0107 do nowego grona odbiorc\u00f3w i zach\u0119ci\u0107 do czytania sta\u0142ych u\u017cytkownik\u00f3w.","breadcrumb":{"@id":"https:\/\/jdm.pl\/blog\/czym-jest-recykling-tresci\/#breadcrumb"},"inLanguage":"pl-PL","potentialAction":[{"@type":"ReadAction","target":["https:\/\/jdm.pl\/blog\/czym-jest-recykling-tresci\/"]}]},{"@type":"ImageObject","inLanguage":"pl-PL","@id":"https:\/\/jdm.pl\/blog\/czym-jest-recykling-tresci\/#primaryimage","url":"https:\/\/jdm.pl\/blog\/wp-content\/uploads\/2022\/08\/jdm.pl-wpis-na-bloga-5.png","contentUrl":"https:\/\/jdm.pl\/blog\/wp-content\/uploads\/2022\/08\/jdm.pl-wpis-na-bloga-5.png","width":1200,"height":630},{"@type":"BreadcrumbList","@id":"https:\/\/jdm.pl\/blog\/czym-jest-recykling-tresci\/#breadcrumb","itemListElement":[{"@type":"ListItem","position":1,"name":"Strona g\u0142\u00f3wna","item":"https:\/\/jdm.pl\/blog\/"},{"@type":"ListItem","position":2,"name":"Czym jest recykling tre\u015bci?"}]},{"@type":"WebSite","@id":"https:\/\/jdm.pl\/blog\/#website","url":"https:\/\/jdm.pl\/blog\/","name":"Blog jdm.pl","description":"WordPress tutoriale i porady","potentialAction":[{"@type":"SearchAction","target":{"@type":"EntryPoint","urlTemplate":"https:\/\/jdm.pl\/blog\/?s={search_term_string}"},"query-input":{"@type":"PropertyValueSpecification","valueRequired":true,"valueName":"search_term_string"}}],"inLanguage":"pl-PL"},{"@type":"Person","@id":"https:\/\/jdm.pl\/blog\/#\/schema\/person\/26e7a9c6f5b416eabcfed62ee02685c0","name":"Anna Starek-Wr\u00f3bel","image":{"@type":"ImageObject","inLanguage":"pl-PL","@id":"https:\/\/secure.gravatar.com\/avatar\/c514af5a4b2affc5fccce6e1cf2e2d03eb6489cfbf462552eee35a68ed106974?s=96&d=mm&r=g","url":"https:\/\/secure.gravatar.com\/avatar\/c514af5a4b2affc5fccce6e1cf2e2d03eb6489cfbf462552eee35a68ed106974?s=96&d=mm&r=g","contentUrl":"https:\/\/secure.gravatar.com\/avatar\/c514af5a4b2affc5fccce6e1cf2e2d03eb6489cfbf462552eee35a68ed106974?s=96&d=mm&r=g","caption":"Anna Starek-Wr\u00f3bel"},"sameAs":["https:\/\/cmo.im"],"url":"https:\/\/jdm.pl\/blog\/author\/anna-starek\/"}]}},"jetpack_featured_media_url":"https:\/\/jdm.pl\/blog\/wp-content\/uploads\/2022\/08\/jdm.pl-wpis-na-bloga-5.png","uagb_featured_image_src":{"full":["https:\/\/jdm.pl\/blog\/wp-content\/uploads\/2022\/08\/jdm.pl-wpis-na-bloga-5.png",1200,630,false],"thumbnail":["https:\/\/jdm.pl\/blog\/wp-content\/uploads\/2022\/08\/jdm.pl-wpis-na-bloga-5-150x150.png",150,150,true],"medium":["https:\/\/jdm.pl\/blog\/wp-content\/uploads\/2022\/08\/jdm.pl-wpis-na-bloga-5-300x158.png",300,158,true],"medium_large":["https:\/\/jdm.pl\/blog\/wp-content\/uploads\/2022\/08\/jdm.pl-wpis-na-bloga-5-768x403.png",640,336,true],"large":["https:\/\/jdm.pl\/blog\/wp-content\/uploads\/2022\/08\/jdm.pl-wpis-na-bloga-5-1024x538.png",640,336,true],"hd_qu_size2":["https:\/\/jdm.pl\/blog\/wp-content\/uploads\/2022\/08\/jdm.pl-wpis-na-bloga-5.png",400,210,false],"1536x1536":["https:\/\/jdm.pl\/blog\/wp-content\/uploads\/2022\/08\/jdm.pl-wpis-na-bloga-5.png",1200,630,false],"2048x2048":["https:\/\/jdm.pl\/blog\/wp-content\/uploads\/2022\/08\/jdm.pl-wpis-na-bloga-5.png",1200,630,false],"sidebar-thumb":["https:\/\/jdm.pl\/blog\/wp-content\/uploads\/2022\/08\/jdm.pl-wpis-na-bloga-5-250x124.png",250,124,true]},"uagb_author_info":{"display_name":"Anna Starek-Wr\u00f3bel","author_link":"https:\/\/jdm.pl\/blog\/author\/anna-starek\/"},"uagb_comment_info":0,"uagb_excerpt":"Wszelkie tre\u015bci, kt\u00f3re s\u0105 stale istotne i niezale\u017cne od czynnik\u00f3w takich jak trendy, s\u0105 klasyfikowane jako tzw. wiecznie zielone. Chocia\u017c tego typu informacje nie generuj\u0105 ruchu tak szybko, jak artyku\u0142y tematyczne, na d\u0142u\u017csz\u0105 met\u0119 pomagaj\u0105 budowa\u0107 grono odbiorc\u00f3w i generuj\u0105 cykliczny ruch. Szczeg\u00f3\u0142owo pisali\u015bmy o tym w artykule Evergreen content. Dzisiaj om\u00f3wimy, czym jest powi\u0105zany&hellip;","jetpack_sharing_enabled":true,"_links":{"self":[{"href":"https:\/\/jdm.pl\/blog\/wp-json\/wp\/v2\/posts\/2325","targetHints":{"allow":["GET"]}}],"collection":[{"href":"https:\/\/jdm.pl\/blog\/wp-json\/wp\/v2\/posts"}],"about":[{"href":"https:\/\/jdm.pl\/blog\/wp-json\/wp\/v2\/types\/post"}],"author":[{"embeddable":true,"href":"https:\/\/jdm.pl\/blog\/wp-json\/wp\/v2\/users\/4"}],"replies":[{"embeddable":true,"href":"https:\/\/jdm.pl\/blog\/wp-json\/wp\/v2\/comments?post=2325"}],"version-history":[{"count":1,"href":"https:\/\/jdm.pl\/blog\/wp-json\/wp\/v2\/posts\/2325\/revisions"}],"predecessor-version":[{"id":2327,"href":"https:\/\/jdm.pl\/blog\/wp-json\/wp\/v2\/posts\/2325\/revisions\/2327"}],"wp:featuredmedia":[{"embeddable":true,"href":"https:\/\/jdm.pl\/blog\/wp-json\/wp\/v2\/media\/2326"}],"wp:attachment":[{"href":"https:\/\/jdm.pl\/blog\/wp-json\/wp\/v2\/media?parent=2325"}],"wp:term":[{"taxonomy":"category","embeddable":true,"href":"https:\/\/jdm.pl\/blog\/wp-json\/wp\/v2\/categories?post=2325"},{"taxonomy":"post_tag","embeddable":true,"href":"https:\/\/jdm.pl\/blog\/wp-json\/wp\/v2\/tags?post=2325"}],"curies":[{"name":"wp","href":"https:\/\/api.w.org\/{rel}","templated":true}]}}