{"id":2278,"date":"2022-07-14T19:26:08","date_gmt":"2022-07-14T17:26:08","guid":{"rendered":"https:\/\/jdm.pl\/blog\/?p=2278"},"modified":"2022-07-14T19:26:09","modified_gmt":"2022-07-14T17:26:09","slug":"okladka-w-wordpressie-jak-korzystac","status":"publish","type":"post","link":"https:\/\/jdm.pl\/blog\/okladka-w-wordpressie-jak-korzystac\/","title":{"rendered":"Ok\u0142adka w WordPressie &#8211; jak korzysta\u0107?"},"content":{"rendered":"\n<p>Czym jest ok\u0142adka oraz dlaczego nie zast\u0119puje ona zdj\u0119cia lub obrazka wyr\u00f3\u017cniaj\u0105cego, t\u0142umaczyli\u015bmy w artykule <a href=\"https:\/\/jdm.pl\/blog\/obrazek-wyrozniajacy-a-okladka-w-wordpressie\/\" target=\"_blank\" rel=\"noreferrer noopener\"><em>Obrazek wyr\u00f3\u017cniaj\u0105cy a ok\u0142adka w WordPressie<\/em><\/a>. Najkr\u00f3cej ujmuj\u0105c ok\u0142adka jest elementem blokowym, kt\u00f3ry pozwala nam doda\u0107 zdj\u0119cie lub t\u0142o wraz z umieszczonym na nim napisem do podstrony lub wpisu blokowego. <\/p>\n\n\n\n<p>Dzi\u015b poka\u017cemy kilka mo\u017cliwo\u015bci wykorzystania ok\u0142adek w Gutenbergu, aby zainsprowa\u0107 do korzystania z tego ciekawego bloku. Przeprowadzimy krok po kroku: od dodania w\u0142a\u015bciwego bloku po uzyskanie po\u017c\u0105danego efektu. Pami\u0119tajmy, \u017ce to, jak cz\u0119sto skorzystamy z ok\u0142adki zale\u017cy od wizji naszej strony. Nie ka\u017cdy blok Gutenberga musimy u\u017cywa\u0107, ale warto na pewno pozna\u0107 ich dzia\u0142anie. Zw\u0142aszcza, je\u017celi w przysz\u0142o\u015bci chcemy doskonali\u0107 si\u0119 w zarz\u0105dzaniu stronami opartymi o WordPressa.<\/p>\n\n\n\n<h2 class=\"has-text-align-center wp-block-heading\">Ok\u0142adka w WordPressie \u2013 praktyczne przyk\u0142ady<\/h2>\n\n\n\n<p>Na pocz\u0105tku musimy doda\u0107 blok Ok\u0142adka \u2013 przed edycj\u0105 b\u0119dzie si\u0119 on prezentowa\u0142 tak:<\/p>\n\n\n<div class=\"wp-block-image\">\n<figure class=\"aligncenter size-full is-resized\"><a href=\"https:\/\/jdm.pl\/blog\/wp-content\/uploads\/2022\/07\/okladka.png\" data-lbwps-width=\"861\" data-lbwps-height=\"260\" data-lbwps-srcsmall=\"https:\/\/jdm.pl\/blog\/wp-content\/uploads\/2022\/07\/okladka-300x91.png\"><img loading=\"lazy\" decoding=\"async\" src=\"https:\/\/jdm.pl\/blog\/wp-content\/uploads\/2022\/07\/okladka.png\" alt=\"\" class=\"wp-image-2280\" width=\"646\" height=\"195\" srcset=\"https:\/\/jdm.pl\/blog\/wp-content\/uploads\/2022\/07\/okladka.png 861w, https:\/\/jdm.pl\/blog\/wp-content\/uploads\/2022\/07\/okladka-300x91.png 300w, https:\/\/jdm.pl\/blog\/wp-content\/uploads\/2022\/07\/okladka-768x232.png 768w\" sizes=\"auto, (max-width: 646px) 100vw, 646px\" \/><\/a><\/figure>\n<\/div>\n\n\n<h2 class=\"has-text-align-center wp-block-heading\">Ok\u0142adka w Gutenbergu bez obrazka w tle<\/h2>\n\n\n\n<p>Je\u017celi nie chcemy dodawa\u0107 obrazka, mo\u017cemy wykorzysta\u0107 kilka z mo\u017cliwo\u015bci kolorystycznych. Na przyk\u0142ad b\u0142\u0119kitne t\u0142o:<\/p>\n\n\n\n<div class=\"wp-block-cover is-light\"><span aria-hidden=\"true\" class=\"wp-block-cover__background has-pale-cyan-blue-background-color has-background-dim-100 has-background-dim\"><\/span><div class=\"wp-block-cover__inner-container is-layout-flow wp-block-cover-is-layout-flow\">\n<p class=\"has-text-align-center has-large-font-size\">B\u0142\u0119kitne t\u0142o ok\u0142adki&#8230; <\/p>\n<\/div><\/div>\n\n\n\n<p>A co, kiedy chcemy u\u017cy\u0107 niestandardowego koloru t\u0142a lub gradientu? Z pomoc\u0105 przychodzi menu w panelu bocznym, gdzie po dodaniu elementu blokowego <em>Ok\u0142adka<\/em>, mo\u017cemy modyfikowa\u0107 t\u0142o:<\/p>\n\n\n\n<p><\/p>\n\n\n\n<div class=\"wp-block-cover\"><span aria-hidden=\"true\" class=\"wp-block-cover__background has-background-dim-100 has-background-dim\" style=\"background-color:#266993\"><\/span><div class=\"wp-block-cover__inner-container is-layout-flow wp-block-cover-is-layout-flow\">\n<p class=\"has-text-align-center has-large-font-size\">W\u0142asny kolor t\u0142a<\/p>\n<\/div><\/div>\n\n\n\n<h2 class=\"has-text-align-center wp-block-heading\">Gradient w tle ok\u0142adki<\/h2>\n\n\n\n<p>Mo\u017cemy wybra\u0107 tak\u017ce gradient &#8211; w tym celu nale\u017cy go zaznaczy\u0107 na g\u00f3rze koloru t\u0142a (kt\u00f3ry wybieramy w panelu bocznym):<\/p>\n\n\n<div class=\"wp-block-image\">\n<figure class=\"aligncenter size-full is-resized\"><a href=\"https:\/\/jdm.pl\/blog\/wp-content\/uploads\/2022\/07\/gradient.png\" data-lbwps-width=\"594\" data-lbwps-height=\"411\" data-lbwps-srcsmall=\"https:\/\/jdm.pl\/blog\/wp-content\/uploads\/2022\/07\/gradient-300x208.png\"><img loading=\"lazy\" decoding=\"async\" src=\"https:\/\/jdm.pl\/blog\/wp-content\/uploads\/2022\/07\/gradient.png\" alt=\"\" class=\"wp-image-2283\" width=\"446\" height=\"308\" srcset=\"https:\/\/jdm.pl\/blog\/wp-content\/uploads\/2022\/07\/gradient.png 594w, https:\/\/jdm.pl\/blog\/wp-content\/uploads\/2022\/07\/gradient-300x208.png 300w\" sizes=\"auto, (max-width: 446px) 100vw, 446px\" \/><\/a><\/figure>\n<\/div>\n\n\n<p> a nast\u0119pnie okre\u015bli\u0107 z jakich kolor\u00f3w ma si\u0119 sk\u0142ada\u0107 oraz czy ma by\u0107 radialny czy liniowy. <\/p>\n\n\n<div class=\"wp-block-image\">\n<figure class=\"aligncenter size-full is-resized\"><a href=\"https:\/\/jdm.pl\/blog\/wp-content\/uploads\/2022\/07\/gradient2.png\" data-lbwps-width=\"327\" data-lbwps-height=\"391\" data-lbwps-srcsmall=\"https:\/\/jdm.pl\/blog\/wp-content\/uploads\/2022\/07\/gradient2-251x300.png\"><img loading=\"lazy\" decoding=\"async\" src=\"https:\/\/jdm.pl\/blog\/wp-content\/uploads\/2022\/07\/gradient2.png\" alt=\"\" class=\"wp-image-2282\" width=\"245\" height=\"293\" srcset=\"https:\/\/jdm.pl\/blog\/wp-content\/uploads\/2022\/07\/gradient2.png 327w, https:\/\/jdm.pl\/blog\/wp-content\/uploads\/2022\/07\/gradient2-251x300.png 251w\" sizes=\"auto, (max-width: 245px) 100vw, 245px\" \/><\/a><\/figure>\n<\/div>\n\n\n<div class=\"wp-block-cover is-light\"><span aria-hidden=\"true\" class=\"wp-block-cover__background has-background-dim-100 has-background-dim has-background-gradient\" style=\"background:radial-gradient(rgb(255,245,203) 0%,rgb(182,227,212) 50%,rgb(51,167,181) 100%)\"><\/span><div class=\"wp-block-cover__inner-container is-layout-flow wp-block-cover-is-layout-flow\">\n<p class=\"has-text-align-center has-large-font-size\">W\u0142asny kolor t\u0142a &#8211; gradient radialny<\/p>\n<\/div><\/div>\n\n\n\n<p><\/p>\n\n\n\n<p>Je\u017celi zdecydujemy si\u0119 na gradient liniowy, dodatkowo mo\u017cemy wybra\u0107 odpowiednie nachylenie:<\/p>\n\n\n<div class=\"wp-block-image\">\n<figure class=\"aligncenter size-full is-resized\"><a href=\"https:\/\/jdm.pl\/blog\/wp-content\/uploads\/2022\/07\/gradient-3.png\" data-lbwps-width=\"319\" data-lbwps-height=\"401\" data-lbwps-srcsmall=\"https:\/\/jdm.pl\/blog\/wp-content\/uploads\/2022\/07\/gradient-3-239x300.png\"><img loading=\"lazy\" decoding=\"async\" src=\"https:\/\/jdm.pl\/blog\/wp-content\/uploads\/2022\/07\/gradient-3.png\" alt=\"\" class=\"wp-image-2281\" width=\"239\" height=\"301\" srcset=\"https:\/\/jdm.pl\/blog\/wp-content\/uploads\/2022\/07\/gradient-3.png 319w, https:\/\/jdm.pl\/blog\/wp-content\/uploads\/2022\/07\/gradient-3-239x300.png 239w\" sizes=\"auto, (max-width: 239px) 100vw, 239px\" \/><\/a><\/figure>\n<\/div>\n\n\n<div class=\"wp-block-cover is-light\"><span aria-hidden=\"true\" class=\"wp-block-cover__background has-background-dim-100 has-background-dim has-background-gradient\" style=\"background:linear-gradient(121deg,rgb(255,245,203) 0%,rgb(182,227,212) 50%,rgb(51,167,181) 100%)\"><\/span><div class=\"wp-block-cover__inner-container is-layout-flow wp-block-cover-is-layout-flow\">\n<p class=\"has-text-align-center has-large-font-size\">W\u0142asny kolor t\u0142a &#8211; gradient liniowy, 121 st.<\/p>\n<\/div><\/div>\n\n\n\n<p><\/p>\n\n\n\n<p>Kiedy wybra\u0107 kolor zamiast obrazka w tle ok\u0142adki? Zawsze wtedy, kiedy uznamy, \u017ce dzi\u0119ki temu nasza podstrona lub wpis zyska na czytelno\u015bci oraz estetyce. Zdj\u0119cia nie s\u0105 wcale wymagane, a to jedynie opcja bloku. <\/p>\n\n\n\n<h2 class=\"has-text-align-center wp-block-heading\">Tekst w bloku Ok\u0142adka<\/h2>\n\n\n\n<p>Tekst w bloku ok\u0142adka jest po prostu osadzonym blokiem akapitu. Ma wi\u0119c wszystkie funkcje, jakie znamy z tego bloku &#8211; kolor tekstu, wielko\u015b\u0107 itp.<\/p>\n\n\n<div class=\"wp-block-image\">\n<figure class=\"aligncenter size-full is-resized\"><a href=\"https:\/\/jdm.pl\/blog\/wp-content\/uploads\/2022\/07\/akapit.png\" data-lbwps-width=\"270\" data-lbwps-height=\"622\" data-lbwps-srcsmall=\"https:\/\/jdm.pl\/blog\/wp-content\/uploads\/2022\/07\/akapit-130x300.png\"><img loading=\"lazy\" decoding=\"async\" src=\"https:\/\/jdm.pl\/blog\/wp-content\/uploads\/2022\/07\/akapit.png\" alt=\"\" class=\"wp-image-2285\" width=\"203\" height=\"467\" srcset=\"https:\/\/jdm.pl\/blog\/wp-content\/uploads\/2022\/07\/akapit.png 270w, https:\/\/jdm.pl\/blog\/wp-content\/uploads\/2022\/07\/akapit-130x300.png 130w\" sizes=\"auto, (max-width: 203px) 100vw, 203px\" \/><\/a><\/figure>\n<\/div>\n\n\n<p>Pami\u0119tajmy, \u017ce klikaj\u0105c trzy kropki, uzyskamy dodatkowe opcje np. inicja\u0142<\/p>\n\n\n<div class=\"wp-block-image\">\n<figure class=\"aligncenter size-full is-resized\"><a href=\"https:\/\/jdm.pl\/blog\/wp-content\/uploads\/2022\/07\/trzy-kropki.png\" data-lbwps-width=\"280\" data-lbwps-height=\"359\" data-lbwps-srcsmall=\"https:\/\/jdm.pl\/blog\/wp-content\/uploads\/2022\/07\/trzy-kropki-234x300.png\"><img loading=\"lazy\" decoding=\"async\" src=\"https:\/\/jdm.pl\/blog\/wp-content\/uploads\/2022\/07\/trzy-kropki.png\" alt=\"\" class=\"wp-image-2286\" width=\"210\" height=\"269\" srcset=\"https:\/\/jdm.pl\/blog\/wp-content\/uploads\/2022\/07\/trzy-kropki.png 280w, https:\/\/jdm.pl\/blog\/wp-content\/uploads\/2022\/07\/trzy-kropki-234x300.png 234w\" sizes=\"auto, (max-width: 210px) 100vw, 210px\" \/><\/a><\/figure>\n<\/div>\n\n\n<div class=\"wp-block-cover is-light\"><span aria-hidden=\"true\" class=\"wp-block-cover__background has-pale-cyan-blue-background-color has-background-dim-100 has-background-dim\"><\/span><div class=\"wp-block-cover__inner-container is-layout-flow wp-block-cover-is-layout-flow\">\n<p class=\"has-drop-cap has-text-align-center has-white-color has-text-color has-medium-font-size\">Ok\u0142adka b\u0142\u0119kitne t\u0142o, kolor tekstu bia\u0142y, rozmiar tekstu 20, inicja\u0142. <\/p>\n<\/div><\/div>\n\n\n\n<h2 class=\"has-text-align-center wp-block-heading\">Ok\u0142adka z obrazem w tle<\/h2>\n\n\n\n<p>Zamiast jednolitego t\u0142a, mo\u017cemy wybra\u0107 obraz. B\u0119dzie on automatycznie przydymiony, aby tekst sta\u0142 si\u0119 wyra\u017aniejszy:<\/p>\n\n\n\n<div class=\"wp-block-cover\"><span aria-hidden=\"true\" class=\"wp-block-cover__background has-background-dim\"><\/span><img loading=\"lazy\" decoding=\"async\" width=\"800\" height=\"600\" class=\"wp-block-cover__image-background wp-image-2146\" alt=\"\" src=\"https:\/\/jdm.pl\/blog\/wp-content\/uploads\/2022\/06\/projekt-bez-tytulu.jpg\" data-object-fit=\"cover\" srcset=\"https:\/\/jdm.pl\/blog\/wp-content\/uploads\/2022\/06\/projekt-bez-tytulu.jpg 800w, https:\/\/jdm.pl\/blog\/wp-content\/uploads\/2022\/06\/projekt-bez-tytulu-300x225.jpg 300w, https:\/\/jdm.pl\/blog\/wp-content\/uploads\/2022\/06\/projekt-bez-tytulu-768x576.jpg 768w\" sizes=\"auto, (max-width: 800px) 100vw, 800px\" \/><div class=\"wp-block-cover__inner-container is-layout-flow wp-block-cover-is-layout-flow\">\n<p class=\"has-text-align-center has-large-font-size\">Ok\u0142adka z kotem w tle <\/p>\n<\/div><\/div>\n\n\n\n<p><\/p>\n\n\n\n<p>Wybieraj\u0105c t\u0142o pod postaci\u0105 zdj\u0119cia, zyskujemy kilka opcji dodatkowych, kt\u00f3re zobaczymy w menu bocznym bloku. S\u0105 to:<\/p>\n\n\n\n<ul class=\"wp-block-list\"><li>wyb\u00f3r nieruchomego lub ruchomego t\u0142a (efekt paralaksy),<\/li><li>mo\u017cliwo\u015b\u0107 powielenia obrazka w tle (t\u0142o powtarzalne),<\/li><li>wyb\u00f3r punktu centralnego obrazka,<\/li><li>dodanie tekstu alt.<\/li><\/ul>\n\n\n<div class=\"wp-block-image\">\n<figure class=\"aligncenter size-full is-resized\"><a href=\"https:\/\/jdm.pl\/blog\/wp-content\/uploads\/2022\/07\/tlo.png\" data-lbwps-width=\"286\" data-lbwps-height=\"634\" data-lbwps-srcsmall=\"https:\/\/jdm.pl\/blog\/wp-content\/uploads\/2022\/07\/tlo-135x300.png\"><img loading=\"lazy\" decoding=\"async\" src=\"https:\/\/jdm.pl\/blog\/wp-content\/uploads\/2022\/07\/tlo.png\" alt=\"\" class=\"wp-image-2288\" width=\"215\" height=\"476\" srcset=\"https:\/\/jdm.pl\/blog\/wp-content\/uploads\/2022\/07\/tlo.png 286w, https:\/\/jdm.pl\/blog\/wp-content\/uploads\/2022\/07\/tlo-135x300.png 135w\" sizes=\"auto, (max-width: 215px) 100vw, 215px\" \/><\/a><\/figure>\n<\/div>\n\n\n<div class=\"wp-block-cover has-parallax\" style=\"background-image:url(https:\/\/jdm.pl\/blog\/wp-content\/uploads\/2022\/06\/projekt-bez-tytulu.jpg)\"><span aria-hidden=\"true\" class=\"wp-block-cover__background has-background-dim\"><\/span><div class=\"wp-block-cover__inner-container is-layout-flow wp-block-cover-is-layout-flow\">\n<p class=\"has-text-align-center has-medium-font-size\">Ok\u0142adka z kotem w tle &#8211; wersja nieruchome t\u0142o<\/p>\n<\/div><\/div>\n\n\n\n<div class=\"wp-block-cover is-light has-parallax is-repeated\" style=\"background-image:url(https:\/\/jdm.pl\/blog\/wp-content\/uploads\/2022\/06\/projekt-bez-tytulu.jpg)\"><span aria-hidden=\"true\" class=\"wp-block-cover__background has-background-dim\"><\/span><div class=\"wp-block-cover__inner-container is-layout-flow wp-block-cover-is-layout-flow\">\n<p class=\"has-text-align-center has-white-color has-text-color has-medium-font-size\">Ok\u0142adka z kotem w tle &#8211; wersja nieruchome t\u0142o + powtarzalne t\u0142o<\/p>\n<\/div><\/div>\n\n\n\n<p><\/p>\n\n\n\n<p>Zastosowanie bloka ok\u0142adka mo\u017ce by\u0107 sposobem na prze\u0142amanie ci\u0105gu tekstu, urozmaicenie tym samym czytania odbiorcom, jak r\u00f3wnie\u017c estetycznym dodatkiem dla naszej strony. Wyb\u00f3r pozostawiamy wam. <\/p>\n","protected":false},"excerpt":{"rendered":"<p>Czym jest ok\u0142adka oraz dlaczego nie zast\u0119puje ona zdj\u0119cia lub obrazka wyr\u00f3\u017cniaj\u0105cego, t\u0142umaczyli\u015bmy w artykule Obrazek wyr\u00f3\u017cniaj\u0105cy a ok\u0142adka w WordPressie. Najkr\u00f3cej ujmuj\u0105c ok\u0142adka jest elementem blokowym, kt\u00f3ry pozwala nam doda\u0107 zdj\u0119cie lub t\u0142o wraz z umieszczonym na nim napisem do podstrony lub wpisu blokowego. Dzi\u015b poka\u017cemy kilka mo\u017cliwo\u015bci wykorzystania ok\u0142adek w Gutenbergu, aby zainsprowa\u0107 [&hellip;]<\/p>\n","protected":false},"author":4,"featured_media":2289,"comment_status":"open","ping_status":"open","sticky":false,"template":"","format":"standard","meta":{"_uag_custom_page_level_css":"","_exactmetrics_skip_tracking":false,"_exactmetrics_sitenote_active":false,"_exactmetrics_sitenote_note":"","_exactmetrics_sitenote_category":0,"_jetpack_memberships_contains_paid_content":false,"footnotes":""},"categories":[6,3],"tags":[20],"class_list":["post-2278","post","type-post","status-publish","format-standard","has-post-thumbnail","hentry","category-porady","category-wordpress","tag-gutenberg"],"yoast_head":"<!-- This site is optimized with the Yoast SEO plugin v27.4 - https:\/\/yoast.com\/product\/yoast-seo-wordpress\/ -->\n<title>Ok\u0142adka w WordPressie - jak korzysta\u0107? - Blog jdm.pl<\/title>\n<meta name=\"description\" content=\"Ok\u0142adka w WordPressie - jak efektywnie korzysta\u0107 z elementu blokowego w Gutenbergu, aby urozmaici\u0107 wpisy i strony.\" \/>\n<meta name=\"robots\" content=\"index, follow, max-snippet:-1, max-image-preview:large, max-video-preview:-1\" \/>\n<link rel=\"canonical\" href=\"https:\/\/jdm.pl\/blog\/okladka-w-wordpressie-jak-korzystac\/\" \/>\n<meta property=\"og:locale\" content=\"pl_PL\" \/>\n<meta property=\"og:type\" content=\"article\" \/>\n<meta property=\"og:title\" content=\"Ok\u0142adka w WordPressie - jak korzysta\u0107? - Blog jdm.pl\" \/>\n<meta property=\"og:description\" content=\"Ok\u0142adka w WordPressie - jak efektywnie korzysta\u0107 z elementu blokowego w Gutenbergu, aby urozmaici\u0107 wpisy i strony.\" \/>\n<meta property=\"og:url\" content=\"https:\/\/jdm.pl\/blog\/okladka-w-wordpressie-jak-korzystac\/\" \/>\n<meta property=\"og:site_name\" content=\"Blog jdm.pl\" \/>\n<meta property=\"article:published_time\" content=\"2022-07-14T17:26:08+00:00\" \/>\n<meta property=\"article:modified_time\" content=\"2022-07-14T17:26:09+00:00\" \/>\n<meta property=\"og:image\" content=\"https:\/\/jdm.pl\/blog\/wp-content\/uploads\/2022\/07\/okladka-w-wordpressie.png\" \/>\n\t<meta property=\"og:image:width\" content=\"1200\" \/>\n\t<meta property=\"og:image:height\" content=\"630\" \/>\n\t<meta property=\"og:image:type\" content=\"image\/png\" \/>\n<meta name=\"author\" content=\"Anna Starek-Wr\u00f3bel\" \/>\n<meta name=\"twitter:card\" content=\"summary_large_image\" \/>\n<meta name=\"twitter:label1\" content=\"Napisane przez\" \/>\n\t<meta name=\"twitter:data1\" content=\"Anna Starek-Wr\u00f3bel\" \/>\n\t<meta name=\"twitter:label2\" content=\"Szacowany czas czytania\" \/>\n\t<meta name=\"twitter:data2\" content=\"5 minut\" \/>\n<script type=\"application\/ld+json\" class=\"yoast-schema-graph\">{\"@context\":\"https:\\\/\\\/schema.org\",\"@graph\":[{\"@type\":\"Article\",\"@id\":\"https:\\\/\\\/jdm.pl\\\/blog\\\/okladka-w-wordpressie-jak-korzystac\\\/#article\",\"isPartOf\":{\"@id\":\"https:\\\/\\\/jdm.pl\\\/blog\\\/okladka-w-wordpressie-jak-korzystac\\\/\"},\"author\":{\"name\":\"Anna Starek-Wr\u00f3bel\",\"@id\":\"https:\\\/\\\/jdm.pl\\\/blog\\\/#\\\/schema\\\/person\\\/26e7a9c6f5b416eabcfed62ee02685c0\"},\"headline\":\"Ok\u0142adka w WordPressie &#8211; jak korzysta\u0107?\",\"datePublished\":\"2022-07-14T17:26:08+00:00\",\"dateModified\":\"2022-07-14T17:26:09+00:00\",\"mainEntityOfPage\":{\"@id\":\"https:\\\/\\\/jdm.pl\\\/blog\\\/okladka-w-wordpressie-jak-korzystac\\\/\"},\"wordCount\":558,\"commentCount\":0,\"image\":{\"@id\":\"https:\\\/\\\/jdm.pl\\\/blog\\\/okladka-w-wordpressie-jak-korzystac\\\/#primaryimage\"},\"thumbnailUrl\":\"https:\\\/\\\/jdm.pl\\\/blog\\\/wp-content\\\/uploads\\\/2022\\\/07\\\/okladka-w-wordpressie.png\",\"keywords\":[\"Gutenberg\"],\"articleSection\":[\"Porady\",\"WordPress\"],\"inLanguage\":\"pl-PL\",\"potentialAction\":[{\"@type\":\"CommentAction\",\"name\":\"Comment\",\"target\":[\"https:\\\/\\\/jdm.pl\\\/blog\\\/okladka-w-wordpressie-jak-korzystac\\\/#respond\"]}]},{\"@type\":\"WebPage\",\"@id\":\"https:\\\/\\\/jdm.pl\\\/blog\\\/okladka-w-wordpressie-jak-korzystac\\\/\",\"url\":\"https:\\\/\\\/jdm.pl\\\/blog\\\/okladka-w-wordpressie-jak-korzystac\\\/\",\"name\":\"Ok\u0142adka w WordPressie - jak korzysta\u0107? - Blog jdm.pl\",\"isPartOf\":{\"@id\":\"https:\\\/\\\/jdm.pl\\\/blog\\\/#website\"},\"primaryImageOfPage\":{\"@id\":\"https:\\\/\\\/jdm.pl\\\/blog\\\/okladka-w-wordpressie-jak-korzystac\\\/#primaryimage\"},\"image\":{\"@id\":\"https:\\\/\\\/jdm.pl\\\/blog\\\/okladka-w-wordpressie-jak-korzystac\\\/#primaryimage\"},\"thumbnailUrl\":\"https:\\\/\\\/jdm.pl\\\/blog\\\/wp-content\\\/uploads\\\/2022\\\/07\\\/okladka-w-wordpressie.png\",\"datePublished\":\"2022-07-14T17:26:08+00:00\",\"dateModified\":\"2022-07-14T17:26:09+00:00\",\"author\":{\"@id\":\"https:\\\/\\\/jdm.pl\\\/blog\\\/#\\\/schema\\\/person\\\/26e7a9c6f5b416eabcfed62ee02685c0\"},\"description\":\"Ok\u0142adka w WordPressie - jak efektywnie korzysta\u0107 z elementu blokowego w Gutenbergu, aby urozmaici\u0107 wpisy i strony.\",\"breadcrumb\":{\"@id\":\"https:\\\/\\\/jdm.pl\\\/blog\\\/okladka-w-wordpressie-jak-korzystac\\\/#breadcrumb\"},\"inLanguage\":\"pl-PL\",\"potentialAction\":[{\"@type\":\"ReadAction\",\"target\":[\"https:\\\/\\\/jdm.pl\\\/blog\\\/okladka-w-wordpressie-jak-korzystac\\\/\"]}]},{\"@type\":\"ImageObject\",\"inLanguage\":\"pl-PL\",\"@id\":\"https:\\\/\\\/jdm.pl\\\/blog\\\/okladka-w-wordpressie-jak-korzystac\\\/#primaryimage\",\"url\":\"https:\\\/\\\/jdm.pl\\\/blog\\\/wp-content\\\/uploads\\\/2022\\\/07\\\/okladka-w-wordpressie.png\",\"contentUrl\":\"https:\\\/\\\/jdm.pl\\\/blog\\\/wp-content\\\/uploads\\\/2022\\\/07\\\/okladka-w-wordpressie.png\",\"width\":1200,\"height\":630},{\"@type\":\"BreadcrumbList\",\"@id\":\"https:\\\/\\\/jdm.pl\\\/blog\\\/okladka-w-wordpressie-jak-korzystac\\\/#breadcrumb\",\"itemListElement\":[{\"@type\":\"ListItem\",\"position\":1,\"name\":\"Strona g\u0142\u00f3wna\",\"item\":\"https:\\\/\\\/jdm.pl\\\/blog\\\/\"},{\"@type\":\"ListItem\",\"position\":2,\"name\":\"Ok\u0142adka w WordPressie &#8211; jak korzysta\u0107?\"}]},{\"@type\":\"WebSite\",\"@id\":\"https:\\\/\\\/jdm.pl\\\/blog\\\/#website\",\"url\":\"https:\\\/\\\/jdm.pl\\\/blog\\\/\",\"name\":\"Blog jdm.pl\",\"description\":\"WordPress tutoriale i porady\",\"potentialAction\":[{\"@type\":\"SearchAction\",\"target\":{\"@type\":\"EntryPoint\",\"urlTemplate\":\"https:\\\/\\\/jdm.pl\\\/blog\\\/?s={search_term_string}\"},\"query-input\":{\"@type\":\"PropertyValueSpecification\",\"valueRequired\":true,\"valueName\":\"search_term_string\"}}],\"inLanguage\":\"pl-PL\"},{\"@type\":\"Person\",\"@id\":\"https:\\\/\\\/jdm.pl\\\/blog\\\/#\\\/schema\\\/person\\\/26e7a9c6f5b416eabcfed62ee02685c0\",\"name\":\"Anna Starek-Wr\u00f3bel\",\"image\":{\"@type\":\"ImageObject\",\"inLanguage\":\"pl-PL\",\"@id\":\"https:\\\/\\\/secure.gravatar.com\\\/avatar\\\/c514af5a4b2affc5fccce6e1cf2e2d03eb6489cfbf462552eee35a68ed106974?s=96&d=mm&r=g\",\"url\":\"https:\\\/\\\/secure.gravatar.com\\\/avatar\\\/c514af5a4b2affc5fccce6e1cf2e2d03eb6489cfbf462552eee35a68ed106974?s=96&d=mm&r=g\",\"contentUrl\":\"https:\\\/\\\/secure.gravatar.com\\\/avatar\\\/c514af5a4b2affc5fccce6e1cf2e2d03eb6489cfbf462552eee35a68ed106974?s=96&d=mm&r=g\",\"caption\":\"Anna Starek-Wr\u00f3bel\"},\"sameAs\":[\"https:\\\/\\\/cmo.im\"],\"url\":\"https:\\\/\\\/jdm.pl\\\/blog\\\/author\\\/anna-starek\\\/\"}]}<\/script>\n<!-- \/ Yoast SEO plugin. -->","yoast_head_json":{"title":"Ok\u0142adka w WordPressie - jak korzysta\u0107? - Blog jdm.pl","description":"Ok\u0142adka w WordPressie - jak efektywnie korzysta\u0107 z elementu blokowego w Gutenbergu, aby urozmaici\u0107 wpisy i strony.","robots":{"index":"index","follow":"follow","max-snippet":"max-snippet:-1","max-image-preview":"max-image-preview:large","max-video-preview":"max-video-preview:-1"},"canonical":"https:\/\/jdm.pl\/blog\/okladka-w-wordpressie-jak-korzystac\/","og_locale":"pl_PL","og_type":"article","og_title":"Ok\u0142adka w WordPressie - jak korzysta\u0107? - Blog jdm.pl","og_description":"Ok\u0142adka w WordPressie - jak efektywnie korzysta\u0107 z elementu blokowego w Gutenbergu, aby urozmaici\u0107 wpisy i strony.","og_url":"https:\/\/jdm.pl\/blog\/okladka-w-wordpressie-jak-korzystac\/","og_site_name":"Blog jdm.pl","article_published_time":"2022-07-14T17:26:08+00:00","article_modified_time":"2022-07-14T17:26:09+00:00","og_image":[{"width":1200,"height":630,"url":"https:\/\/jdm.pl\/blog\/wp-content\/uploads\/2022\/07\/okladka-w-wordpressie.png","type":"image\/png"}],"author":"Anna Starek-Wr\u00f3bel","twitter_card":"summary_large_image","twitter_misc":{"Napisane przez":"Anna Starek-Wr\u00f3bel","Szacowany czas czytania":"5 minut"},"schema":{"@context":"https:\/\/schema.org","@graph":[{"@type":"Article","@id":"https:\/\/jdm.pl\/blog\/okladka-w-wordpressie-jak-korzystac\/#article","isPartOf":{"@id":"https:\/\/jdm.pl\/blog\/okladka-w-wordpressie-jak-korzystac\/"},"author":{"name":"Anna Starek-Wr\u00f3bel","@id":"https:\/\/jdm.pl\/blog\/#\/schema\/person\/26e7a9c6f5b416eabcfed62ee02685c0"},"headline":"Ok\u0142adka w WordPressie &#8211; jak korzysta\u0107?","datePublished":"2022-07-14T17:26:08+00:00","dateModified":"2022-07-14T17:26:09+00:00","mainEntityOfPage":{"@id":"https:\/\/jdm.pl\/blog\/okladka-w-wordpressie-jak-korzystac\/"},"wordCount":558,"commentCount":0,"image":{"@id":"https:\/\/jdm.pl\/blog\/okladka-w-wordpressie-jak-korzystac\/#primaryimage"},"thumbnailUrl":"https:\/\/jdm.pl\/blog\/wp-content\/uploads\/2022\/07\/okladka-w-wordpressie.png","keywords":["Gutenberg"],"articleSection":["Porady","WordPress"],"inLanguage":"pl-PL","potentialAction":[{"@type":"CommentAction","name":"Comment","target":["https:\/\/jdm.pl\/blog\/okladka-w-wordpressie-jak-korzystac\/#respond"]}]},{"@type":"WebPage","@id":"https:\/\/jdm.pl\/blog\/okladka-w-wordpressie-jak-korzystac\/","url":"https:\/\/jdm.pl\/blog\/okladka-w-wordpressie-jak-korzystac\/","name":"Ok\u0142adka w WordPressie - jak korzysta\u0107? - Blog jdm.pl","isPartOf":{"@id":"https:\/\/jdm.pl\/blog\/#website"},"primaryImageOfPage":{"@id":"https:\/\/jdm.pl\/blog\/okladka-w-wordpressie-jak-korzystac\/#primaryimage"},"image":{"@id":"https:\/\/jdm.pl\/blog\/okladka-w-wordpressie-jak-korzystac\/#primaryimage"},"thumbnailUrl":"https:\/\/jdm.pl\/blog\/wp-content\/uploads\/2022\/07\/okladka-w-wordpressie.png","datePublished":"2022-07-14T17:26:08+00:00","dateModified":"2022-07-14T17:26:09+00:00","author":{"@id":"https:\/\/jdm.pl\/blog\/#\/schema\/person\/26e7a9c6f5b416eabcfed62ee02685c0"},"description":"Ok\u0142adka w WordPressie - jak efektywnie korzysta\u0107 z elementu blokowego w Gutenbergu, aby urozmaici\u0107 wpisy i strony.","breadcrumb":{"@id":"https:\/\/jdm.pl\/blog\/okladka-w-wordpressie-jak-korzystac\/#breadcrumb"},"inLanguage":"pl-PL","potentialAction":[{"@type":"ReadAction","target":["https:\/\/jdm.pl\/blog\/okladka-w-wordpressie-jak-korzystac\/"]}]},{"@type":"ImageObject","inLanguage":"pl-PL","@id":"https:\/\/jdm.pl\/blog\/okladka-w-wordpressie-jak-korzystac\/#primaryimage","url":"https:\/\/jdm.pl\/blog\/wp-content\/uploads\/2022\/07\/okladka-w-wordpressie.png","contentUrl":"https:\/\/jdm.pl\/blog\/wp-content\/uploads\/2022\/07\/okladka-w-wordpressie.png","width":1200,"height":630},{"@type":"BreadcrumbList","@id":"https:\/\/jdm.pl\/blog\/okladka-w-wordpressie-jak-korzystac\/#breadcrumb","itemListElement":[{"@type":"ListItem","position":1,"name":"Strona g\u0142\u00f3wna","item":"https:\/\/jdm.pl\/blog\/"},{"@type":"ListItem","position":2,"name":"Ok\u0142adka w WordPressie &#8211; jak korzysta\u0107?"}]},{"@type":"WebSite","@id":"https:\/\/jdm.pl\/blog\/#website","url":"https:\/\/jdm.pl\/blog\/","name":"Blog jdm.pl","description":"WordPress tutoriale i porady","potentialAction":[{"@type":"SearchAction","target":{"@type":"EntryPoint","urlTemplate":"https:\/\/jdm.pl\/blog\/?s={search_term_string}"},"query-input":{"@type":"PropertyValueSpecification","valueRequired":true,"valueName":"search_term_string"}}],"inLanguage":"pl-PL"},{"@type":"Person","@id":"https:\/\/jdm.pl\/blog\/#\/schema\/person\/26e7a9c6f5b416eabcfed62ee02685c0","name":"Anna Starek-Wr\u00f3bel","image":{"@type":"ImageObject","inLanguage":"pl-PL","@id":"https:\/\/secure.gravatar.com\/avatar\/c514af5a4b2affc5fccce6e1cf2e2d03eb6489cfbf462552eee35a68ed106974?s=96&d=mm&r=g","url":"https:\/\/secure.gravatar.com\/avatar\/c514af5a4b2affc5fccce6e1cf2e2d03eb6489cfbf462552eee35a68ed106974?s=96&d=mm&r=g","contentUrl":"https:\/\/secure.gravatar.com\/avatar\/c514af5a4b2affc5fccce6e1cf2e2d03eb6489cfbf462552eee35a68ed106974?s=96&d=mm&r=g","caption":"Anna Starek-Wr\u00f3bel"},"sameAs":["https:\/\/cmo.im"],"url":"https:\/\/jdm.pl\/blog\/author\/anna-starek\/"}]}},"jetpack_featured_media_url":"https:\/\/jdm.pl\/blog\/wp-content\/uploads\/2022\/07\/okladka-w-wordpressie.png","uagb_featured_image_src":{"full":["https:\/\/jdm.pl\/blog\/wp-content\/uploads\/2022\/07\/okladka-w-wordpressie.png",1200,630,false],"thumbnail":["https:\/\/jdm.pl\/blog\/wp-content\/uploads\/2022\/07\/okladka-w-wordpressie-150x150.png",150,150,true],"medium":["https:\/\/jdm.pl\/blog\/wp-content\/uploads\/2022\/07\/okladka-w-wordpressie-300x158.png",300,158,true],"medium_large":["https:\/\/jdm.pl\/blog\/wp-content\/uploads\/2022\/07\/okladka-w-wordpressie-768x403.png",640,336,true],"large":["https:\/\/jdm.pl\/blog\/wp-content\/uploads\/2022\/07\/okladka-w-wordpressie-1024x538.png",640,336,true],"hd_qu_size2":["https:\/\/jdm.pl\/blog\/wp-content\/uploads\/2022\/07\/okladka-w-wordpressie.png",400,210,false],"1536x1536":["https:\/\/jdm.pl\/blog\/wp-content\/uploads\/2022\/07\/okladka-w-wordpressie.png",1200,630,false],"2048x2048":["https:\/\/jdm.pl\/blog\/wp-content\/uploads\/2022\/07\/okladka-w-wordpressie.png",1200,630,false],"sidebar-thumb":["https:\/\/jdm.pl\/blog\/wp-content\/uploads\/2022\/07\/okladka-w-wordpressie-250x124.png",250,124,true]},"uagb_author_info":{"display_name":"Anna Starek-Wr\u00f3bel","author_link":"https:\/\/jdm.pl\/blog\/author\/anna-starek\/"},"uagb_comment_info":0,"uagb_excerpt":"Czym jest ok\u0142adka oraz dlaczego nie zast\u0119puje ona zdj\u0119cia lub obrazka wyr\u00f3\u017cniaj\u0105cego, t\u0142umaczyli\u015bmy w artykule Obrazek wyr\u00f3\u017cniaj\u0105cy a ok\u0142adka w WordPressie. Najkr\u00f3cej ujmuj\u0105c ok\u0142adka jest elementem blokowym, kt\u00f3ry pozwala nam doda\u0107 zdj\u0119cie lub t\u0142o wraz z umieszczonym na nim napisem do podstrony lub wpisu blokowego. Dzi\u015b poka\u017cemy kilka mo\u017cliwo\u015bci wykorzystania ok\u0142adek w Gutenbergu, aby zainsprowa\u0107&hellip;","jetpack_sharing_enabled":true,"_links":{"self":[{"href":"https:\/\/jdm.pl\/blog\/wp-json\/wp\/v2\/posts\/2278","targetHints":{"allow":["GET"]}}],"collection":[{"href":"https:\/\/jdm.pl\/blog\/wp-json\/wp\/v2\/posts"}],"about":[{"href":"https:\/\/jdm.pl\/blog\/wp-json\/wp\/v2\/types\/post"}],"author":[{"embeddable":true,"href":"https:\/\/jdm.pl\/blog\/wp-json\/wp\/v2\/users\/4"}],"replies":[{"embeddable":true,"href":"https:\/\/jdm.pl\/blog\/wp-json\/wp\/v2\/comments?post=2278"}],"version-history":[{"count":3,"href":"https:\/\/jdm.pl\/blog\/wp-json\/wp\/v2\/posts\/2278\/revisions"}],"predecessor-version":[{"id":2290,"href":"https:\/\/jdm.pl\/blog\/wp-json\/wp\/v2\/posts\/2278\/revisions\/2290"}],"wp:featuredmedia":[{"embeddable":true,"href":"https:\/\/jdm.pl\/blog\/wp-json\/wp\/v2\/media\/2289"}],"wp:attachment":[{"href":"https:\/\/jdm.pl\/blog\/wp-json\/wp\/v2\/media?parent=2278"}],"wp:term":[{"taxonomy":"category","embeddable":true,"href":"https:\/\/jdm.pl\/blog\/wp-json\/wp\/v2\/categories?post=2278"},{"taxonomy":"post_tag","embeddable":true,"href":"https:\/\/jdm.pl\/blog\/wp-json\/wp\/v2\/tags?post=2278"}],"curies":[{"name":"wp","href":"https:\/\/api.w.org\/{rel}","templated":true}]}}