{"id":2270,"date":"2022-07-08T19:55:01","date_gmt":"2022-07-08T17:55:01","guid":{"rendered":"https:\/\/jdm.pl\/blog\/?p=2270"},"modified":"2022-09-08T20:23:10","modified_gmt":"2022-09-08T18:23:10","slug":"cytat-wyrozniony-w-gutenbergu","status":"publish","type":"post","link":"https:\/\/jdm.pl\/blog\/cytat-wyrozniony-w-gutenbergu\/","title":{"rendered":"Cytat wyr\u00f3\u017cniony w Gutenbergu"},"content":{"rendered":"\n<p>Podczas gdy standardowy blok cytatu zwykle cytuje \u017ar\u00f3d\u0142o zewn\u0119trzne, cytat wyr\u00f3\u017cniony ma za zadanie podkre\u015bli\u0107 istotny fragment tekstu w naszym w\u0142asnym artykule. <br>Podczas korzystania z tego bloku dost\u0119pne s\u0105 m.in. nast\u0119puj\u0105ce ustawienia:<\/p>\n\n\n\n<ul class=\"wp-block-list\"><li>Wyr\u00f3wnanie: lewo, \u015brodek, prawo<\/li><li>Pogrubienie<\/li><li>Pochylenie<\/li><li>Przekre\u015blenie<\/li><li>Podlinkowanie<\/li><li>Dodatkowa klasa CSS<\/li><\/ul>\n\n\n\n<h2 class=\"has-text-align-center wp-block-heading\">Mo\u017cliwo\u015bci cytatu wyr\u00f3\u017cnionego<\/h2>\n\n\n\n<p><em>Cytat wyr\u00f3\u017cniony <\/em>to blok, kt\u00f3ry ma kilka podstawowych ustawie\u0144. <\/p>\n\n\n<div class=\"wp-block-image\">\n<figure class=\"aligncenter size-medium\"><a href=\"https:\/\/jdm.pl\/blog\/wp-content\/uploads\/2022\/07\/cytat-wyrozniony.png\" data-lbwps-width=\"281\" data-lbwps-height=\"441\" data-lbwps-srcsmall=\"https:\/\/jdm.pl\/blog\/wp-content\/uploads\/2022\/07\/cytat-wyrozniony-191x300.png\"><img loading=\"lazy\" decoding=\"async\" width=\"191\" height=\"300\" src=\"https:\/\/jdm.pl\/blog\/wp-content\/uploads\/2022\/07\/cytat-wyrozniony-191x300.png\" alt=\"\" class=\"wp-image-2272\" srcset=\"https:\/\/jdm.pl\/blog\/wp-content\/uploads\/2022\/07\/cytat-wyrozniony-191x300.png 191w, https:\/\/jdm.pl\/blog\/wp-content\/uploads\/2022\/07\/cytat-wyrozniony.png 281w\" sizes=\"auto, (max-width: 191px) 100vw, 191px\" \/><\/a><\/figure>\n<\/div>\n\n\n<p>Mo\u017cemy zmieni\u0107 w nim kolor tekstu, t\u0142a, wielko\u015b\u0107 fontu, jego styl oraz obramowanie ca\u0142ego bloku, a tak\u017ce dodawa\u0107 w\u0142asny CSS i kotwic\u0119.<\/p>\n\n\n<div class=\"wp-block-image\">\n<figure class=\"aligncenter size-full is-resized\"><a href=\"https:\/\/jdm.pl\/blog\/wp-content\/uploads\/2022\/07\/obramowanie.png\" data-lbwps-width=\"277\" data-lbwps-height=\"287\" data-lbwps-srcsmall=\"https:\/\/jdm.pl\/blog\/wp-content\/uploads\/2022\/07\/obramowanie.png\"><img loading=\"lazy\" decoding=\"async\" src=\"https:\/\/jdm.pl\/blog\/wp-content\/uploads\/2022\/07\/obramowanie.png\" alt=\"\" class=\"wp-image-2274\" width=\"208\" height=\"215\"\/><\/a><\/figure>\n<\/div>\n\n\n<h2 class=\"has-text-align-center wp-block-heading\">Cytat wyr\u00f3\u017cniony a blok cytat<\/h2>\n\n\n\n<figure class=\"wp-block-pullquote alignleft has-border-color has-vivid-green-cyan-border-color\" style=\"border-style:dotted;font-style:italic;font-weight:300\"><blockquote><p>Cytat wyr\u00f3\u017cniony wyr\u00f3wnany do lewej<\/p><cite>jdm.pl<\/cite><\/blockquote><\/figure>\n\n\n\n<p>Mo\u017cliwo\u015bci bloku cytat wyr\u00f3\u017cniony s\u0105 podobne do narz\u0119dzi do edycji cytat\u00f3w, ale zamiast dw\u00f3ch r\u00f3\u017cnych styl\u00f3w cytat\u00f3w dost\u0119pne s\u0105 trzy wyr\u00f3wnania. A spos\u00f3b, w jaki dzia\u0142a wyr\u00f3wnanie, jest nieco inny ni\u017c to, kt\u00f3re znamy ze standardowego cytatu. Ot\u00f3\u017c wyr\u00f3wnanie standardowego cytatu po prostu wyr\u00f3wnuje tekst do lewej, do \u015brodka lub do prawej. Jednak wyr\u00f3wnanie cytatu wyr\u00f3\u017cnionego spowoduje przesuni\u0119cie ca\u0142ego bloku w lewo lub w prawo i pozwoli, aby tre\u015b\u0107 zawin\u0119\u0142a si\u0119 wok\u00f3\u0142 niego.<\/p>\n\n\n\n<p>Cytat wyr\u00f3\u017cniony mo\u017ce by\u0107 ciekawym sposobem na wyr\u00f3\u017cnione istotnego fragmentu tekstu i warto wykorzystywa\u0107 go zw\u0142aszcza w przypadku d\u0142u\u017cszych artyku\u0142\u00f3w blogowych.<\/p>\n\n\n\n<p><\/p>\n","protected":false},"excerpt":{"rendered":"<p>Podczas gdy standardowy blok cytatu zwykle cytuje \u017ar\u00f3d\u0142o zewn\u0119trzne, cytat wyr\u00f3\u017cniony ma za zadanie podkre\u015bli\u0107 istotny fragment tekstu w naszym w\u0142asnym artykule. Podczas korzystania z tego bloku dost\u0119pne s\u0105 m.in. nast\u0119puj\u0105ce ustawienia: Wyr\u00f3wnanie: lewo, \u015brodek, prawo Pogrubienie Pochylenie Przekre\u015blenie Podlinkowanie Dodatkowa klasa CSS Mo\u017cliwo\u015bci cytatu wyr\u00f3\u017cnionego Cytat wyr\u00f3\u017cniony to blok, kt\u00f3ry ma kilka podstawowych ustawie\u0144. [&hellip;]<\/p>\n","protected":false},"author":4,"featured_media":2277,"comment_status":"open","ping_status":"open","sticky":false,"template":"","format":"standard","meta":{"_uag_custom_page_level_css":"","_exactmetrics_skip_tracking":false,"_exactmetrics_sitenote_active":false,"_exactmetrics_sitenote_note":"","_exactmetrics_sitenote_category":0,"_jetpack_memberships_contains_paid_content":false,"footnotes":""},"categories":[29,6,3],"tags":[20],"class_list":["post-2270","post","type-post","status-publish","format-standard","has-post-thumbnail","hentry","category-gutenberg","category-porady","category-wordpress","tag-gutenberg"],"yoast_head":"<!-- This site is optimized with the Yoast SEO plugin v27.4 - https:\/\/yoast.com\/product\/yoast-seo-wordpress\/ -->\n<title>Cytat wyr\u00f3\u017cniony w Gutenbergu - Blog jdm.pl<\/title>\n<meta name=\"description\" content=\"Jak efektywnie stosowa\u0107 cytat wyr\u00f3\u017cniony w Gutenbergu i czym r\u00f3\u017cni si\u0119 ten blok od standardowego cytatu w WordPressie.\" \/>\n<meta name=\"robots\" content=\"index, follow, max-snippet:-1, max-image-preview:large, max-video-preview:-1\" \/>\n<link rel=\"canonical\" href=\"https:\/\/jdm.pl\/blog\/cytat-wyrozniony-w-gutenbergu\/\" \/>\n<meta property=\"og:locale\" content=\"pl_PL\" \/>\n<meta property=\"og:type\" content=\"article\" \/>\n<meta property=\"og:title\" content=\"Cytat wyr\u00f3\u017cniony w Gutenbergu - Blog jdm.pl\" \/>\n<meta property=\"og:description\" content=\"Jak efektywnie stosowa\u0107 cytat wyr\u00f3\u017cniony w Gutenbergu i czym r\u00f3\u017cni si\u0119 ten blok od standardowego cytatu w WordPressie.\" \/>\n<meta property=\"og:url\" content=\"https:\/\/jdm.pl\/blog\/cytat-wyrozniony-w-gutenbergu\/\" \/>\n<meta property=\"og:site_name\" content=\"Blog jdm.pl\" \/>\n<meta property=\"article:published_time\" content=\"2022-07-08T17:55:01+00:00\" \/>\n<meta property=\"article:modified_time\" content=\"2022-09-08T18:23:10+00:00\" \/>\n<meta property=\"og:image\" content=\"https:\/\/jdm.pl\/blog\/wp-content\/uploads\/2022\/07\/jdm.pl-wpis-na-bloga.png\" \/>\n\t<meta property=\"og:image:width\" content=\"1200\" \/>\n\t<meta property=\"og:image:height\" content=\"630\" \/>\n\t<meta property=\"og:image:type\" content=\"image\/png\" \/>\n<meta name=\"author\" content=\"Anna Starek-Wr\u00f3bel\" \/>\n<meta name=\"twitter:card\" content=\"summary_large_image\" \/>\n<meta name=\"twitter:label1\" content=\"Napisane przez\" \/>\n\t<meta name=\"twitter:data1\" content=\"Anna Starek-Wr\u00f3bel\" \/>\n\t<meta name=\"twitter:label2\" content=\"Szacowany czas czytania\" \/>\n\t<meta name=\"twitter:data2\" content=\"2 minuty\" \/>\n<script type=\"application\/ld+json\" class=\"yoast-schema-graph\">{\"@context\":\"https:\\\/\\\/schema.org\",\"@graph\":[{\"@type\":\"Article\",\"@id\":\"https:\\\/\\\/jdm.pl\\\/blog\\\/cytat-wyrozniony-w-gutenbergu\\\/#article\",\"isPartOf\":{\"@id\":\"https:\\\/\\\/jdm.pl\\\/blog\\\/cytat-wyrozniony-w-gutenbergu\\\/\"},\"author\":{\"name\":\"Anna Starek-Wr\u00f3bel\",\"@id\":\"https:\\\/\\\/jdm.pl\\\/blog\\\/#\\\/schema\\\/person\\\/26e7a9c6f5b416eabcfed62ee02685c0\"},\"headline\":\"Cytat wyr\u00f3\u017cniony w Gutenbergu\",\"datePublished\":\"2022-07-08T17:55:01+00:00\",\"dateModified\":\"2022-09-08T18:23:10+00:00\",\"mainEntityOfPage\":{\"@id\":\"https:\\\/\\\/jdm.pl\\\/blog\\\/cytat-wyrozniony-w-gutenbergu\\\/\"},\"wordCount\":242,\"commentCount\":0,\"image\":{\"@id\":\"https:\\\/\\\/jdm.pl\\\/blog\\\/cytat-wyrozniony-w-gutenbergu\\\/#primaryimage\"},\"thumbnailUrl\":\"https:\\\/\\\/jdm.pl\\\/blog\\\/wp-content\\\/uploads\\\/2022\\\/07\\\/jdm.pl-wpis-na-bloga.png\",\"keywords\":[\"Gutenberg\"],\"articleSection\":[\"Gutenberg\",\"Porady\",\"WordPress\"],\"inLanguage\":\"pl-PL\",\"potentialAction\":[{\"@type\":\"CommentAction\",\"name\":\"Comment\",\"target\":[\"https:\\\/\\\/jdm.pl\\\/blog\\\/cytat-wyrozniony-w-gutenbergu\\\/#respond\"]}]},{\"@type\":\"WebPage\",\"@id\":\"https:\\\/\\\/jdm.pl\\\/blog\\\/cytat-wyrozniony-w-gutenbergu\\\/\",\"url\":\"https:\\\/\\\/jdm.pl\\\/blog\\\/cytat-wyrozniony-w-gutenbergu\\\/\",\"name\":\"Cytat wyr\u00f3\u017cniony w Gutenbergu - Blog jdm.pl\",\"isPartOf\":{\"@id\":\"https:\\\/\\\/jdm.pl\\\/blog\\\/#website\"},\"primaryImageOfPage\":{\"@id\":\"https:\\\/\\\/jdm.pl\\\/blog\\\/cytat-wyrozniony-w-gutenbergu\\\/#primaryimage\"},\"image\":{\"@id\":\"https:\\\/\\\/jdm.pl\\\/blog\\\/cytat-wyrozniony-w-gutenbergu\\\/#primaryimage\"},\"thumbnailUrl\":\"https:\\\/\\\/jdm.pl\\\/blog\\\/wp-content\\\/uploads\\\/2022\\\/07\\\/jdm.pl-wpis-na-bloga.png\",\"datePublished\":\"2022-07-08T17:55:01+00:00\",\"dateModified\":\"2022-09-08T18:23:10+00:00\",\"author\":{\"@id\":\"https:\\\/\\\/jdm.pl\\\/blog\\\/#\\\/schema\\\/person\\\/26e7a9c6f5b416eabcfed62ee02685c0\"},\"description\":\"Jak efektywnie stosowa\u0107 cytat wyr\u00f3\u017cniony w Gutenbergu i czym r\u00f3\u017cni si\u0119 ten blok od standardowego cytatu w WordPressie.\",\"breadcrumb\":{\"@id\":\"https:\\\/\\\/jdm.pl\\\/blog\\\/cytat-wyrozniony-w-gutenbergu\\\/#breadcrumb\"},\"inLanguage\":\"pl-PL\",\"potentialAction\":[{\"@type\":\"ReadAction\",\"target\":[\"https:\\\/\\\/jdm.pl\\\/blog\\\/cytat-wyrozniony-w-gutenbergu\\\/\"]}]},{\"@type\":\"ImageObject\",\"inLanguage\":\"pl-PL\",\"@id\":\"https:\\\/\\\/jdm.pl\\\/blog\\\/cytat-wyrozniony-w-gutenbergu\\\/#primaryimage\",\"url\":\"https:\\\/\\\/jdm.pl\\\/blog\\\/wp-content\\\/uploads\\\/2022\\\/07\\\/jdm.pl-wpis-na-bloga.png\",\"contentUrl\":\"https:\\\/\\\/jdm.pl\\\/blog\\\/wp-content\\\/uploads\\\/2022\\\/07\\\/jdm.pl-wpis-na-bloga.png\",\"width\":1200,\"height\":630},{\"@type\":\"BreadcrumbList\",\"@id\":\"https:\\\/\\\/jdm.pl\\\/blog\\\/cytat-wyrozniony-w-gutenbergu\\\/#breadcrumb\",\"itemListElement\":[{\"@type\":\"ListItem\",\"position\":1,\"name\":\"Strona g\u0142\u00f3wna\",\"item\":\"https:\\\/\\\/jdm.pl\\\/blog\\\/\"},{\"@type\":\"ListItem\",\"position\":2,\"name\":\"Cytat wyr\u00f3\u017cniony w Gutenbergu\"}]},{\"@type\":\"WebSite\",\"@id\":\"https:\\\/\\\/jdm.pl\\\/blog\\\/#website\",\"url\":\"https:\\\/\\\/jdm.pl\\\/blog\\\/\",\"name\":\"Blog jdm.pl\",\"description\":\"WordPress tutoriale i porady\",\"potentialAction\":[{\"@type\":\"SearchAction\",\"target\":{\"@type\":\"EntryPoint\",\"urlTemplate\":\"https:\\\/\\\/jdm.pl\\\/blog\\\/?s={search_term_string}\"},\"query-input\":{\"@type\":\"PropertyValueSpecification\",\"valueRequired\":true,\"valueName\":\"search_term_string\"}}],\"inLanguage\":\"pl-PL\"},{\"@type\":\"Person\",\"@id\":\"https:\\\/\\\/jdm.pl\\\/blog\\\/#\\\/schema\\\/person\\\/26e7a9c6f5b416eabcfed62ee02685c0\",\"name\":\"Anna Starek-Wr\u00f3bel\",\"image\":{\"@type\":\"ImageObject\",\"inLanguage\":\"pl-PL\",\"@id\":\"https:\\\/\\\/secure.gravatar.com\\\/avatar\\\/c514af5a4b2affc5fccce6e1cf2e2d03eb6489cfbf462552eee35a68ed106974?s=96&d=mm&r=g\",\"url\":\"https:\\\/\\\/secure.gravatar.com\\\/avatar\\\/c514af5a4b2affc5fccce6e1cf2e2d03eb6489cfbf462552eee35a68ed106974?s=96&d=mm&r=g\",\"contentUrl\":\"https:\\\/\\\/secure.gravatar.com\\\/avatar\\\/c514af5a4b2affc5fccce6e1cf2e2d03eb6489cfbf462552eee35a68ed106974?s=96&d=mm&r=g\",\"caption\":\"Anna Starek-Wr\u00f3bel\"},\"sameAs\":[\"https:\\\/\\\/cmo.im\"],\"url\":\"https:\\\/\\\/jdm.pl\\\/blog\\\/author\\\/anna-starek\\\/\"}]}<\/script>\n<!-- \/ Yoast SEO plugin. -->","yoast_head_json":{"title":"Cytat wyr\u00f3\u017cniony w Gutenbergu - Blog jdm.pl","description":"Jak efektywnie stosowa\u0107 cytat wyr\u00f3\u017cniony w Gutenbergu i czym r\u00f3\u017cni si\u0119 ten blok od standardowego cytatu w WordPressie.","robots":{"index":"index","follow":"follow","max-snippet":"max-snippet:-1","max-image-preview":"max-image-preview:large","max-video-preview":"max-video-preview:-1"},"canonical":"https:\/\/jdm.pl\/blog\/cytat-wyrozniony-w-gutenbergu\/","og_locale":"pl_PL","og_type":"article","og_title":"Cytat wyr\u00f3\u017cniony w Gutenbergu - Blog jdm.pl","og_description":"Jak efektywnie stosowa\u0107 cytat wyr\u00f3\u017cniony w Gutenbergu i czym r\u00f3\u017cni si\u0119 ten blok od standardowego cytatu w WordPressie.","og_url":"https:\/\/jdm.pl\/blog\/cytat-wyrozniony-w-gutenbergu\/","og_site_name":"Blog jdm.pl","article_published_time":"2022-07-08T17:55:01+00:00","article_modified_time":"2022-09-08T18:23:10+00:00","og_image":[{"width":1200,"height":630,"url":"https:\/\/jdm.pl\/blog\/wp-content\/uploads\/2022\/07\/jdm.pl-wpis-na-bloga.png","type":"image\/png"}],"author":"Anna Starek-Wr\u00f3bel","twitter_card":"summary_large_image","twitter_misc":{"Napisane przez":"Anna Starek-Wr\u00f3bel","Szacowany czas czytania":"2 minuty"},"schema":{"@context":"https:\/\/schema.org","@graph":[{"@type":"Article","@id":"https:\/\/jdm.pl\/blog\/cytat-wyrozniony-w-gutenbergu\/#article","isPartOf":{"@id":"https:\/\/jdm.pl\/blog\/cytat-wyrozniony-w-gutenbergu\/"},"author":{"name":"Anna Starek-Wr\u00f3bel","@id":"https:\/\/jdm.pl\/blog\/#\/schema\/person\/26e7a9c6f5b416eabcfed62ee02685c0"},"headline":"Cytat wyr\u00f3\u017cniony w Gutenbergu","datePublished":"2022-07-08T17:55:01+00:00","dateModified":"2022-09-08T18:23:10+00:00","mainEntityOfPage":{"@id":"https:\/\/jdm.pl\/blog\/cytat-wyrozniony-w-gutenbergu\/"},"wordCount":242,"commentCount":0,"image":{"@id":"https:\/\/jdm.pl\/blog\/cytat-wyrozniony-w-gutenbergu\/#primaryimage"},"thumbnailUrl":"https:\/\/jdm.pl\/blog\/wp-content\/uploads\/2022\/07\/jdm.pl-wpis-na-bloga.png","keywords":["Gutenberg"],"articleSection":["Gutenberg","Porady","WordPress"],"inLanguage":"pl-PL","potentialAction":[{"@type":"CommentAction","name":"Comment","target":["https:\/\/jdm.pl\/blog\/cytat-wyrozniony-w-gutenbergu\/#respond"]}]},{"@type":"WebPage","@id":"https:\/\/jdm.pl\/blog\/cytat-wyrozniony-w-gutenbergu\/","url":"https:\/\/jdm.pl\/blog\/cytat-wyrozniony-w-gutenbergu\/","name":"Cytat wyr\u00f3\u017cniony w Gutenbergu - Blog jdm.pl","isPartOf":{"@id":"https:\/\/jdm.pl\/blog\/#website"},"primaryImageOfPage":{"@id":"https:\/\/jdm.pl\/blog\/cytat-wyrozniony-w-gutenbergu\/#primaryimage"},"image":{"@id":"https:\/\/jdm.pl\/blog\/cytat-wyrozniony-w-gutenbergu\/#primaryimage"},"thumbnailUrl":"https:\/\/jdm.pl\/blog\/wp-content\/uploads\/2022\/07\/jdm.pl-wpis-na-bloga.png","datePublished":"2022-07-08T17:55:01+00:00","dateModified":"2022-09-08T18:23:10+00:00","author":{"@id":"https:\/\/jdm.pl\/blog\/#\/schema\/person\/26e7a9c6f5b416eabcfed62ee02685c0"},"description":"Jak efektywnie stosowa\u0107 cytat wyr\u00f3\u017cniony w Gutenbergu i czym r\u00f3\u017cni si\u0119 ten blok od standardowego cytatu w WordPressie.","breadcrumb":{"@id":"https:\/\/jdm.pl\/blog\/cytat-wyrozniony-w-gutenbergu\/#breadcrumb"},"inLanguage":"pl-PL","potentialAction":[{"@type":"ReadAction","target":["https:\/\/jdm.pl\/blog\/cytat-wyrozniony-w-gutenbergu\/"]}]},{"@type":"ImageObject","inLanguage":"pl-PL","@id":"https:\/\/jdm.pl\/blog\/cytat-wyrozniony-w-gutenbergu\/#primaryimage","url":"https:\/\/jdm.pl\/blog\/wp-content\/uploads\/2022\/07\/jdm.pl-wpis-na-bloga.png","contentUrl":"https:\/\/jdm.pl\/blog\/wp-content\/uploads\/2022\/07\/jdm.pl-wpis-na-bloga.png","width":1200,"height":630},{"@type":"BreadcrumbList","@id":"https:\/\/jdm.pl\/blog\/cytat-wyrozniony-w-gutenbergu\/#breadcrumb","itemListElement":[{"@type":"ListItem","position":1,"name":"Strona g\u0142\u00f3wna","item":"https:\/\/jdm.pl\/blog\/"},{"@type":"ListItem","position":2,"name":"Cytat wyr\u00f3\u017cniony w Gutenbergu"}]},{"@type":"WebSite","@id":"https:\/\/jdm.pl\/blog\/#website","url":"https:\/\/jdm.pl\/blog\/","name":"Blog jdm.pl","description":"WordPress tutoriale i porady","potentialAction":[{"@type":"SearchAction","target":{"@type":"EntryPoint","urlTemplate":"https:\/\/jdm.pl\/blog\/?s={search_term_string}"},"query-input":{"@type":"PropertyValueSpecification","valueRequired":true,"valueName":"search_term_string"}}],"inLanguage":"pl-PL"},{"@type":"Person","@id":"https:\/\/jdm.pl\/blog\/#\/schema\/person\/26e7a9c6f5b416eabcfed62ee02685c0","name":"Anna Starek-Wr\u00f3bel","image":{"@type":"ImageObject","inLanguage":"pl-PL","@id":"https:\/\/secure.gravatar.com\/avatar\/c514af5a4b2affc5fccce6e1cf2e2d03eb6489cfbf462552eee35a68ed106974?s=96&d=mm&r=g","url":"https:\/\/secure.gravatar.com\/avatar\/c514af5a4b2affc5fccce6e1cf2e2d03eb6489cfbf462552eee35a68ed106974?s=96&d=mm&r=g","contentUrl":"https:\/\/secure.gravatar.com\/avatar\/c514af5a4b2affc5fccce6e1cf2e2d03eb6489cfbf462552eee35a68ed106974?s=96&d=mm&r=g","caption":"Anna Starek-Wr\u00f3bel"},"sameAs":["https:\/\/cmo.im"],"url":"https:\/\/jdm.pl\/blog\/author\/anna-starek\/"}]}},"jetpack_featured_media_url":"https:\/\/jdm.pl\/blog\/wp-content\/uploads\/2022\/07\/jdm.pl-wpis-na-bloga.png","uagb_featured_image_src":{"full":["https:\/\/jdm.pl\/blog\/wp-content\/uploads\/2022\/07\/jdm.pl-wpis-na-bloga.png",1200,630,false],"thumbnail":["https:\/\/jdm.pl\/blog\/wp-content\/uploads\/2022\/07\/jdm.pl-wpis-na-bloga-150x150.png",150,150,true],"medium":["https:\/\/jdm.pl\/blog\/wp-content\/uploads\/2022\/07\/jdm.pl-wpis-na-bloga-300x158.png",300,158,true],"medium_large":["https:\/\/jdm.pl\/blog\/wp-content\/uploads\/2022\/07\/jdm.pl-wpis-na-bloga-768x403.png",640,336,true],"large":["https:\/\/jdm.pl\/blog\/wp-content\/uploads\/2022\/07\/jdm.pl-wpis-na-bloga-1024x538.png",640,336,true],"hd_qu_size2":["https:\/\/jdm.pl\/blog\/wp-content\/uploads\/2022\/07\/jdm.pl-wpis-na-bloga.png",400,210,false],"1536x1536":["https:\/\/jdm.pl\/blog\/wp-content\/uploads\/2022\/07\/jdm.pl-wpis-na-bloga.png",1200,630,false],"2048x2048":["https:\/\/jdm.pl\/blog\/wp-content\/uploads\/2022\/07\/jdm.pl-wpis-na-bloga.png",1200,630,false],"sidebar-thumb":["https:\/\/jdm.pl\/blog\/wp-content\/uploads\/2022\/07\/jdm.pl-wpis-na-bloga-250x124.png",250,124,true]},"uagb_author_info":{"display_name":"Anna Starek-Wr\u00f3bel","author_link":"https:\/\/jdm.pl\/blog\/author\/anna-starek\/"},"uagb_comment_info":0,"uagb_excerpt":"Podczas gdy standardowy blok cytatu zwykle cytuje \u017ar\u00f3d\u0142o zewn\u0119trzne, cytat wyr\u00f3\u017cniony ma za zadanie podkre\u015bli\u0107 istotny fragment tekstu w naszym w\u0142asnym artykule. Podczas korzystania z tego bloku dost\u0119pne s\u0105 m.in. nast\u0119puj\u0105ce ustawienia: Wyr\u00f3wnanie: lewo, \u015brodek, prawo Pogrubienie Pochylenie Przekre\u015blenie Podlinkowanie Dodatkowa klasa CSS Mo\u017cliwo\u015bci cytatu wyr\u00f3\u017cnionego Cytat wyr\u00f3\u017cniony to blok, kt\u00f3ry ma kilka podstawowych ustawie\u0144.&hellip;","jetpack_sharing_enabled":true,"_links":{"self":[{"href":"https:\/\/jdm.pl\/blog\/wp-json\/wp\/v2\/posts\/2270","targetHints":{"allow":["GET"]}}],"collection":[{"href":"https:\/\/jdm.pl\/blog\/wp-json\/wp\/v2\/posts"}],"about":[{"href":"https:\/\/jdm.pl\/blog\/wp-json\/wp\/v2\/types\/post"}],"author":[{"embeddable":true,"href":"https:\/\/jdm.pl\/blog\/wp-json\/wp\/v2\/users\/4"}],"replies":[{"embeddable":true,"href":"https:\/\/jdm.pl\/blog\/wp-json\/wp\/v2\/comments?post=2270"}],"version-history":[{"count":4,"href":"https:\/\/jdm.pl\/blog\/wp-json\/wp\/v2\/posts\/2270\/revisions"}],"predecessor-version":[{"id":2276,"href":"https:\/\/jdm.pl\/blog\/wp-json\/wp\/v2\/posts\/2270\/revisions\/2276"}],"wp:featuredmedia":[{"embeddable":true,"href":"https:\/\/jdm.pl\/blog\/wp-json\/wp\/v2\/media\/2277"}],"wp:attachment":[{"href":"https:\/\/jdm.pl\/blog\/wp-json\/wp\/v2\/media?parent=2270"}],"wp:term":[{"taxonomy":"category","embeddable":true,"href":"https:\/\/jdm.pl\/blog\/wp-json\/wp\/v2\/categories?post=2270"},{"taxonomy":"post_tag","embeddable":true,"href":"https:\/\/jdm.pl\/blog\/wp-json\/wp\/v2\/tags?post=2270"}],"curies":[{"name":"wp","href":"https:\/\/api.w.org\/{rel}","templated":true}]}}