{"id":2246,"date":"2022-07-05T12:11:00","date_gmt":"2022-07-05T10:11:00","guid":{"rendered":"https:\/\/jdm.pl\/blog\/?p=2246"},"modified":"2022-07-08T12:42:19","modified_gmt":"2022-07-08T10:42:19","slug":"wykorzystanie-bloku-media-i-tekst-w-wordpressie","status":"publish","type":"post","link":"https:\/\/jdm.pl\/blog\/wykorzystanie-bloku-media-i-tekst-w-wordpressie\/","title":{"rendered":"Wykorzystanie bloku media i tekst w WordPressie"},"content":{"rendered":"\n<p>Blok multimedi\u00f3w i tekstu umo\u017cliwia umieszczenie obrazu lub wideo obok tekstu. Aby utworzy\u0107 ten uk\u0142ad, klikamy ikon\u0119 wstawiania bloku, aby otworzy\u0107 bibliotek\u0119 blok\u00f3w i wybieramy blok medi\u00f3w i tekstu.<\/p>\n\n\n\n<p>Uzyskamy w\u00f3wczas taki widok:<\/p>\n\n\n<div class=\"wp-block-image\">\n<figure class=\"aligncenter size-medium\"><a href=\"https:\/\/jdm.pl\/blog\/wp-content\/uploads\/2022\/07\/blok.png\" data-lbwps-width=\"793\" data-lbwps-height=\"239\" data-lbwps-srcsmall=\"https:\/\/jdm.pl\/blog\/wp-content\/uploads\/2022\/07\/blok-300x90.png\"><img loading=\"lazy\" decoding=\"async\" width=\"300\" height=\"90\" src=\"https:\/\/jdm.pl\/blog\/wp-content\/uploads\/2022\/07\/blok-300x90.png\" alt=\"\" class=\"wp-image-2249\" srcset=\"https:\/\/jdm.pl\/blog\/wp-content\/uploads\/2022\/07\/blok-300x90.png 300w, https:\/\/jdm.pl\/blog\/wp-content\/uploads\/2022\/07\/blok-768x231.png 768w, https:\/\/jdm.pl\/blog\/wp-content\/uploads\/2022\/07\/blok.png 793w\" sizes=\"auto, (max-width: 300px) 100vw, 300px\" \/><\/a><\/figure>\n<\/div>\n\n\n<h2 class=\"has-text-align-center wp-block-heading\">Dodawanie tre\u015bci do bloku<\/h2>\n\n\n\n<p><br>Aby doda\u0107 obraz lub wideo do bloku, mo\u017cemy skorzysta\u0107 z dost\u0119pnych opcji, aby przes\u0142a\u0107 plik z komputera lub wybra\u0107 z istniej\u0105cej biblioteki multimedi\u00f3w. Po prawej stronie otrzymamy blok tekstowy, kt\u00f3ry ma takie same opcje dostosowania jak standardowy <a href=\"https:\/\/jdm.pl\/blog\/zmiana-wygladu-fontu-we-wpisie-na-gutenbergu\/\" target=\"_blank\" rel=\"noreferrer noopener\">akapit<\/a> (m.in. zmiana wielko\u015bci fontu, koloru t\u0142a, koloru tekstu).<\/p>\n\n\n\n<div class=\"wp-block-media-text alignwide is-stacked-on-mobile\"><figure class=\"wp-block-media-text__media\"><img loading=\"lazy\" decoding=\"async\" width=\"800\" height=\"600\" src=\"https:\/\/jdm.pl\/blog\/wp-content\/uploads\/2022\/06\/projekt-bez-tytulu-1.jpg\" alt=\"\" class=\"wp-image-2149 size-full\" srcset=\"https:\/\/jdm.pl\/blog\/wp-content\/uploads\/2022\/06\/projekt-bez-tytulu-1.jpg 800w, https:\/\/jdm.pl\/blog\/wp-content\/uploads\/2022\/06\/projekt-bez-tytulu-1-300x225.jpg 300w, https:\/\/jdm.pl\/blog\/wp-content\/uploads\/2022\/06\/projekt-bez-tytulu-1-768x576.jpg 768w\" sizes=\"auto, (max-width: 800px) 100vw, 800px\" \/><\/figure><div class=\"wp-block-media-text__content\">\n<p class=\"has-medium-font-size\">Tre\u015b\u0107, kt\u00f3ra pokazuje si\u0119 z boku zdj\u0119cia.<\/p>\n<\/div><\/div>\n\n\n\n<h2 class=\"has-text-align-center wp-block-heading\">Pasek narz\u0119dzi bloku<\/h2>\n\n\n\n<p>Aby pokaza\u0107 pasek narz\u0119dzi bloku, mo\u017cemy klikn\u0105\u0107 blok. Pami\u0119tajmy, \u017ce ka\u017cdy blok ma w\u0142asne kontrolki specyficzne dla bloku, kt\u00f3re umo\u017cliwiaj\u0105 manipulowanie nim bezpo\u015brednio w edytorze. <\/p>\n\n\n<div class=\"wp-block-image\">\n<figure class=\"aligncenter size-full\"><a href=\"https:\/\/jdm.pl\/blog\/wp-content\/uploads\/2022\/07\/blok2.png\" data-lbwps-width=\"622\" data-lbwps-height=\"258\" data-lbwps-srcsmall=\"https:\/\/jdm.pl\/blog\/wp-content\/uploads\/2022\/07\/blok2-300x124.png\"><img loading=\"lazy\" decoding=\"async\" width=\"622\" height=\"258\" src=\"https:\/\/jdm.pl\/blog\/wp-content\/uploads\/2022\/07\/blok2.png\" alt=\"\" class=\"wp-image-2250\" srcset=\"https:\/\/jdm.pl\/blog\/wp-content\/uploads\/2022\/07\/blok2.png 622w, https:\/\/jdm.pl\/blog\/wp-content\/uploads\/2022\/07\/blok2-300x124.png 300w\" sizes=\"auto, (max-width: 622px) 100vw, 622px\" \/><\/a><\/figure>\n<\/div>\n\n\n<p>Blok media i tekstu oferuje na swoim pasku narz\u0119dzi nast\u0119puj\u0105ce opcje:<\/p>\n\n\n\n<ul class=\"wp-block-list\"><li>zmie\u0144 po\u0142o\u017cenie w pionie,<\/li><li>poka\u017c media po lewej,<\/li><li>poka\u017c media po prawej,<\/li><li>wstaw odno\u015bnik.<\/li><\/ul>\n\n\n\n<p><em>Zmie\u0144 po\u0142o\u017cenie w pionie<\/em> pozwala na u\u0142o\u017cenie tekstu wzgl\u0119dem zdj\u0119cia:<\/p>\n\n\n\n<figure class=\"wp-block-image size-full\"><img loading=\"lazy\" decoding=\"async\" width=\"873\" height=\"387\" src=\"https:\/\/jdm.pl\/blog\/wp-content\/uploads\/2022\/07\/polozenie.png\" alt=\"\" class=\"wp-image-2251\" srcset=\"https:\/\/jdm.pl\/blog\/wp-content\/uploads\/2022\/07\/polozenie.png 873w, https:\/\/jdm.pl\/blog\/wp-content\/uploads\/2022\/07\/polozenie-300x133.png 300w, https:\/\/jdm.pl\/blog\/wp-content\/uploads\/2022\/07\/polozenie-768x340.png 768w\" sizes=\"auto, (max-width: 873px) 100vw, 873px\" \/><\/figure>\n\n\n\n<p>W efekcie mo\u017cemy np. uzyska\u0107 taki uk\u0142ad:<\/p>\n\n\n\n<div class=\"wp-block-media-text alignwide is-stacked-on-mobile is-vertically-aligned-top\"><figure class=\"wp-block-media-text__media\"><img loading=\"lazy\" decoding=\"async\" width=\"800\" height=\"600\" src=\"https:\/\/jdm.pl\/blog\/wp-content\/uploads\/2022\/06\/projekt-bez-tytulu-1.jpg\" alt=\"\" class=\"wp-image-2149 size-full\" srcset=\"https:\/\/jdm.pl\/blog\/wp-content\/uploads\/2022\/06\/projekt-bez-tytulu-1.jpg 800w, https:\/\/jdm.pl\/blog\/wp-content\/uploads\/2022\/06\/projekt-bez-tytulu-1-300x225.jpg 300w, https:\/\/jdm.pl\/blog\/wp-content\/uploads\/2022\/06\/projekt-bez-tytulu-1-768x576.jpg 768w\" sizes=\"auto, (max-width: 800px) 100vw, 800px\" \/><\/figure><div class=\"wp-block-media-text__content\">\n<p class=\"has-medium-font-size\">Tre\u015b\u0107, kt\u00f3ra pokazuje si\u0119 z boku zdj\u0119cia.<\/p>\n<\/div><\/div>\n\n\n\n<p>Opr\u00f3cz tego blok posiada (po klikni\u0119ciu w trzy kropki) standardowe opcje dost\u0119pne dla innych blok\u00f3w:<\/p>\n\n\n<div class=\"wp-block-image\">\n<figure class=\"aligncenter size-medium\"><a href=\"https:\/\/jdm.pl\/blog\/wp-content\/uploads\/2022\/07\/podstawowe-ustawienia.png\" data-lbwps-width=\"326\" data-lbwps-height=\"474\" data-lbwps-srcsmall=\"https:\/\/jdm.pl\/blog\/wp-content\/uploads\/2022\/07\/podstawowe-ustawienia-206x300.png\"><img loading=\"lazy\" decoding=\"async\" width=\"206\" height=\"300\" src=\"https:\/\/jdm.pl\/blog\/wp-content\/uploads\/2022\/07\/podstawowe-ustawienia-206x300.png\" alt=\"\" class=\"wp-image-2252\" srcset=\"https:\/\/jdm.pl\/blog\/wp-content\/uploads\/2022\/07\/podstawowe-ustawienia-206x300.png 206w, https:\/\/jdm.pl\/blog\/wp-content\/uploads\/2022\/07\/podstawowe-ustawienia.png 326w\" sizes=\"auto, (max-width: 206px) 100vw, 206px\" \/><\/a><\/figure>\n<\/div>\n\n\n<p>Blok media i tekst b\u0119dzie idealnym rozwi\u0105zaniem dla os\u00f3b, kt\u00f3re chc\u0105 budowa\u0107 bardziej zaawansowane uk\u0142ady tre\u015bci. Pami\u0119tajmy, \u017ce w mediach mo\u017cemy dodawa\u0107 tak\u017ce np. video. Wszystko zale\u017cy od efektu, jaki chcemy uzyska\u0107.<\/p>\n","protected":false},"excerpt":{"rendered":"<p>Blok multimedi\u00f3w i tekstu umo\u017cliwia umieszczenie obrazu lub wideo obok tekstu. Aby utworzy\u0107 ten uk\u0142ad, klikamy ikon\u0119 wstawiania bloku, aby otworzy\u0107 bibliotek\u0119 blok\u00f3w i wybieramy blok medi\u00f3w i tekstu. Uzyskamy w\u00f3wczas taki widok: Dodawanie tre\u015bci do bloku Aby doda\u0107 obraz lub wideo do bloku, mo\u017cemy skorzysta\u0107 z dost\u0119pnych opcji, aby przes\u0142a\u0107 plik z komputera lub [&hellip;]<\/p>\n","protected":false},"author":4,"featured_media":2253,"comment_status":"open","ping_status":"open","sticky":false,"template":"","format":"standard","meta":{"_uag_custom_page_level_css":"","_exactmetrics_skip_tracking":false,"_exactmetrics_sitenote_active":false,"_exactmetrics_sitenote_note":"","_exactmetrics_sitenote_category":0,"_jetpack_memberships_contains_paid_content":false,"footnotes":""},"categories":[6,3],"tags":[12,20],"class_list":["post-2246","post","type-post","status-publish","format-standard","has-post-thumbnail","hentry","category-porady","category-wordpress","tag-dla-blogerow","tag-gutenberg"],"yoast_head":"<!-- This site is optimized with the Yoast SEO plugin v27.4 - https:\/\/yoast.com\/product\/yoast-seo-wordpress\/ -->\n<title>Wykorzystanie bloku media i tekst w WordPressie - Blog jdm.pl<\/title>\n<meta name=\"description\" content=\"Wykorzystanie bloku media i tekst w WordPressie. Zobacz, jak w prosty spos\u00f3b u\u0142o\u017cy\u0107 zdj\u0119cia i tekst w Gutenbergu.\" \/>\n<meta name=\"robots\" content=\"index, follow, max-snippet:-1, max-image-preview:large, max-video-preview:-1\" \/>\n<link rel=\"canonical\" href=\"https:\/\/jdm.pl\/blog\/wykorzystanie-bloku-media-i-tekst-w-wordpressie\/\" \/>\n<meta property=\"og:locale\" content=\"pl_PL\" \/>\n<meta property=\"og:type\" content=\"article\" \/>\n<meta property=\"og:title\" content=\"Wykorzystanie bloku media i tekst w WordPressie - Blog jdm.pl\" \/>\n<meta property=\"og:description\" content=\"Wykorzystanie bloku media i tekst w WordPressie. Zobacz, jak w prosty spos\u00f3b u\u0142o\u017cy\u0107 zdj\u0119cia i tekst w Gutenbergu.\" \/>\n<meta property=\"og:url\" content=\"https:\/\/jdm.pl\/blog\/wykorzystanie-bloku-media-i-tekst-w-wordpressie\/\" \/>\n<meta property=\"og:site_name\" content=\"Blog jdm.pl\" \/>\n<meta property=\"article:published_time\" content=\"2022-07-05T10:11:00+00:00\" \/>\n<meta property=\"article:modified_time\" content=\"2022-07-08T10:42:19+00:00\" \/>\n<meta property=\"og:image\" content=\"https:\/\/jdm.pl\/blog\/wp-content\/uploads\/2022\/07\/media-i-tekst.png\" \/>\n\t<meta property=\"og:image:width\" content=\"1200\" \/>\n\t<meta property=\"og:image:height\" content=\"630\" \/>\n\t<meta property=\"og:image:type\" content=\"image\/png\" \/>\n<meta name=\"author\" content=\"Anna Starek-Wr\u00f3bel\" \/>\n<meta name=\"twitter:card\" content=\"summary_large_image\" \/>\n<meta name=\"twitter:label1\" content=\"Napisane przez\" \/>\n\t<meta name=\"twitter:data1\" content=\"Anna Starek-Wr\u00f3bel\" \/>\n\t<meta name=\"twitter:label2\" content=\"Szacowany czas czytania\" \/>\n\t<meta name=\"twitter:data2\" content=\"3 minuty\" \/>\n<script type=\"application\/ld+json\" class=\"yoast-schema-graph\">{\"@context\":\"https:\\\/\\\/schema.org\",\"@graph\":[{\"@type\":\"Article\",\"@id\":\"https:\\\/\\\/jdm.pl\\\/blog\\\/wykorzystanie-bloku-media-i-tekst-w-wordpressie\\\/#article\",\"isPartOf\":{\"@id\":\"https:\\\/\\\/jdm.pl\\\/blog\\\/wykorzystanie-bloku-media-i-tekst-w-wordpressie\\\/\"},\"author\":{\"name\":\"Anna Starek-Wr\u00f3bel\",\"@id\":\"https:\\\/\\\/jdm.pl\\\/blog\\\/#\\\/schema\\\/person\\\/26e7a9c6f5b416eabcfed62ee02685c0\"},\"headline\":\"Wykorzystanie bloku media i tekst w WordPressie\",\"datePublished\":\"2022-07-05T10:11:00+00:00\",\"dateModified\":\"2022-07-08T10:42:19+00:00\",\"mainEntityOfPage\":{\"@id\":\"https:\\\/\\\/jdm.pl\\\/blog\\\/wykorzystanie-bloku-media-i-tekst-w-wordpressie\\\/\"},\"wordCount\":278,\"commentCount\":0,\"image\":{\"@id\":\"https:\\\/\\\/jdm.pl\\\/blog\\\/wykorzystanie-bloku-media-i-tekst-w-wordpressie\\\/#primaryimage\"},\"thumbnailUrl\":\"https:\\\/\\\/jdm.pl\\\/blog\\\/wp-content\\\/uploads\\\/2022\\\/07\\\/media-i-tekst.png\",\"keywords\":[\"dla bloger\u00f3w\",\"Gutenberg\"],\"articleSection\":[\"Porady\",\"WordPress\"],\"inLanguage\":\"pl-PL\",\"potentialAction\":[{\"@type\":\"CommentAction\",\"name\":\"Comment\",\"target\":[\"https:\\\/\\\/jdm.pl\\\/blog\\\/wykorzystanie-bloku-media-i-tekst-w-wordpressie\\\/#respond\"]}]},{\"@type\":\"WebPage\",\"@id\":\"https:\\\/\\\/jdm.pl\\\/blog\\\/wykorzystanie-bloku-media-i-tekst-w-wordpressie\\\/\",\"url\":\"https:\\\/\\\/jdm.pl\\\/blog\\\/wykorzystanie-bloku-media-i-tekst-w-wordpressie\\\/\",\"name\":\"Wykorzystanie bloku media i tekst w WordPressie - Blog jdm.pl\",\"isPartOf\":{\"@id\":\"https:\\\/\\\/jdm.pl\\\/blog\\\/#website\"},\"primaryImageOfPage\":{\"@id\":\"https:\\\/\\\/jdm.pl\\\/blog\\\/wykorzystanie-bloku-media-i-tekst-w-wordpressie\\\/#primaryimage\"},\"image\":{\"@id\":\"https:\\\/\\\/jdm.pl\\\/blog\\\/wykorzystanie-bloku-media-i-tekst-w-wordpressie\\\/#primaryimage\"},\"thumbnailUrl\":\"https:\\\/\\\/jdm.pl\\\/blog\\\/wp-content\\\/uploads\\\/2022\\\/07\\\/media-i-tekst.png\",\"datePublished\":\"2022-07-05T10:11:00+00:00\",\"dateModified\":\"2022-07-08T10:42:19+00:00\",\"author\":{\"@id\":\"https:\\\/\\\/jdm.pl\\\/blog\\\/#\\\/schema\\\/person\\\/26e7a9c6f5b416eabcfed62ee02685c0\"},\"description\":\"Wykorzystanie bloku media i tekst w WordPressie. Zobacz, jak w prosty spos\u00f3b u\u0142o\u017cy\u0107 zdj\u0119cia i tekst w Gutenbergu.\",\"breadcrumb\":{\"@id\":\"https:\\\/\\\/jdm.pl\\\/blog\\\/wykorzystanie-bloku-media-i-tekst-w-wordpressie\\\/#breadcrumb\"},\"inLanguage\":\"pl-PL\",\"potentialAction\":[{\"@type\":\"ReadAction\",\"target\":[\"https:\\\/\\\/jdm.pl\\\/blog\\\/wykorzystanie-bloku-media-i-tekst-w-wordpressie\\\/\"]}]},{\"@type\":\"ImageObject\",\"inLanguage\":\"pl-PL\",\"@id\":\"https:\\\/\\\/jdm.pl\\\/blog\\\/wykorzystanie-bloku-media-i-tekst-w-wordpressie\\\/#primaryimage\",\"url\":\"https:\\\/\\\/jdm.pl\\\/blog\\\/wp-content\\\/uploads\\\/2022\\\/07\\\/media-i-tekst.png\",\"contentUrl\":\"https:\\\/\\\/jdm.pl\\\/blog\\\/wp-content\\\/uploads\\\/2022\\\/07\\\/media-i-tekst.png\",\"width\":1200,\"height\":630},{\"@type\":\"BreadcrumbList\",\"@id\":\"https:\\\/\\\/jdm.pl\\\/blog\\\/wykorzystanie-bloku-media-i-tekst-w-wordpressie\\\/#breadcrumb\",\"itemListElement\":[{\"@type\":\"ListItem\",\"position\":1,\"name\":\"Strona g\u0142\u00f3wna\",\"item\":\"https:\\\/\\\/jdm.pl\\\/blog\\\/\"},{\"@type\":\"ListItem\",\"position\":2,\"name\":\"Wykorzystanie bloku media i tekst w WordPressie\"}]},{\"@type\":\"WebSite\",\"@id\":\"https:\\\/\\\/jdm.pl\\\/blog\\\/#website\",\"url\":\"https:\\\/\\\/jdm.pl\\\/blog\\\/\",\"name\":\"Blog jdm.pl\",\"description\":\"WordPress tutoriale i porady\",\"potentialAction\":[{\"@type\":\"SearchAction\",\"target\":{\"@type\":\"EntryPoint\",\"urlTemplate\":\"https:\\\/\\\/jdm.pl\\\/blog\\\/?s={search_term_string}\"},\"query-input\":{\"@type\":\"PropertyValueSpecification\",\"valueRequired\":true,\"valueName\":\"search_term_string\"}}],\"inLanguage\":\"pl-PL\"},{\"@type\":\"Person\",\"@id\":\"https:\\\/\\\/jdm.pl\\\/blog\\\/#\\\/schema\\\/person\\\/26e7a9c6f5b416eabcfed62ee02685c0\",\"name\":\"Anna Starek-Wr\u00f3bel\",\"image\":{\"@type\":\"ImageObject\",\"inLanguage\":\"pl-PL\",\"@id\":\"https:\\\/\\\/secure.gravatar.com\\\/avatar\\\/c514af5a4b2affc5fccce6e1cf2e2d03eb6489cfbf462552eee35a68ed106974?s=96&d=mm&r=g\",\"url\":\"https:\\\/\\\/secure.gravatar.com\\\/avatar\\\/c514af5a4b2affc5fccce6e1cf2e2d03eb6489cfbf462552eee35a68ed106974?s=96&d=mm&r=g\",\"contentUrl\":\"https:\\\/\\\/secure.gravatar.com\\\/avatar\\\/c514af5a4b2affc5fccce6e1cf2e2d03eb6489cfbf462552eee35a68ed106974?s=96&d=mm&r=g\",\"caption\":\"Anna Starek-Wr\u00f3bel\"},\"sameAs\":[\"https:\\\/\\\/cmo.im\"],\"url\":\"https:\\\/\\\/jdm.pl\\\/blog\\\/author\\\/anna-starek\\\/\"}]}<\/script>\n<!-- \/ Yoast SEO plugin. -->","yoast_head_json":{"title":"Wykorzystanie bloku media i tekst w WordPressie - Blog jdm.pl","description":"Wykorzystanie bloku media i tekst w WordPressie. Zobacz, jak w prosty spos\u00f3b u\u0142o\u017cy\u0107 zdj\u0119cia i tekst w Gutenbergu.","robots":{"index":"index","follow":"follow","max-snippet":"max-snippet:-1","max-image-preview":"max-image-preview:large","max-video-preview":"max-video-preview:-1"},"canonical":"https:\/\/jdm.pl\/blog\/wykorzystanie-bloku-media-i-tekst-w-wordpressie\/","og_locale":"pl_PL","og_type":"article","og_title":"Wykorzystanie bloku media i tekst w WordPressie - Blog jdm.pl","og_description":"Wykorzystanie bloku media i tekst w WordPressie. Zobacz, jak w prosty spos\u00f3b u\u0142o\u017cy\u0107 zdj\u0119cia i tekst w Gutenbergu.","og_url":"https:\/\/jdm.pl\/blog\/wykorzystanie-bloku-media-i-tekst-w-wordpressie\/","og_site_name":"Blog jdm.pl","article_published_time":"2022-07-05T10:11:00+00:00","article_modified_time":"2022-07-08T10:42:19+00:00","og_image":[{"width":1200,"height":630,"url":"https:\/\/jdm.pl\/blog\/wp-content\/uploads\/2022\/07\/media-i-tekst.png","type":"image\/png"}],"author":"Anna Starek-Wr\u00f3bel","twitter_card":"summary_large_image","twitter_misc":{"Napisane przez":"Anna Starek-Wr\u00f3bel","Szacowany czas czytania":"3 minuty"},"schema":{"@context":"https:\/\/schema.org","@graph":[{"@type":"Article","@id":"https:\/\/jdm.pl\/blog\/wykorzystanie-bloku-media-i-tekst-w-wordpressie\/#article","isPartOf":{"@id":"https:\/\/jdm.pl\/blog\/wykorzystanie-bloku-media-i-tekst-w-wordpressie\/"},"author":{"name":"Anna Starek-Wr\u00f3bel","@id":"https:\/\/jdm.pl\/blog\/#\/schema\/person\/26e7a9c6f5b416eabcfed62ee02685c0"},"headline":"Wykorzystanie bloku media i tekst w WordPressie","datePublished":"2022-07-05T10:11:00+00:00","dateModified":"2022-07-08T10:42:19+00:00","mainEntityOfPage":{"@id":"https:\/\/jdm.pl\/blog\/wykorzystanie-bloku-media-i-tekst-w-wordpressie\/"},"wordCount":278,"commentCount":0,"image":{"@id":"https:\/\/jdm.pl\/blog\/wykorzystanie-bloku-media-i-tekst-w-wordpressie\/#primaryimage"},"thumbnailUrl":"https:\/\/jdm.pl\/blog\/wp-content\/uploads\/2022\/07\/media-i-tekst.png","keywords":["dla bloger\u00f3w","Gutenberg"],"articleSection":["Porady","WordPress"],"inLanguage":"pl-PL","potentialAction":[{"@type":"CommentAction","name":"Comment","target":["https:\/\/jdm.pl\/blog\/wykorzystanie-bloku-media-i-tekst-w-wordpressie\/#respond"]}]},{"@type":"WebPage","@id":"https:\/\/jdm.pl\/blog\/wykorzystanie-bloku-media-i-tekst-w-wordpressie\/","url":"https:\/\/jdm.pl\/blog\/wykorzystanie-bloku-media-i-tekst-w-wordpressie\/","name":"Wykorzystanie bloku media i tekst w WordPressie - Blog jdm.pl","isPartOf":{"@id":"https:\/\/jdm.pl\/blog\/#website"},"primaryImageOfPage":{"@id":"https:\/\/jdm.pl\/blog\/wykorzystanie-bloku-media-i-tekst-w-wordpressie\/#primaryimage"},"image":{"@id":"https:\/\/jdm.pl\/blog\/wykorzystanie-bloku-media-i-tekst-w-wordpressie\/#primaryimage"},"thumbnailUrl":"https:\/\/jdm.pl\/blog\/wp-content\/uploads\/2022\/07\/media-i-tekst.png","datePublished":"2022-07-05T10:11:00+00:00","dateModified":"2022-07-08T10:42:19+00:00","author":{"@id":"https:\/\/jdm.pl\/blog\/#\/schema\/person\/26e7a9c6f5b416eabcfed62ee02685c0"},"description":"Wykorzystanie bloku media i tekst w WordPressie. Zobacz, jak w prosty spos\u00f3b u\u0142o\u017cy\u0107 zdj\u0119cia i tekst w Gutenbergu.","breadcrumb":{"@id":"https:\/\/jdm.pl\/blog\/wykorzystanie-bloku-media-i-tekst-w-wordpressie\/#breadcrumb"},"inLanguage":"pl-PL","potentialAction":[{"@type":"ReadAction","target":["https:\/\/jdm.pl\/blog\/wykorzystanie-bloku-media-i-tekst-w-wordpressie\/"]}]},{"@type":"ImageObject","inLanguage":"pl-PL","@id":"https:\/\/jdm.pl\/blog\/wykorzystanie-bloku-media-i-tekst-w-wordpressie\/#primaryimage","url":"https:\/\/jdm.pl\/blog\/wp-content\/uploads\/2022\/07\/media-i-tekst.png","contentUrl":"https:\/\/jdm.pl\/blog\/wp-content\/uploads\/2022\/07\/media-i-tekst.png","width":1200,"height":630},{"@type":"BreadcrumbList","@id":"https:\/\/jdm.pl\/blog\/wykorzystanie-bloku-media-i-tekst-w-wordpressie\/#breadcrumb","itemListElement":[{"@type":"ListItem","position":1,"name":"Strona g\u0142\u00f3wna","item":"https:\/\/jdm.pl\/blog\/"},{"@type":"ListItem","position":2,"name":"Wykorzystanie bloku media i tekst w WordPressie"}]},{"@type":"WebSite","@id":"https:\/\/jdm.pl\/blog\/#website","url":"https:\/\/jdm.pl\/blog\/","name":"Blog jdm.pl","description":"WordPress tutoriale i porady","potentialAction":[{"@type":"SearchAction","target":{"@type":"EntryPoint","urlTemplate":"https:\/\/jdm.pl\/blog\/?s={search_term_string}"},"query-input":{"@type":"PropertyValueSpecification","valueRequired":true,"valueName":"search_term_string"}}],"inLanguage":"pl-PL"},{"@type":"Person","@id":"https:\/\/jdm.pl\/blog\/#\/schema\/person\/26e7a9c6f5b416eabcfed62ee02685c0","name":"Anna Starek-Wr\u00f3bel","image":{"@type":"ImageObject","inLanguage":"pl-PL","@id":"https:\/\/secure.gravatar.com\/avatar\/c514af5a4b2affc5fccce6e1cf2e2d03eb6489cfbf462552eee35a68ed106974?s=96&d=mm&r=g","url":"https:\/\/secure.gravatar.com\/avatar\/c514af5a4b2affc5fccce6e1cf2e2d03eb6489cfbf462552eee35a68ed106974?s=96&d=mm&r=g","contentUrl":"https:\/\/secure.gravatar.com\/avatar\/c514af5a4b2affc5fccce6e1cf2e2d03eb6489cfbf462552eee35a68ed106974?s=96&d=mm&r=g","caption":"Anna Starek-Wr\u00f3bel"},"sameAs":["https:\/\/cmo.im"],"url":"https:\/\/jdm.pl\/blog\/author\/anna-starek\/"}]}},"jetpack_featured_media_url":"https:\/\/jdm.pl\/blog\/wp-content\/uploads\/2022\/07\/media-i-tekst.png","uagb_featured_image_src":{"full":["https:\/\/jdm.pl\/blog\/wp-content\/uploads\/2022\/07\/media-i-tekst.png",1200,630,false],"thumbnail":["https:\/\/jdm.pl\/blog\/wp-content\/uploads\/2022\/07\/media-i-tekst-150x150.png",150,150,true],"medium":["https:\/\/jdm.pl\/blog\/wp-content\/uploads\/2022\/07\/media-i-tekst-300x158.png",300,158,true],"medium_large":["https:\/\/jdm.pl\/blog\/wp-content\/uploads\/2022\/07\/media-i-tekst-768x403.png",640,336,true],"large":["https:\/\/jdm.pl\/blog\/wp-content\/uploads\/2022\/07\/media-i-tekst-1024x538.png",640,336,true],"hd_qu_size2":["https:\/\/jdm.pl\/blog\/wp-content\/uploads\/2022\/07\/media-i-tekst.png",400,210,false],"1536x1536":["https:\/\/jdm.pl\/blog\/wp-content\/uploads\/2022\/07\/media-i-tekst.png",1200,630,false],"2048x2048":["https:\/\/jdm.pl\/blog\/wp-content\/uploads\/2022\/07\/media-i-tekst.png",1200,630,false],"sidebar-thumb":["https:\/\/jdm.pl\/blog\/wp-content\/uploads\/2022\/07\/media-i-tekst-250x124.png",250,124,true]},"uagb_author_info":{"display_name":"Anna Starek-Wr\u00f3bel","author_link":"https:\/\/jdm.pl\/blog\/author\/anna-starek\/"},"uagb_comment_info":0,"uagb_excerpt":"Blok multimedi\u00f3w i tekstu umo\u017cliwia umieszczenie obrazu lub wideo obok tekstu. Aby utworzy\u0107 ten uk\u0142ad, klikamy ikon\u0119 wstawiania bloku, aby otworzy\u0107 bibliotek\u0119 blok\u00f3w i wybieramy blok medi\u00f3w i tekstu. Uzyskamy w\u00f3wczas taki widok: Dodawanie tre\u015bci do bloku Aby doda\u0107 obraz lub wideo do bloku, mo\u017cemy skorzysta\u0107 z dost\u0119pnych opcji, aby przes\u0142a\u0107 plik z komputera lub&hellip;","jetpack_sharing_enabled":true,"_links":{"self":[{"href":"https:\/\/jdm.pl\/blog\/wp-json\/wp\/v2\/posts\/2246","targetHints":{"allow":["GET"]}}],"collection":[{"href":"https:\/\/jdm.pl\/blog\/wp-json\/wp\/v2\/posts"}],"about":[{"href":"https:\/\/jdm.pl\/blog\/wp-json\/wp\/v2\/types\/post"}],"author":[{"embeddable":true,"href":"https:\/\/jdm.pl\/blog\/wp-json\/wp\/v2\/users\/4"}],"replies":[{"embeddable":true,"href":"https:\/\/jdm.pl\/blog\/wp-json\/wp\/v2\/comments?post=2246"}],"version-history":[{"count":1,"href":"https:\/\/jdm.pl\/blog\/wp-json\/wp\/v2\/posts\/2246\/revisions"}],"predecessor-version":[{"id":2254,"href":"https:\/\/jdm.pl\/blog\/wp-json\/wp\/v2\/posts\/2246\/revisions\/2254"}],"wp:featuredmedia":[{"embeddable":true,"href":"https:\/\/jdm.pl\/blog\/wp-json\/wp\/v2\/media\/2253"}],"wp:attachment":[{"href":"https:\/\/jdm.pl\/blog\/wp-json\/wp\/v2\/media?parent=2246"}],"wp:term":[{"taxonomy":"category","embeddable":true,"href":"https:\/\/jdm.pl\/blog\/wp-json\/wp\/v2\/categories?post=2246"},{"taxonomy":"post_tag","embeddable":true,"href":"https:\/\/jdm.pl\/blog\/wp-json\/wp\/v2\/tags?post=2246"}],"curies":[{"name":"wp","href":"https:\/\/api.w.org\/{rel}","templated":true}]}}