{"id":2241,"date":"2022-07-04T22:18:00","date_gmt":"2022-07-04T20:18:00","guid":{"rendered":"https:\/\/jdm.pl\/blog\/?p=2241"},"modified":"2022-09-08T20:23:17","modified_gmt":"2022-09-08T18:23:17","slug":"osadzanie-kalendarza-wpisow-w-gutenbergu","status":"publish","type":"post","link":"https:\/\/jdm.pl\/blog\/osadzanie-kalendarza-wpisow-w-gutenbergu\/","title":{"rendered":"Osadzanie kalendarza wpis\u00f3w w Gutenbergu"},"content":{"rendered":"\n<p>Czasami mo\u017ce okaza\u0107 si\u0119, \u017ce potrzebujemy w tre\u015bci strony lub bezpo\u015brednio we wpisie osadzi\u0107 kalendarz wpis\u00f3w. Wcze\u015bniej by\u0142o to zastrze\u017cone w WordPressie dla <a href=\"https:\/\/jdm.pl\/blog\/widgety-w-wordpressie-jak-i-kiedy-uzywac\/\">widget\u00f3w<\/a>, co praktycznie ograniczy\u0142o dodanie do miejsca ich usytowania (np. stopka, pasek boczny). Sytuacja zmieni\u0142a si\u0119 wraz z nadej\u015bciem edytora blokowego Gutenberg.<\/p>\n\n\n\n<h2 class=\"has-text-align-center wp-block-heading\">Jak doda\u0107 kalendarz wpis\u00f3w w WordPressie<\/h2>\n\n\n\n<p>Aby doda\u0107 kalendarz post\u00f3w wystarczy skorzysta\u0107 z bloku Kalendarz:<\/p>\n\n\n<div class=\"wp-block-image\">\n<figure class=\"aligncenter size-medium\"><a href=\"https:\/\/jdm.pl\/blog\/wp-content\/uploads\/2022\/07\/kalendarz.png\" data-lbwps-width=\"409\" data-lbwps-height=\"316\" data-lbwps-srcsmall=\"https:\/\/jdm.pl\/blog\/wp-content\/uploads\/2022\/07\/kalendarz-300x232.png\"><img loading=\"lazy\" decoding=\"async\" width=\"300\" height=\"232\" src=\"https:\/\/jdm.pl\/blog\/wp-content\/uploads\/2022\/07\/kalendarz-300x232.png\" alt=\"\" class=\"wp-image-2242\" srcset=\"https:\/\/jdm.pl\/blog\/wp-content\/uploads\/2022\/07\/kalendarz-300x232.png 300w, https:\/\/jdm.pl\/blog\/wp-content\/uploads\/2022\/07\/kalendarz.png 409w\" sizes=\"auto, (max-width: 300px) 100vw, 300px\" \/><\/a><\/figure>\n<\/div>\n\n\n<p>Uzyskamy osadzony kalendarz, w kt\u00f3ry podlinkowane s\u0105 bie\u017c\u0105ce posty:<\/p>\n\n\n<div class=\"wp-block-calendar\"><table id=\"wp-calendar\" class=\"wp-calendar-table\">\n\t<caption>maj 2026<\/caption>\n\t<thead>\n\t<tr>\n\t\t<th scope=\"col\" aria-label=\"poniedzia\u0142ek\">P<\/th>\n\t\t<th scope=\"col\" aria-label=\"wtorek\">W<\/th>\n\t\t<th scope=\"col\" aria-label=\"\u015broda\">\u015a<\/th>\n\t\t<th scope=\"col\" aria-label=\"czwartek\">C<\/th>\n\t\t<th scope=\"col\" aria-label=\"pi\u0105tek\">P<\/th>\n\t\t<th scope=\"col\" aria-label=\"sobota\">S<\/th>\n\t\t<th scope=\"col\" aria-label=\"niedziela\">N<\/th>\n\t<\/tr>\n\t<\/thead>\n\t<tbody>\n\t<tr>\n\t\t<td colspan=\"4\" class=\"pad\">&nbsp;<\/td><td id=\"today\">1<\/td><td>2<\/td><td>3<\/td>\n\t<\/tr>\n\t<tr>\n\t\t<td>4<\/td><td>5<\/td><td>6<\/td><td>7<\/td><td>8<\/td><td>9<\/td><td>10<\/td>\n\t<\/tr>\n\t<tr>\n\t\t<td>11<\/td><td>12<\/td><td>13<\/td><td>14<\/td><td>15<\/td><td>16<\/td><td>17<\/td>\n\t<\/tr>\n\t<tr>\n\t\t<td>18<\/td><td>19<\/td><td>20<\/td><td>21<\/td><td>22<\/td><td>23<\/td><td>24<\/td>\n\t<\/tr>\n\t<tr>\n\t\t<td>25<\/td><td>26<\/td><td>27<\/td><td>28<\/td><td>29<\/td><td>30<\/td><td>31<\/td>\n\t<\/tr>\n\t<\/tbody>\n\t<\/table><nav aria-label=\"Poprzednie i nast\u0119pne miesi\u0105ce\" class=\"wp-calendar-nav\">\n\t\t<span class=\"wp-calendar-nav-prev\"><a href=\"https:\/\/jdm.pl\/blog\/2024\/12\/\">&laquo; gru<\/a><\/span>\n\t\t<span class=\"pad\">&nbsp;<\/span>\n\t\t<span class=\"wp-calendar-nav-next\">&nbsp;<\/span>\n\t<\/nav><\/div>\n\n\n<h2 class=\"has-text-align-center wp-block-heading\">Czy mo\u017cna doda\u0107 dodatkowe opcje w kalendarzu wpis\u00f3w w WordPressie?<\/h2>\n\n\n\n<p>Sam blok jest niestety nadal do\u015b\u0107 ubogi &#8211; mo\u017cemy jedynie doda\u0107 do niego w\u0142asne klasy CSS i nie doczeka\u0142 si\u0119 \u017cadnej innej customizacji. Jednak je\u017celi potrzebujemy zaprezentowa\u0107 prosty kalendarz post\u00f3w, kt\u00f3ry u\u0142atwi dotarcie do danych tre\u015bci u\u017cytkownikom, ta opcja w zupe\u0142no\u015bci wystarczy. Kalendarz zaczerpnie style z naszego bloga, dostosowuj\u0105c wygl\u0105d pod motyw. Gdyby\u015bmy potrzebowali jednak zmian &#8211; musimy skorzysta\u0107 z <a href=\"https:\/\/jdm.pl\/blog\/czy-obslugujac-wordpressa-warto-znac-css\/\" target=\"_blank\" rel=\"noreferrer noopener\">w\u0142asnego CSS<\/a>. <\/p>\n\n\n\n<p>Nie ma niestety mo\u017cliwo\u015bci wyboru wpis\u00f3w, jakie chcemy pokaza\u0107 np. z uwzgl\u0119dnieniem tag\u00f3w czy kategorii. Po prostu kilkamy odpowiedni\u0105 dat\u0119 i otrzymuje tre\u015bci blogowe pod ni\u0105 opublikowane. Zmiana daty we wpisie, to oczywi\u015bcie automatyczna zmiana w kalendarzu. <\/p>\n\n\n\n<p>Warto zawsze zastanowi\u0107 si\u0119, kt\u00f3re rozwi\u0105zanie dla nas jest najkorzystaniejsze, zw\u0142aszcza, gdy s\u0105 to opcje natywne &#8211; wbudowane w WordPressa. Je\u017celi niepotrzebujemy rozbudowanego kalendarza wydarze\u0144 itp., nie ma sensu instalowa\u0107 kolejnej wtyczki. Prostota i umiar ma znaczenie. <\/p>\n","protected":false},"excerpt":{"rendered":"<p>Czasami mo\u017ce okaza\u0107 si\u0119, \u017ce potrzebujemy w tre\u015bci strony lub bezpo\u015brednio we wpisie osadzi\u0107 kalendarz wpis\u00f3w. Wcze\u015bniej by\u0142o to zastrze\u017cone w WordPressie dla widget\u00f3w, co praktycznie ograniczy\u0142o dodanie do miejsca ich usytowania (np. stopka, pasek boczny). Sytuacja zmieni\u0142a si\u0119 wraz z nadej\u015bciem edytora blokowego Gutenberg. Jak doda\u0107 kalendarz wpis\u00f3w w WordPressie Aby doda\u0107 kalendarz post\u00f3w [&hellip;]<\/p>\n","protected":false},"author":4,"featured_media":2244,"comment_status":"open","ping_status":"open","sticky":false,"template":"","format":"standard","meta":{"_uag_custom_page_level_css":"","_exactmetrics_skip_tracking":false,"_exactmetrics_sitenote_active":false,"_exactmetrics_sitenote_note":"","_exactmetrics_sitenote_category":0,"_jetpack_memberships_contains_paid_content":false,"footnotes":""},"categories":[29,6,3],"tags":[12,20],"class_list":["post-2241","post","type-post","status-publish","format-standard","has-post-thumbnail","hentry","category-gutenberg","category-porady","category-wordpress","tag-dla-blogerow","tag-gutenberg"],"yoast_head":"<!-- This site is optimized with the Yoast SEO plugin v27.5 - https:\/\/yoast.com\/product\/yoast-seo-wordpress\/ -->\n<title>Osadzanie kalendarza wpis\u00f3w w Gutenbergu - Blog jdm.pl<\/title>\n<meta name=\"description\" content=\"Osadzanie kalendarza wpis\u00f3w w Gutenbergu - sprawd\u017a jak skorzysta\u0107 z opcji osadzanie kalendarza post\u00f3w w WordPressie.\" \/>\n<meta name=\"robots\" content=\"index, follow, max-snippet:-1, max-image-preview:large, max-video-preview:-1\" \/>\n<link rel=\"canonical\" href=\"https:\/\/jdm.pl\/blog\/osadzanie-kalendarza-wpisow-w-gutenbergu\/\" \/>\n<meta property=\"og:locale\" content=\"pl_PL\" \/>\n<meta property=\"og:type\" content=\"article\" \/>\n<meta property=\"og:title\" content=\"Osadzanie kalendarza wpis\u00f3w w Gutenbergu - Blog jdm.pl\" \/>\n<meta property=\"og:description\" content=\"Osadzanie kalendarza wpis\u00f3w w Gutenbergu - sprawd\u017a jak skorzysta\u0107 z opcji osadzanie kalendarza post\u00f3w w WordPressie.\" \/>\n<meta property=\"og:url\" content=\"https:\/\/jdm.pl\/blog\/osadzanie-kalendarza-wpisow-w-gutenbergu\/\" \/>\n<meta property=\"og:site_name\" content=\"Blog jdm.pl\" \/>\n<meta property=\"article:published_time\" content=\"2022-07-04T20:18:00+00:00\" \/>\n<meta property=\"article:modified_time\" content=\"2022-09-08T18:23:17+00:00\" \/>\n<meta property=\"og:image\" content=\"https:\/\/jdm.pl\/blog\/wp-content\/uploads\/2022\/07\/osadzanie-kalendarza.png\" \/>\n\t<meta property=\"og:image:width\" content=\"1200\" \/>\n\t<meta property=\"og:image:height\" content=\"630\" \/>\n\t<meta property=\"og:image:type\" content=\"image\/png\" \/>\n<meta name=\"author\" content=\"Anna Starek-Wr\u00f3bel\" \/>\n<meta name=\"twitter:card\" content=\"summary_large_image\" \/>\n<meta name=\"twitter:label1\" content=\"Napisane przez\" \/>\n\t<meta name=\"twitter:data1\" content=\"Anna Starek-Wr\u00f3bel\" \/>\n\t<meta name=\"twitter:label2\" content=\"Szacowany czas czytania\" \/>\n\t<meta name=\"twitter:data2\" content=\"2 minuty\" \/>\n<script type=\"application\/ld+json\" class=\"yoast-schema-graph\">{\"@context\":\"https:\\\/\\\/schema.org\",\"@graph\":[{\"@type\":\"Article\",\"@id\":\"https:\\\/\\\/jdm.pl\\\/blog\\\/osadzanie-kalendarza-wpisow-w-gutenbergu\\\/#article\",\"isPartOf\":{\"@id\":\"https:\\\/\\\/jdm.pl\\\/blog\\\/osadzanie-kalendarza-wpisow-w-gutenbergu\\\/\"},\"author\":{\"name\":\"Anna Starek-Wr\u00f3bel\",\"@id\":\"https:\\\/\\\/jdm.pl\\\/blog\\\/#\\\/schema\\\/person\\\/26e7a9c6f5b416eabcfed62ee02685c0\"},\"headline\":\"Osadzanie kalendarza wpis\u00f3w w Gutenbergu\",\"datePublished\":\"2022-07-04T20:18:00+00:00\",\"dateModified\":\"2022-09-08T18:23:17+00:00\",\"mainEntityOfPage\":{\"@id\":\"https:\\\/\\\/jdm.pl\\\/blog\\\/osadzanie-kalendarza-wpisow-w-gutenbergu\\\/\"},\"wordCount\":263,\"commentCount\":0,\"image\":{\"@id\":\"https:\\\/\\\/jdm.pl\\\/blog\\\/osadzanie-kalendarza-wpisow-w-gutenbergu\\\/#primaryimage\"},\"thumbnailUrl\":\"https:\\\/\\\/jdm.pl\\\/blog\\\/wp-content\\\/uploads\\\/2022\\\/07\\\/osadzanie-kalendarza.png\",\"keywords\":[\"dla bloger\u00f3w\",\"Gutenberg\"],\"articleSection\":[\"Gutenberg\",\"Porady\",\"WordPress\"],\"inLanguage\":\"pl-PL\",\"potentialAction\":[{\"@type\":\"CommentAction\",\"name\":\"Comment\",\"target\":[\"https:\\\/\\\/jdm.pl\\\/blog\\\/osadzanie-kalendarza-wpisow-w-gutenbergu\\\/#respond\"]}]},{\"@type\":\"WebPage\",\"@id\":\"https:\\\/\\\/jdm.pl\\\/blog\\\/osadzanie-kalendarza-wpisow-w-gutenbergu\\\/\",\"url\":\"https:\\\/\\\/jdm.pl\\\/blog\\\/osadzanie-kalendarza-wpisow-w-gutenbergu\\\/\",\"name\":\"Osadzanie kalendarza wpis\u00f3w w Gutenbergu - Blog jdm.pl\",\"isPartOf\":{\"@id\":\"https:\\\/\\\/jdm.pl\\\/blog\\\/#website\"},\"primaryImageOfPage\":{\"@id\":\"https:\\\/\\\/jdm.pl\\\/blog\\\/osadzanie-kalendarza-wpisow-w-gutenbergu\\\/#primaryimage\"},\"image\":{\"@id\":\"https:\\\/\\\/jdm.pl\\\/blog\\\/osadzanie-kalendarza-wpisow-w-gutenbergu\\\/#primaryimage\"},\"thumbnailUrl\":\"https:\\\/\\\/jdm.pl\\\/blog\\\/wp-content\\\/uploads\\\/2022\\\/07\\\/osadzanie-kalendarza.png\",\"datePublished\":\"2022-07-04T20:18:00+00:00\",\"dateModified\":\"2022-09-08T18:23:17+00:00\",\"author\":{\"@id\":\"https:\\\/\\\/jdm.pl\\\/blog\\\/#\\\/schema\\\/person\\\/26e7a9c6f5b416eabcfed62ee02685c0\"},\"description\":\"Osadzanie kalendarza wpis\u00f3w w Gutenbergu - sprawd\u017a jak skorzysta\u0107 z opcji osadzanie kalendarza post\u00f3w w WordPressie.\",\"breadcrumb\":{\"@id\":\"https:\\\/\\\/jdm.pl\\\/blog\\\/osadzanie-kalendarza-wpisow-w-gutenbergu\\\/#breadcrumb\"},\"inLanguage\":\"pl-PL\",\"potentialAction\":[{\"@type\":\"ReadAction\",\"target\":[\"https:\\\/\\\/jdm.pl\\\/blog\\\/osadzanie-kalendarza-wpisow-w-gutenbergu\\\/\"]}]},{\"@type\":\"ImageObject\",\"inLanguage\":\"pl-PL\",\"@id\":\"https:\\\/\\\/jdm.pl\\\/blog\\\/osadzanie-kalendarza-wpisow-w-gutenbergu\\\/#primaryimage\",\"url\":\"https:\\\/\\\/jdm.pl\\\/blog\\\/wp-content\\\/uploads\\\/2022\\\/07\\\/osadzanie-kalendarza.png\",\"contentUrl\":\"https:\\\/\\\/jdm.pl\\\/blog\\\/wp-content\\\/uploads\\\/2022\\\/07\\\/osadzanie-kalendarza.png\",\"width\":1200,\"height\":630},{\"@type\":\"BreadcrumbList\",\"@id\":\"https:\\\/\\\/jdm.pl\\\/blog\\\/osadzanie-kalendarza-wpisow-w-gutenbergu\\\/#breadcrumb\",\"itemListElement\":[{\"@type\":\"ListItem\",\"position\":1,\"name\":\"Strona g\u0142\u00f3wna\",\"item\":\"https:\\\/\\\/jdm.pl\\\/blog\\\/\"},{\"@type\":\"ListItem\",\"position\":2,\"name\":\"Osadzanie kalendarza wpis\u00f3w w Gutenbergu\"}]},{\"@type\":\"WebSite\",\"@id\":\"https:\\\/\\\/jdm.pl\\\/blog\\\/#website\",\"url\":\"https:\\\/\\\/jdm.pl\\\/blog\\\/\",\"name\":\"Blog jdm.pl\",\"description\":\"WordPress tutoriale i porady\",\"potentialAction\":[{\"@type\":\"SearchAction\",\"target\":{\"@type\":\"EntryPoint\",\"urlTemplate\":\"https:\\\/\\\/jdm.pl\\\/blog\\\/?s={search_term_string}\"},\"query-input\":{\"@type\":\"PropertyValueSpecification\",\"valueRequired\":true,\"valueName\":\"search_term_string\"}}],\"inLanguage\":\"pl-PL\"},{\"@type\":\"Person\",\"@id\":\"https:\\\/\\\/jdm.pl\\\/blog\\\/#\\\/schema\\\/person\\\/26e7a9c6f5b416eabcfed62ee02685c0\",\"name\":\"Anna Starek-Wr\u00f3bel\",\"image\":{\"@type\":\"ImageObject\",\"inLanguage\":\"pl-PL\",\"@id\":\"https:\\\/\\\/secure.gravatar.com\\\/avatar\\\/c514af5a4b2affc5fccce6e1cf2e2d03eb6489cfbf462552eee35a68ed106974?s=96&d=mm&r=g\",\"url\":\"https:\\\/\\\/secure.gravatar.com\\\/avatar\\\/c514af5a4b2affc5fccce6e1cf2e2d03eb6489cfbf462552eee35a68ed106974?s=96&d=mm&r=g\",\"contentUrl\":\"https:\\\/\\\/secure.gravatar.com\\\/avatar\\\/c514af5a4b2affc5fccce6e1cf2e2d03eb6489cfbf462552eee35a68ed106974?s=96&d=mm&r=g\",\"caption\":\"Anna Starek-Wr\u00f3bel\"},\"sameAs\":[\"https:\\\/\\\/cmo.im\"],\"url\":\"https:\\\/\\\/jdm.pl\\\/blog\\\/author\\\/anna-starek\\\/\"}]}<\/script>\n<!-- \/ Yoast SEO plugin. -->","yoast_head_json":{"title":"Osadzanie kalendarza wpis\u00f3w w Gutenbergu - Blog jdm.pl","description":"Osadzanie kalendarza wpis\u00f3w w Gutenbergu - sprawd\u017a jak skorzysta\u0107 z opcji osadzanie kalendarza post\u00f3w w WordPressie.","robots":{"index":"index","follow":"follow","max-snippet":"max-snippet:-1","max-image-preview":"max-image-preview:large","max-video-preview":"max-video-preview:-1"},"canonical":"https:\/\/jdm.pl\/blog\/osadzanie-kalendarza-wpisow-w-gutenbergu\/","og_locale":"pl_PL","og_type":"article","og_title":"Osadzanie kalendarza wpis\u00f3w w Gutenbergu - Blog jdm.pl","og_description":"Osadzanie kalendarza wpis\u00f3w w Gutenbergu - sprawd\u017a jak skorzysta\u0107 z opcji osadzanie kalendarza post\u00f3w w WordPressie.","og_url":"https:\/\/jdm.pl\/blog\/osadzanie-kalendarza-wpisow-w-gutenbergu\/","og_site_name":"Blog jdm.pl","article_published_time":"2022-07-04T20:18:00+00:00","article_modified_time":"2022-09-08T18:23:17+00:00","og_image":[{"width":1200,"height":630,"url":"https:\/\/jdm.pl\/blog\/wp-content\/uploads\/2022\/07\/osadzanie-kalendarza.png","type":"image\/png"}],"author":"Anna Starek-Wr\u00f3bel","twitter_card":"summary_large_image","twitter_misc":{"Napisane przez":"Anna Starek-Wr\u00f3bel","Szacowany czas czytania":"2 minuty"},"schema":{"@context":"https:\/\/schema.org","@graph":[{"@type":"Article","@id":"https:\/\/jdm.pl\/blog\/osadzanie-kalendarza-wpisow-w-gutenbergu\/#article","isPartOf":{"@id":"https:\/\/jdm.pl\/blog\/osadzanie-kalendarza-wpisow-w-gutenbergu\/"},"author":{"name":"Anna Starek-Wr\u00f3bel","@id":"https:\/\/jdm.pl\/blog\/#\/schema\/person\/26e7a9c6f5b416eabcfed62ee02685c0"},"headline":"Osadzanie kalendarza wpis\u00f3w w Gutenbergu","datePublished":"2022-07-04T20:18:00+00:00","dateModified":"2022-09-08T18:23:17+00:00","mainEntityOfPage":{"@id":"https:\/\/jdm.pl\/blog\/osadzanie-kalendarza-wpisow-w-gutenbergu\/"},"wordCount":263,"commentCount":0,"image":{"@id":"https:\/\/jdm.pl\/blog\/osadzanie-kalendarza-wpisow-w-gutenbergu\/#primaryimage"},"thumbnailUrl":"https:\/\/jdm.pl\/blog\/wp-content\/uploads\/2022\/07\/osadzanie-kalendarza.png","keywords":["dla bloger\u00f3w","Gutenberg"],"articleSection":["Gutenberg","Porady","WordPress"],"inLanguage":"pl-PL","potentialAction":[{"@type":"CommentAction","name":"Comment","target":["https:\/\/jdm.pl\/blog\/osadzanie-kalendarza-wpisow-w-gutenbergu\/#respond"]}]},{"@type":"WebPage","@id":"https:\/\/jdm.pl\/blog\/osadzanie-kalendarza-wpisow-w-gutenbergu\/","url":"https:\/\/jdm.pl\/blog\/osadzanie-kalendarza-wpisow-w-gutenbergu\/","name":"Osadzanie kalendarza wpis\u00f3w w Gutenbergu - Blog jdm.pl","isPartOf":{"@id":"https:\/\/jdm.pl\/blog\/#website"},"primaryImageOfPage":{"@id":"https:\/\/jdm.pl\/blog\/osadzanie-kalendarza-wpisow-w-gutenbergu\/#primaryimage"},"image":{"@id":"https:\/\/jdm.pl\/blog\/osadzanie-kalendarza-wpisow-w-gutenbergu\/#primaryimage"},"thumbnailUrl":"https:\/\/jdm.pl\/blog\/wp-content\/uploads\/2022\/07\/osadzanie-kalendarza.png","datePublished":"2022-07-04T20:18:00+00:00","dateModified":"2022-09-08T18:23:17+00:00","author":{"@id":"https:\/\/jdm.pl\/blog\/#\/schema\/person\/26e7a9c6f5b416eabcfed62ee02685c0"},"description":"Osadzanie kalendarza wpis\u00f3w w Gutenbergu - sprawd\u017a jak skorzysta\u0107 z opcji osadzanie kalendarza post\u00f3w w WordPressie.","breadcrumb":{"@id":"https:\/\/jdm.pl\/blog\/osadzanie-kalendarza-wpisow-w-gutenbergu\/#breadcrumb"},"inLanguage":"pl-PL","potentialAction":[{"@type":"ReadAction","target":["https:\/\/jdm.pl\/blog\/osadzanie-kalendarza-wpisow-w-gutenbergu\/"]}]},{"@type":"ImageObject","inLanguage":"pl-PL","@id":"https:\/\/jdm.pl\/blog\/osadzanie-kalendarza-wpisow-w-gutenbergu\/#primaryimage","url":"https:\/\/jdm.pl\/blog\/wp-content\/uploads\/2022\/07\/osadzanie-kalendarza.png","contentUrl":"https:\/\/jdm.pl\/blog\/wp-content\/uploads\/2022\/07\/osadzanie-kalendarza.png","width":1200,"height":630},{"@type":"BreadcrumbList","@id":"https:\/\/jdm.pl\/blog\/osadzanie-kalendarza-wpisow-w-gutenbergu\/#breadcrumb","itemListElement":[{"@type":"ListItem","position":1,"name":"Strona g\u0142\u00f3wna","item":"https:\/\/jdm.pl\/blog\/"},{"@type":"ListItem","position":2,"name":"Osadzanie kalendarza wpis\u00f3w w Gutenbergu"}]},{"@type":"WebSite","@id":"https:\/\/jdm.pl\/blog\/#website","url":"https:\/\/jdm.pl\/blog\/","name":"Blog jdm.pl","description":"WordPress tutoriale i porady","potentialAction":[{"@type":"SearchAction","target":{"@type":"EntryPoint","urlTemplate":"https:\/\/jdm.pl\/blog\/?s={search_term_string}"},"query-input":{"@type":"PropertyValueSpecification","valueRequired":true,"valueName":"search_term_string"}}],"inLanguage":"pl-PL"},{"@type":"Person","@id":"https:\/\/jdm.pl\/blog\/#\/schema\/person\/26e7a9c6f5b416eabcfed62ee02685c0","name":"Anna Starek-Wr\u00f3bel","image":{"@type":"ImageObject","inLanguage":"pl-PL","@id":"https:\/\/secure.gravatar.com\/avatar\/c514af5a4b2affc5fccce6e1cf2e2d03eb6489cfbf462552eee35a68ed106974?s=96&d=mm&r=g","url":"https:\/\/secure.gravatar.com\/avatar\/c514af5a4b2affc5fccce6e1cf2e2d03eb6489cfbf462552eee35a68ed106974?s=96&d=mm&r=g","contentUrl":"https:\/\/secure.gravatar.com\/avatar\/c514af5a4b2affc5fccce6e1cf2e2d03eb6489cfbf462552eee35a68ed106974?s=96&d=mm&r=g","caption":"Anna Starek-Wr\u00f3bel"},"sameAs":["https:\/\/cmo.im"],"url":"https:\/\/jdm.pl\/blog\/author\/anna-starek\/"}]}},"jetpack_featured_media_url":"https:\/\/jdm.pl\/blog\/wp-content\/uploads\/2022\/07\/osadzanie-kalendarza.png","uagb_featured_image_src":{"full":["https:\/\/jdm.pl\/blog\/wp-content\/uploads\/2022\/07\/osadzanie-kalendarza.png",1200,630,false],"thumbnail":["https:\/\/jdm.pl\/blog\/wp-content\/uploads\/2022\/07\/osadzanie-kalendarza-150x150.png",150,150,true],"medium":["https:\/\/jdm.pl\/blog\/wp-content\/uploads\/2022\/07\/osadzanie-kalendarza-300x158.png",300,158,true],"medium_large":["https:\/\/jdm.pl\/blog\/wp-content\/uploads\/2022\/07\/osadzanie-kalendarza-768x403.png",640,336,true],"large":["https:\/\/jdm.pl\/blog\/wp-content\/uploads\/2022\/07\/osadzanie-kalendarza-1024x538.png",640,336,true],"hd_qu_size2":["https:\/\/jdm.pl\/blog\/wp-content\/uploads\/2022\/07\/osadzanie-kalendarza.png",400,210,false],"1536x1536":["https:\/\/jdm.pl\/blog\/wp-content\/uploads\/2022\/07\/osadzanie-kalendarza.png",1200,630,false],"2048x2048":["https:\/\/jdm.pl\/blog\/wp-content\/uploads\/2022\/07\/osadzanie-kalendarza.png",1200,630,false],"sidebar-thumb":["https:\/\/jdm.pl\/blog\/wp-content\/uploads\/2022\/07\/osadzanie-kalendarza-250x124.png",250,124,true]},"uagb_author_info":{"display_name":"Anna Starek-Wr\u00f3bel","author_link":"https:\/\/jdm.pl\/blog\/author\/anna-starek\/"},"uagb_comment_info":0,"uagb_excerpt":"Czasami mo\u017ce okaza\u0107 si\u0119, \u017ce potrzebujemy w tre\u015bci strony lub bezpo\u015brednio we wpisie osadzi\u0107 kalendarz wpis\u00f3w. Wcze\u015bniej by\u0142o to zastrze\u017cone w WordPressie dla widget\u00f3w, co praktycznie ograniczy\u0142o dodanie do miejsca ich usytowania (np. stopka, pasek boczny). Sytuacja zmieni\u0142a si\u0119 wraz z nadej\u015bciem edytora blokowego Gutenberg. Jak doda\u0107 kalendarz wpis\u00f3w w WordPressie Aby doda\u0107 kalendarz post\u00f3w&hellip;","jetpack_sharing_enabled":true,"_links":{"self":[{"href":"https:\/\/jdm.pl\/blog\/wp-json\/wp\/v2\/posts\/2241","targetHints":{"allow":["GET"]}}],"collection":[{"href":"https:\/\/jdm.pl\/blog\/wp-json\/wp\/v2\/posts"}],"about":[{"href":"https:\/\/jdm.pl\/blog\/wp-json\/wp\/v2\/types\/post"}],"author":[{"embeddable":true,"href":"https:\/\/jdm.pl\/blog\/wp-json\/wp\/v2\/users\/4"}],"replies":[{"embeddable":true,"href":"https:\/\/jdm.pl\/blog\/wp-json\/wp\/v2\/comments?post=2241"}],"version-history":[{"count":2,"href":"https:\/\/jdm.pl\/blog\/wp-json\/wp\/v2\/posts\/2241\/revisions"}],"predecessor-version":[{"id":2245,"href":"https:\/\/jdm.pl\/blog\/wp-json\/wp\/v2\/posts\/2241\/revisions\/2245"}],"wp:featuredmedia":[{"embeddable":true,"href":"https:\/\/jdm.pl\/blog\/wp-json\/wp\/v2\/media\/2244"}],"wp:attachment":[{"href":"https:\/\/jdm.pl\/blog\/wp-json\/wp\/v2\/media?parent=2241"}],"wp:term":[{"taxonomy":"category","embeddable":true,"href":"https:\/\/jdm.pl\/blog\/wp-json\/wp\/v2\/categories?post=2241"},{"taxonomy":"post_tag","embeddable":true,"href":"https:\/\/jdm.pl\/blog\/wp-json\/wp\/v2\/tags?post=2241"}],"curies":[{"name":"wp","href":"https:\/\/api.w.org\/{rel}","templated":true}]}}