{"id":2145,"date":"2022-06-06T09:31:00","date_gmt":"2022-06-06T07:31:00","guid":{"rendered":"https:\/\/jdm.pl\/blog\/?p=2145"},"modified":"2022-06-28T09:38:16","modified_gmt":"2022-06-28T07:38:16","slug":"jak-dodac-zaokraglony-obrazek-w-wordpressie","status":"publish","type":"post","link":"https:\/\/jdm.pl\/blog\/jak-dodac-zaokraglony-obrazek-w-wordpressie\/","title":{"rendered":"Jak doda\u0107 zaokr\u0105glony obrazek w WordPressie?"},"content":{"rendered":"\n<p>Dodawanie zakr\u0105glonego obrazka  w przesz\u0142o\u015bci wymaga\u0142o umiej\u0119tno\u015bci graficznych lub znajomo\u015bci kodu CSS. Dzi\u0119ki mo\u017cliwo\u015bciom Gutenberga jest to znacznie prostsze. Zar\u00f3wno w ustawieniach galerii zdj\u0119\u0107, jak i w pojedynczych obrazkach mo\u017cemy szybko ustawi\u0107 opcje zaokr\u0105glenia. Oto kr\u00f3tki poradnik, jak to zrobi\u0107. <\/p>\n\n\n\n<h2 class=\"has-text-align-center wp-block-heading\">1. Dodajemy zdj\u0119cie<\/h2>\n\n\n\n<p>Dodajemy do Biblioteki medi\u00f3w zdj\u0119cie, kt\u00f3re ma si\u0119 pojawi\u0107 na naszej podstronie lub we wpisie. <\/p>\n\n\n<div class=\"wp-block-image is-style-default\">\n<figure class=\"aligncenter size-full is-resized\"><img loading=\"lazy\" decoding=\"async\" src=\"https:\/\/jdm.pl\/blog\/wp-content\/uploads\/2022\/06\/projekt-bez-tytulu.jpg\" alt=\"\" class=\"wp-image-2146\" width=\"600\" height=\"450\" srcset=\"https:\/\/jdm.pl\/blog\/wp-content\/uploads\/2022\/06\/projekt-bez-tytulu.jpg 800w, https:\/\/jdm.pl\/blog\/wp-content\/uploads\/2022\/06\/projekt-bez-tytulu-300x225.jpg 300w, https:\/\/jdm.pl\/blog\/wp-content\/uploads\/2022\/06\/projekt-bez-tytulu-768x576.jpg 768w\" sizes=\"auto, (max-width: 600px) 100vw, 600px\" \/><\/figure>\n<\/div>\n\n\n<p>Nast\u0119pnie wstawiamy je za pomoc\u0105 bloku obrazek:<\/p>\n\n\n<div class=\"wp-block-image\">\n<figure class=\"aligncenter size-medium\"><a href=\"https:\/\/jdm.pl\/blog\/wp-content\/uploads\/2022\/06\/obrazek2.png\" data-lbwps-width=\"351\" data-lbwps-height=\"294\" data-lbwps-srcsmall=\"https:\/\/jdm.pl\/blog\/wp-content\/uploads\/2022\/06\/obrazek2-300x251.png\"><img loading=\"lazy\" decoding=\"async\" width=\"300\" height=\"251\" src=\"https:\/\/jdm.pl\/blog\/wp-content\/uploads\/2022\/06\/obrazek2-300x251.png\" alt=\"\" class=\"wp-image-2147\" srcset=\"https:\/\/jdm.pl\/blog\/wp-content\/uploads\/2022\/06\/obrazek2-300x251.png 300w, https:\/\/jdm.pl\/blog\/wp-content\/uploads\/2022\/06\/obrazek2.png 351w\" sizes=\"auto, (max-width: 300px) 100vw, 300px\" \/><\/a><\/figure>\n<\/div>\n\n<div class=\"wp-block-image\">\n<figure class=\"aligncenter size-full\"><a href=\"https:\/\/jdm.pl\/blog\/wp-content\/uploads\/2022\/06\/obrazek.png\" data-lbwps-width=\"858\" data-lbwps-height=\"219\" data-lbwps-srcsmall=\"https:\/\/jdm.pl\/blog\/wp-content\/uploads\/2022\/06\/obrazek-300x77.png\"><img loading=\"lazy\" decoding=\"async\" width=\"858\" height=\"219\" src=\"https:\/\/jdm.pl\/blog\/wp-content\/uploads\/2022\/06\/obrazek.png\" alt=\"\" class=\"wp-image-2148\" srcset=\"https:\/\/jdm.pl\/blog\/wp-content\/uploads\/2022\/06\/obrazek.png 858w, https:\/\/jdm.pl\/blog\/wp-content\/uploads\/2022\/06\/obrazek-300x77.png 300w, https:\/\/jdm.pl\/blog\/wp-content\/uploads\/2022\/06\/obrazek-768x196.png 768w\" sizes=\"auto, (max-width: 858px) 100vw, 858px\" \/><\/a><\/figure>\n<\/div>\n\n\n<h2 class=\"has-text-align-center wp-block-heading\">2. Tworzymy zdj\u0119cie owalne<\/h2>\n\n\n\n<p>Nast\u0119pnie przechodzimy do opcji w panelu bocznym i wybieramy:<\/p>\n\n\n\n<p><strong>Style -&gt; zaokr\u0105glone<\/strong><\/p>\n\n\n<div class=\"wp-block-image\">\n<figure class=\"aligncenter size-medium\"><a href=\"https:\/\/jdm.pl\/blog\/wp-content\/uploads\/2022\/06\/zaokraglone.png\" data-lbwps-width=\"284\" data-lbwps-height=\"418\" data-lbwps-srcsmall=\"https:\/\/jdm.pl\/blog\/wp-content\/uploads\/2022\/06\/zaokraglone-204x300.png\"><img loading=\"lazy\" decoding=\"async\" width=\"204\" height=\"300\" src=\"https:\/\/jdm.pl\/blog\/wp-content\/uploads\/2022\/06\/zaokraglone-204x300.png\" alt=\"\" class=\"wp-image-2153\" srcset=\"https:\/\/jdm.pl\/blog\/wp-content\/uploads\/2022\/06\/zaokraglone-204x300.png 204w, https:\/\/jdm.pl\/blog\/wp-content\/uploads\/2022\/06\/zaokraglone.png 284w\" sizes=\"auto, (max-width: 204px) 100vw, 204px\" \/><\/a><\/figure>\n<\/div>\n\n<div class=\"wp-block-image is-style-rounded\">\n<figure class=\"aligncenter size-full is-resized\"><img loading=\"lazy\" decoding=\"async\" src=\"https:\/\/jdm.pl\/blog\/wp-content\/uploads\/2022\/06\/projekt-bez-tytulu-1.jpg\" alt=\"\" class=\"wp-image-2149\" width=\"600\" height=\"450\" srcset=\"https:\/\/jdm.pl\/blog\/wp-content\/uploads\/2022\/06\/projekt-bez-tytulu-1.jpg 800w, https:\/\/jdm.pl\/blog\/wp-content\/uploads\/2022\/06\/projekt-bez-tytulu-1-300x225.jpg 300w, https:\/\/jdm.pl\/blog\/wp-content\/uploads\/2022\/06\/projekt-bez-tytulu-1-768x576.jpg 768w\" sizes=\"auto, (max-width: 600px) 100vw, 600px\" \/><\/figure>\n<\/div>\n\n\n<p>W ten spos\u00f3b uzyskali\u015bmy owalne zdj\u0119cie. Ci, kiedy chcieliby\u015bmy jednak mie\u0107 zdj\u0119cie okr\u0105g\u0142e? Musimy tutaj skorzysta\u0107 z kilku dodatkowych opcji.<\/p>\n\n\n\n<h2 class=\"has-text-align-center wp-block-heading\">3. Tworzymy zdj\u0119cie okr\u0105g\u0142e<\/h2>\n\n\n\n<p>Aby zdj\u0119cie by\u0142o okr\u0105g\u0142e, musimy doda\u0107 pierwotnie fotografie wykadrowan\u0105 do kwadratu &#8211; mo\u017cemy w tym celu skorzysta\u0107 z opcji WordPressa <em>Kadruj<\/em>.<\/p>\n\n\n\n<p>Dodajemy obrazek i wybieramy z g\u00f3rnego paska narz\u0119dzi<em> Kadruj<\/em>, a nast\u0119pnie <strong>przyci\u0119cie w kwadrat<\/strong>:<\/p>\n\n\n\n<figure class=\"wp-block-image size-full\"><img loading=\"lazy\" decoding=\"async\" width=\"825\" height=\"448\" src=\"https:\/\/jdm.pl\/blog\/wp-content\/uploads\/2022\/06\/kadruj.png\" alt=\"\" class=\"wp-image-2151\" srcset=\"https:\/\/jdm.pl\/blog\/wp-content\/uploads\/2022\/06\/kadruj.png 825w, https:\/\/jdm.pl\/blog\/wp-content\/uploads\/2022\/06\/kadruj-300x163.png 300w, https:\/\/jdm.pl\/blog\/wp-content\/uploads\/2022\/06\/kadruj-768x417.png 768w\" sizes=\"auto, (max-width: 825px) 100vw, 825px\" \/><\/figure>\n\n\n\n<figure class=\"wp-block-image size-full\"><img loading=\"lazy\" decoding=\"async\" width=\"824\" height=\"444\" src=\"https:\/\/jdm.pl\/blog\/wp-content\/uploads\/2022\/06\/kadruj2.png\" alt=\"\" class=\"wp-image-2152\" srcset=\"https:\/\/jdm.pl\/blog\/wp-content\/uploads\/2022\/06\/kadruj2.png 824w, https:\/\/jdm.pl\/blog\/wp-content\/uploads\/2022\/06\/kadruj2-300x162.png 300w, https:\/\/jdm.pl\/blog\/wp-content\/uploads\/2022\/06\/kadruj2-768x414.png 768w\" sizes=\"auto, (max-width: 824px) 100vw, 824px\" \/><\/figure>\n\n\n\n<p>W szybki i prosty spos\u00f3b, bez dodatkowych program\u00f3w graficznych uzyskali\u015bmy kwadratowe zdj\u0119cie:<\/p>\n\n\n\n<figure class=\"wp-block-image size-full is-resized\"><img loading=\"lazy\" decoding=\"async\" src=\"https:\/\/jdm.pl\/blog\/wp-content\/uploads\/2022\/06\/projekt-bez-tytulu-1-edited.jpg\" alt=\"\" class=\"wp-image-2150\" width=\"450\" height=\"450\" srcset=\"https:\/\/jdm.pl\/blog\/wp-content\/uploads\/2022\/06\/projekt-bez-tytulu-1-edited.jpg 600w, https:\/\/jdm.pl\/blog\/wp-content\/uploads\/2022\/06\/projekt-bez-tytulu-1-edited-300x300.jpg 300w, https:\/\/jdm.pl\/blog\/wp-content\/uploads\/2022\/06\/projekt-bez-tytulu-1-edited-150x150.jpg 150w\" sizes=\"auto, (max-width: 450px) 100vw, 450px\" \/><\/figure>\n\n\n\n<p>Nast\u0119pnie w wykadrowanym zdj\u0119ciu ustawiamy zaokr\u0105glenie, analogicznie, jak w przypadku zdj\u0119cia owalnego i&#8230; gotowe:<\/p>\n\n\n\n<figure class=\"wp-block-image size-full is-resized is-style-rounded\"><img loading=\"lazy\" decoding=\"async\" src=\"https:\/\/jdm.pl\/blog\/wp-content\/uploads\/2022\/06\/projekt-bez-tytulu-1-edited.jpg\" alt=\"\" class=\"wp-image-2150\" width=\"450\" height=\"450\" srcset=\"https:\/\/jdm.pl\/blog\/wp-content\/uploads\/2022\/06\/projekt-bez-tytulu-1-edited.jpg 600w, https:\/\/jdm.pl\/blog\/wp-content\/uploads\/2022\/06\/projekt-bez-tytulu-1-edited-300x300.jpg 300w, https:\/\/jdm.pl\/blog\/wp-content\/uploads\/2022\/06\/projekt-bez-tytulu-1-edited-150x150.jpg 150w\" sizes=\"auto, (max-width: 450px) 100vw, 450px\" \/><\/figure>\n","protected":false},"excerpt":{"rendered":"<p>Dodawanie zakr\u0105glonego obrazka w przesz\u0142o\u015bci wymaga\u0142o umiej\u0119tno\u015bci graficznych lub znajomo\u015bci kodu CSS. Dzi\u0119ki mo\u017cliwo\u015bciom Gutenberga jest to znacznie prostsze. Zar\u00f3wno w ustawieniach galerii zdj\u0119\u0107, jak i w pojedynczych obrazkach mo\u017cemy szybko ustawi\u0107 opcje zaokr\u0105glenia. Oto kr\u00f3tki poradnik, jak to zrobi\u0107. 1. Dodajemy zdj\u0119cie Dodajemy do Biblioteki medi\u00f3w zdj\u0119cie, kt\u00f3re ma si\u0119 pojawi\u0107 na naszej podstronie [&hellip;]<\/p>\n","protected":false},"author":4,"featured_media":2154,"comment_status":"open","ping_status":"open","sticky":false,"template":"","format":"standard","meta":{"_uag_custom_page_level_css":"","_exactmetrics_skip_tracking":false,"_exactmetrics_sitenote_active":false,"_exactmetrics_sitenote_note":"","_exactmetrics_sitenote_category":0,"_jetpack_memberships_contains_paid_content":false,"footnotes":""},"categories":[6,3],"tags":[12,13],"class_list":["post-2145","post","type-post","status-publish","format-standard","has-post-thumbnail","hentry","category-porady","category-wordpress","tag-dla-blogerow","tag-wyglad-strony"],"yoast_head":"<!-- This site is optimized with the Yoast SEO plugin v27.4 - https:\/\/yoast.com\/product\/yoast-seo-wordpress\/ -->\n<title>Jak doda\u0107 zaokr\u0105glony obrazek w WordPressie? - Blog jdm.pl<\/title>\n<meta name=\"description\" content=\"Jak doda\u0107 zaokr\u0105glony obrazek w WordPressie bez u\u017cycia dodatkowych narz\u0119dzi graficznych? Zobacz nasz poradnik.\" \/>\n<meta name=\"robots\" content=\"index, follow, max-snippet:-1, max-image-preview:large, max-video-preview:-1\" \/>\n<link rel=\"canonical\" href=\"https:\/\/jdm.pl\/blog\/jak-dodac-zaokraglony-obrazek-w-wordpressie\/\" \/>\n<meta property=\"og:locale\" content=\"pl_PL\" \/>\n<meta property=\"og:type\" content=\"article\" \/>\n<meta property=\"og:title\" content=\"Jak doda\u0107 zaokr\u0105glony obrazek w WordPressie? - Blog jdm.pl\" \/>\n<meta property=\"og:description\" content=\"Jak doda\u0107 zaokr\u0105glony obrazek w WordPressie bez u\u017cycia dodatkowych narz\u0119dzi graficznych? Zobacz nasz poradnik.\" \/>\n<meta property=\"og:url\" content=\"https:\/\/jdm.pl\/blog\/jak-dodac-zaokraglony-obrazek-w-wordpressie\/\" \/>\n<meta property=\"og:site_name\" content=\"Blog jdm.pl\" \/>\n<meta property=\"article:published_time\" content=\"2022-06-06T07:31:00+00:00\" \/>\n<meta property=\"article:modified_time\" content=\"2022-06-28T07:38:16+00:00\" \/>\n<meta property=\"og:image\" content=\"https:\/\/jdm.pl\/blog\/wp-content\/uploads\/2022\/06\/okragly-obrazek.png\" \/>\n\t<meta property=\"og:image:width\" content=\"1200\" \/>\n\t<meta property=\"og:image:height\" content=\"630\" \/>\n\t<meta property=\"og:image:type\" content=\"image\/png\" \/>\n<meta name=\"author\" content=\"Anna Starek-Wr\u00f3bel\" \/>\n<meta name=\"twitter:card\" content=\"summary_large_image\" \/>\n<meta name=\"twitter:label1\" content=\"Napisane przez\" \/>\n\t<meta name=\"twitter:data1\" content=\"Anna Starek-Wr\u00f3bel\" \/>\n\t<meta name=\"twitter:label2\" content=\"Szacowany czas czytania\" \/>\n\t<meta name=\"twitter:data2\" content=\"3 minuty\" \/>\n<script type=\"application\/ld+json\" class=\"yoast-schema-graph\">{\"@context\":\"https:\\\/\\\/schema.org\",\"@graph\":[{\"@type\":\"Article\",\"@id\":\"https:\\\/\\\/jdm.pl\\\/blog\\\/jak-dodac-zaokraglony-obrazek-w-wordpressie\\\/#article\",\"isPartOf\":{\"@id\":\"https:\\\/\\\/jdm.pl\\\/blog\\\/jak-dodac-zaokraglony-obrazek-w-wordpressie\\\/\"},\"author\":{\"name\":\"Anna Starek-Wr\u00f3bel\",\"@id\":\"https:\\\/\\\/jdm.pl\\\/blog\\\/#\\\/schema\\\/person\\\/26e7a9c6f5b416eabcfed62ee02685c0\"},\"headline\":\"Jak doda\u0107 zaokr\u0105glony obrazek w WordPressie?\",\"datePublished\":\"2022-06-06T07:31:00+00:00\",\"dateModified\":\"2022-06-28T07:38:16+00:00\",\"mainEntityOfPage\":{\"@id\":\"https:\\\/\\\/jdm.pl\\\/blog\\\/jak-dodac-zaokraglony-obrazek-w-wordpressie\\\/\"},\"wordCount\":220,\"commentCount\":0,\"image\":{\"@id\":\"https:\\\/\\\/jdm.pl\\\/blog\\\/jak-dodac-zaokraglony-obrazek-w-wordpressie\\\/#primaryimage\"},\"thumbnailUrl\":\"https:\\\/\\\/jdm.pl\\\/blog\\\/wp-content\\\/uploads\\\/2022\\\/06\\\/okragly-obrazek.png\",\"keywords\":[\"dla bloger\u00f3w\",\"wygl\u0105d strony\"],\"articleSection\":[\"Porady\",\"WordPress\"],\"inLanguage\":\"pl-PL\",\"potentialAction\":[{\"@type\":\"CommentAction\",\"name\":\"Comment\",\"target\":[\"https:\\\/\\\/jdm.pl\\\/blog\\\/jak-dodac-zaokraglony-obrazek-w-wordpressie\\\/#respond\"]}]},{\"@type\":\"WebPage\",\"@id\":\"https:\\\/\\\/jdm.pl\\\/blog\\\/jak-dodac-zaokraglony-obrazek-w-wordpressie\\\/\",\"url\":\"https:\\\/\\\/jdm.pl\\\/blog\\\/jak-dodac-zaokraglony-obrazek-w-wordpressie\\\/\",\"name\":\"Jak doda\u0107 zaokr\u0105glony obrazek w WordPressie? - Blog jdm.pl\",\"isPartOf\":{\"@id\":\"https:\\\/\\\/jdm.pl\\\/blog\\\/#website\"},\"primaryImageOfPage\":{\"@id\":\"https:\\\/\\\/jdm.pl\\\/blog\\\/jak-dodac-zaokraglony-obrazek-w-wordpressie\\\/#primaryimage\"},\"image\":{\"@id\":\"https:\\\/\\\/jdm.pl\\\/blog\\\/jak-dodac-zaokraglony-obrazek-w-wordpressie\\\/#primaryimage\"},\"thumbnailUrl\":\"https:\\\/\\\/jdm.pl\\\/blog\\\/wp-content\\\/uploads\\\/2022\\\/06\\\/okragly-obrazek.png\",\"datePublished\":\"2022-06-06T07:31:00+00:00\",\"dateModified\":\"2022-06-28T07:38:16+00:00\",\"author\":{\"@id\":\"https:\\\/\\\/jdm.pl\\\/blog\\\/#\\\/schema\\\/person\\\/26e7a9c6f5b416eabcfed62ee02685c0\"},\"description\":\"Jak doda\u0107 zaokr\u0105glony obrazek w WordPressie bez u\u017cycia dodatkowych narz\u0119dzi graficznych? Zobacz nasz poradnik.\",\"breadcrumb\":{\"@id\":\"https:\\\/\\\/jdm.pl\\\/blog\\\/jak-dodac-zaokraglony-obrazek-w-wordpressie\\\/#breadcrumb\"},\"inLanguage\":\"pl-PL\",\"potentialAction\":[{\"@type\":\"ReadAction\",\"target\":[\"https:\\\/\\\/jdm.pl\\\/blog\\\/jak-dodac-zaokraglony-obrazek-w-wordpressie\\\/\"]}]},{\"@type\":\"ImageObject\",\"inLanguage\":\"pl-PL\",\"@id\":\"https:\\\/\\\/jdm.pl\\\/blog\\\/jak-dodac-zaokraglony-obrazek-w-wordpressie\\\/#primaryimage\",\"url\":\"https:\\\/\\\/jdm.pl\\\/blog\\\/wp-content\\\/uploads\\\/2022\\\/06\\\/okragly-obrazek.png\",\"contentUrl\":\"https:\\\/\\\/jdm.pl\\\/blog\\\/wp-content\\\/uploads\\\/2022\\\/06\\\/okragly-obrazek.png\",\"width\":1200,\"height\":630},{\"@type\":\"BreadcrumbList\",\"@id\":\"https:\\\/\\\/jdm.pl\\\/blog\\\/jak-dodac-zaokraglony-obrazek-w-wordpressie\\\/#breadcrumb\",\"itemListElement\":[{\"@type\":\"ListItem\",\"position\":1,\"name\":\"Strona g\u0142\u00f3wna\",\"item\":\"https:\\\/\\\/jdm.pl\\\/blog\\\/\"},{\"@type\":\"ListItem\",\"position\":2,\"name\":\"Jak doda\u0107 zaokr\u0105glony obrazek w WordPressie?\"}]},{\"@type\":\"WebSite\",\"@id\":\"https:\\\/\\\/jdm.pl\\\/blog\\\/#website\",\"url\":\"https:\\\/\\\/jdm.pl\\\/blog\\\/\",\"name\":\"Blog jdm.pl\",\"description\":\"WordPress tutoriale i porady\",\"potentialAction\":[{\"@type\":\"SearchAction\",\"target\":{\"@type\":\"EntryPoint\",\"urlTemplate\":\"https:\\\/\\\/jdm.pl\\\/blog\\\/?s={search_term_string}\"},\"query-input\":{\"@type\":\"PropertyValueSpecification\",\"valueRequired\":true,\"valueName\":\"search_term_string\"}}],\"inLanguage\":\"pl-PL\"},{\"@type\":\"Person\",\"@id\":\"https:\\\/\\\/jdm.pl\\\/blog\\\/#\\\/schema\\\/person\\\/26e7a9c6f5b416eabcfed62ee02685c0\",\"name\":\"Anna Starek-Wr\u00f3bel\",\"image\":{\"@type\":\"ImageObject\",\"inLanguage\":\"pl-PL\",\"@id\":\"https:\\\/\\\/secure.gravatar.com\\\/avatar\\\/c514af5a4b2affc5fccce6e1cf2e2d03eb6489cfbf462552eee35a68ed106974?s=96&d=mm&r=g\",\"url\":\"https:\\\/\\\/secure.gravatar.com\\\/avatar\\\/c514af5a4b2affc5fccce6e1cf2e2d03eb6489cfbf462552eee35a68ed106974?s=96&d=mm&r=g\",\"contentUrl\":\"https:\\\/\\\/secure.gravatar.com\\\/avatar\\\/c514af5a4b2affc5fccce6e1cf2e2d03eb6489cfbf462552eee35a68ed106974?s=96&d=mm&r=g\",\"caption\":\"Anna Starek-Wr\u00f3bel\"},\"sameAs\":[\"https:\\\/\\\/cmo.im\"],\"url\":\"https:\\\/\\\/jdm.pl\\\/blog\\\/author\\\/anna-starek\\\/\"}]}<\/script>\n<!-- \/ Yoast SEO plugin. -->","yoast_head_json":{"title":"Jak doda\u0107 zaokr\u0105glony obrazek w WordPressie? - Blog jdm.pl","description":"Jak doda\u0107 zaokr\u0105glony obrazek w WordPressie bez u\u017cycia dodatkowych narz\u0119dzi graficznych? Zobacz nasz poradnik.","robots":{"index":"index","follow":"follow","max-snippet":"max-snippet:-1","max-image-preview":"max-image-preview:large","max-video-preview":"max-video-preview:-1"},"canonical":"https:\/\/jdm.pl\/blog\/jak-dodac-zaokraglony-obrazek-w-wordpressie\/","og_locale":"pl_PL","og_type":"article","og_title":"Jak doda\u0107 zaokr\u0105glony obrazek w WordPressie? - Blog jdm.pl","og_description":"Jak doda\u0107 zaokr\u0105glony obrazek w WordPressie bez u\u017cycia dodatkowych narz\u0119dzi graficznych? Zobacz nasz poradnik.","og_url":"https:\/\/jdm.pl\/blog\/jak-dodac-zaokraglony-obrazek-w-wordpressie\/","og_site_name":"Blog jdm.pl","article_published_time":"2022-06-06T07:31:00+00:00","article_modified_time":"2022-06-28T07:38:16+00:00","og_image":[{"width":1200,"height":630,"url":"https:\/\/jdm.pl\/blog\/wp-content\/uploads\/2022\/06\/okragly-obrazek.png","type":"image\/png"}],"author":"Anna Starek-Wr\u00f3bel","twitter_card":"summary_large_image","twitter_misc":{"Napisane przez":"Anna Starek-Wr\u00f3bel","Szacowany czas czytania":"3 minuty"},"schema":{"@context":"https:\/\/schema.org","@graph":[{"@type":"Article","@id":"https:\/\/jdm.pl\/blog\/jak-dodac-zaokraglony-obrazek-w-wordpressie\/#article","isPartOf":{"@id":"https:\/\/jdm.pl\/blog\/jak-dodac-zaokraglony-obrazek-w-wordpressie\/"},"author":{"name":"Anna Starek-Wr\u00f3bel","@id":"https:\/\/jdm.pl\/blog\/#\/schema\/person\/26e7a9c6f5b416eabcfed62ee02685c0"},"headline":"Jak doda\u0107 zaokr\u0105glony obrazek w WordPressie?","datePublished":"2022-06-06T07:31:00+00:00","dateModified":"2022-06-28T07:38:16+00:00","mainEntityOfPage":{"@id":"https:\/\/jdm.pl\/blog\/jak-dodac-zaokraglony-obrazek-w-wordpressie\/"},"wordCount":220,"commentCount":0,"image":{"@id":"https:\/\/jdm.pl\/blog\/jak-dodac-zaokraglony-obrazek-w-wordpressie\/#primaryimage"},"thumbnailUrl":"https:\/\/jdm.pl\/blog\/wp-content\/uploads\/2022\/06\/okragly-obrazek.png","keywords":["dla bloger\u00f3w","wygl\u0105d strony"],"articleSection":["Porady","WordPress"],"inLanguage":"pl-PL","potentialAction":[{"@type":"CommentAction","name":"Comment","target":["https:\/\/jdm.pl\/blog\/jak-dodac-zaokraglony-obrazek-w-wordpressie\/#respond"]}]},{"@type":"WebPage","@id":"https:\/\/jdm.pl\/blog\/jak-dodac-zaokraglony-obrazek-w-wordpressie\/","url":"https:\/\/jdm.pl\/blog\/jak-dodac-zaokraglony-obrazek-w-wordpressie\/","name":"Jak doda\u0107 zaokr\u0105glony obrazek w WordPressie? - Blog jdm.pl","isPartOf":{"@id":"https:\/\/jdm.pl\/blog\/#website"},"primaryImageOfPage":{"@id":"https:\/\/jdm.pl\/blog\/jak-dodac-zaokraglony-obrazek-w-wordpressie\/#primaryimage"},"image":{"@id":"https:\/\/jdm.pl\/blog\/jak-dodac-zaokraglony-obrazek-w-wordpressie\/#primaryimage"},"thumbnailUrl":"https:\/\/jdm.pl\/blog\/wp-content\/uploads\/2022\/06\/okragly-obrazek.png","datePublished":"2022-06-06T07:31:00+00:00","dateModified":"2022-06-28T07:38:16+00:00","author":{"@id":"https:\/\/jdm.pl\/blog\/#\/schema\/person\/26e7a9c6f5b416eabcfed62ee02685c0"},"description":"Jak doda\u0107 zaokr\u0105glony obrazek w WordPressie bez u\u017cycia dodatkowych narz\u0119dzi graficznych? Zobacz nasz poradnik.","breadcrumb":{"@id":"https:\/\/jdm.pl\/blog\/jak-dodac-zaokraglony-obrazek-w-wordpressie\/#breadcrumb"},"inLanguage":"pl-PL","potentialAction":[{"@type":"ReadAction","target":["https:\/\/jdm.pl\/blog\/jak-dodac-zaokraglony-obrazek-w-wordpressie\/"]}]},{"@type":"ImageObject","inLanguage":"pl-PL","@id":"https:\/\/jdm.pl\/blog\/jak-dodac-zaokraglony-obrazek-w-wordpressie\/#primaryimage","url":"https:\/\/jdm.pl\/blog\/wp-content\/uploads\/2022\/06\/okragly-obrazek.png","contentUrl":"https:\/\/jdm.pl\/blog\/wp-content\/uploads\/2022\/06\/okragly-obrazek.png","width":1200,"height":630},{"@type":"BreadcrumbList","@id":"https:\/\/jdm.pl\/blog\/jak-dodac-zaokraglony-obrazek-w-wordpressie\/#breadcrumb","itemListElement":[{"@type":"ListItem","position":1,"name":"Strona g\u0142\u00f3wna","item":"https:\/\/jdm.pl\/blog\/"},{"@type":"ListItem","position":2,"name":"Jak doda\u0107 zaokr\u0105glony obrazek w WordPressie?"}]},{"@type":"WebSite","@id":"https:\/\/jdm.pl\/blog\/#website","url":"https:\/\/jdm.pl\/blog\/","name":"Blog jdm.pl","description":"WordPress tutoriale i porady","potentialAction":[{"@type":"SearchAction","target":{"@type":"EntryPoint","urlTemplate":"https:\/\/jdm.pl\/blog\/?s={search_term_string}"},"query-input":{"@type":"PropertyValueSpecification","valueRequired":true,"valueName":"search_term_string"}}],"inLanguage":"pl-PL"},{"@type":"Person","@id":"https:\/\/jdm.pl\/blog\/#\/schema\/person\/26e7a9c6f5b416eabcfed62ee02685c0","name":"Anna Starek-Wr\u00f3bel","image":{"@type":"ImageObject","inLanguage":"pl-PL","@id":"https:\/\/secure.gravatar.com\/avatar\/c514af5a4b2affc5fccce6e1cf2e2d03eb6489cfbf462552eee35a68ed106974?s=96&d=mm&r=g","url":"https:\/\/secure.gravatar.com\/avatar\/c514af5a4b2affc5fccce6e1cf2e2d03eb6489cfbf462552eee35a68ed106974?s=96&d=mm&r=g","contentUrl":"https:\/\/secure.gravatar.com\/avatar\/c514af5a4b2affc5fccce6e1cf2e2d03eb6489cfbf462552eee35a68ed106974?s=96&d=mm&r=g","caption":"Anna Starek-Wr\u00f3bel"},"sameAs":["https:\/\/cmo.im"],"url":"https:\/\/jdm.pl\/blog\/author\/anna-starek\/"}]}},"jetpack_featured_media_url":"https:\/\/jdm.pl\/blog\/wp-content\/uploads\/2022\/06\/okragly-obrazek.png","uagb_featured_image_src":{"full":["https:\/\/jdm.pl\/blog\/wp-content\/uploads\/2022\/06\/okragly-obrazek.png",1200,630,false],"thumbnail":["https:\/\/jdm.pl\/blog\/wp-content\/uploads\/2022\/06\/okragly-obrazek-150x150.png",150,150,true],"medium":["https:\/\/jdm.pl\/blog\/wp-content\/uploads\/2022\/06\/okragly-obrazek-300x158.png",300,158,true],"medium_large":["https:\/\/jdm.pl\/blog\/wp-content\/uploads\/2022\/06\/okragly-obrazek-768x403.png",640,336,true],"large":["https:\/\/jdm.pl\/blog\/wp-content\/uploads\/2022\/06\/okragly-obrazek-1024x538.png",640,336,true],"hd_qu_size2":["https:\/\/jdm.pl\/blog\/wp-content\/uploads\/2022\/06\/okragly-obrazek.png",400,210,false],"1536x1536":["https:\/\/jdm.pl\/blog\/wp-content\/uploads\/2022\/06\/okragly-obrazek.png",1200,630,false],"2048x2048":["https:\/\/jdm.pl\/blog\/wp-content\/uploads\/2022\/06\/okragly-obrazek.png",1200,630,false],"sidebar-thumb":["https:\/\/jdm.pl\/blog\/wp-content\/uploads\/2022\/06\/okragly-obrazek-250x124.png",250,124,true]},"uagb_author_info":{"display_name":"Anna Starek-Wr\u00f3bel","author_link":"https:\/\/jdm.pl\/blog\/author\/anna-starek\/"},"uagb_comment_info":0,"uagb_excerpt":"Dodawanie zakr\u0105glonego obrazka w przesz\u0142o\u015bci wymaga\u0142o umiej\u0119tno\u015bci graficznych lub znajomo\u015bci kodu CSS. Dzi\u0119ki mo\u017cliwo\u015bciom Gutenberga jest to znacznie prostsze. Zar\u00f3wno w ustawieniach galerii zdj\u0119\u0107, jak i w pojedynczych obrazkach mo\u017cemy szybko ustawi\u0107 opcje zaokr\u0105glenia. Oto kr\u00f3tki poradnik, jak to zrobi\u0107. 1. Dodajemy zdj\u0119cie Dodajemy do Biblioteki medi\u00f3w zdj\u0119cie, kt\u00f3re ma si\u0119 pojawi\u0107 na naszej podstronie&hellip;","jetpack_sharing_enabled":true,"_links":{"self":[{"href":"https:\/\/jdm.pl\/blog\/wp-json\/wp\/v2\/posts\/2145","targetHints":{"allow":["GET"]}}],"collection":[{"href":"https:\/\/jdm.pl\/blog\/wp-json\/wp\/v2\/posts"}],"about":[{"href":"https:\/\/jdm.pl\/blog\/wp-json\/wp\/v2\/types\/post"}],"author":[{"embeddable":true,"href":"https:\/\/jdm.pl\/blog\/wp-json\/wp\/v2\/users\/4"}],"replies":[{"embeddable":true,"href":"https:\/\/jdm.pl\/blog\/wp-json\/wp\/v2\/comments?post=2145"}],"version-history":[{"count":2,"href":"https:\/\/jdm.pl\/blog\/wp-json\/wp\/v2\/posts\/2145\/revisions"}],"predecessor-version":[{"id":2156,"href":"https:\/\/jdm.pl\/blog\/wp-json\/wp\/v2\/posts\/2145\/revisions\/2156"}],"wp:featuredmedia":[{"embeddable":true,"href":"https:\/\/jdm.pl\/blog\/wp-json\/wp\/v2\/media\/2154"}],"wp:attachment":[{"href":"https:\/\/jdm.pl\/blog\/wp-json\/wp\/v2\/media?parent=2145"}],"wp:term":[{"taxonomy":"category","embeddable":true,"href":"https:\/\/jdm.pl\/blog\/wp-json\/wp\/v2\/categories?post=2145"},{"taxonomy":"post_tag","embeddable":true,"href":"https:\/\/jdm.pl\/blog\/wp-json\/wp\/v2\/tags?post=2145"}],"curies":[{"name":"wp","href":"https:\/\/api.w.org\/{rel}","templated":true}]}}