{"id":2016,"date":"2022-06-01T22:15:47","date_gmt":"2022-06-01T20:15:47","guid":{"rendered":"https:\/\/jdm.pl\/blog\/?p=2016"},"modified":"2022-06-01T22:15:48","modified_gmt":"2022-06-01T20:15:48","slug":"czy-latwo-stracic-wlasna-domene","status":"publish","type":"post","link":"https:\/\/jdm.pl\/blog\/czy-latwo-stracic-wlasna-domene\/","title":{"rendered":"Czy \u0142atwo straci\u0107 w\u0142asn\u0105 domen\u0119?"},"content":{"rendered":"\n<p>Utrata w\u0142asnej domeny mo\u017ce okaza\u0107 si\u0119 bardzo dotkliwa w skutkach &#8211; zw\u0142aszcza wizerunkowych. Znanym przed laty przypadkiem by\u0142 sprawa domeny <em>kawa.pl<\/em> Jak \u0142atwo zauwa\u017cy\u0107, taka domena jest cenna &#8211; prosta do zapami\u0119tania, oczywista i bardzo dobra dla wielu dzia\u0142alno\u015bci. A jednak w <a href=\"https:\/\/bezprawnik.pl\/tchibo-kawa-pl-stracona-domena\/\" target=\"_blank\" rel=\"noreferrer noopener nofollow\">2016 roku straci\u0142a j\u0105 firma Tchibo<\/a> na rzecz prywatnej osoby. Do ko\u0144ca nieustalono, czy by\u0142o to celowe zwolnienie, niedopatrzenie terminu, a mo\u017ce dzia\u0142anie promocyjne. Faktem jest, \u017ce popularna domena trafi\u0142a w prywatne r\u0119ce. <\/p>\n\n\n\n<p>Aby do tego nie dopu\u015bci\u0107, wystarczy zadba\u0107 o podstawowe kwestie zwi\u0105zane z wykupieniem oraz przed\u0142u\u017ceniem domeny. Zapraszamy serdecznie do zapoznania si\u0119 z pi\u0119cioma krokami, kt\u00f3re zabezpiecz\u0105 przed utrat\u0105 domeny. <\/p>\n\n\n\n<h2 class=\"has-text-align-center wp-block-heading\">1. Poprawne dane abonenta<\/h2>\n\n\n\n<p class=\"has-text-align-left\">Dane osoby lub firmy, na kt\u00f3re ma by\u0107 zarejestrowana domena s\u0105 kluczowe. To w\u0142a\u015bnie ta osoba, firma czy organizacja stanie si\u0119 <a href=\"https:\/\/jdm.pl\/blog\/abonent-domeny-o-czym-warto-pamietac\/\">abonentem domeny<\/a>. Innymi s\u0142owy, to ona jest za ni\u0105 odpowiedzialna i mo\u017ce decydowa\u0107 swobodnie, co si\u0119 z dan\u0105 domen\u0105 dzieje. Dlatego nigdy nie zgadzajmy si\u0119 na rejestracj\u0119 domeny na cudze dane, nawet je\u017celi uwa\u017camy, \u017ce oszcz\u0119dzi nam to jakiegokolwiek k\u0142opotu.<\/p>\n\n\n\n<h2 class=\"has-text-align-center wp-block-heading\">2. Aktualny e-mail w danych rejestrowych<\/h2>\n\n\n\n<p>Bardzo istotne jest, aby nie utraci\u0107 dost\u0119pu do e-maila, kt\u00f3ry podany jest przy rejestracji domeny. Zadbajmy wi\u0119c, aby by\u0142o to aktualny adres poczty elektronicznej, kt\u00f3ry u\u017cywamy i do kt\u00f3rego dost\u0119p mamy odpowiednio zabezpieczony np. poprzez podw\u00f3jn\u0105 weryfikacj\u0119. Jest to gwarancja i dodatkowe zabezpiecznie np. przed potwierdzeniem transferu domeny przez osoby nieupowa\u017cnione. <\/p>\n\n\n\n<h2 class=\"has-text-align-center wp-block-heading\">3. Dbajmy o dost\u0119p do konta hostingowego<\/h2>\n\n\n\n<p>Nie udost\u0119pniajmy osobom trzecim danych do konta hostingowego, kt\u00f3re jest powi\u0105zane z domen\u0105 (jak zreszt\u0105 \u017cadnego innego). Je\u017celi np. dajemy takie informacje wirtualnej asystentce, jednocze\u015bnie umo\u017cliwiamy jej zak\u0142adanie wszelkich zg\u0142osze\u0144 z <a href=\"https:\/\/jdm.pl\/blog\/autoryzacja-klientow-stawiamy-na-bezpieczenstwo\/\">autoryzowanego kana\u0142u<\/a>. Pilnujmy w\u0142asnego bezpiecze\u0144stwa w sieci, a dzi\u0119ki temu unikniemy wielu niebezpiecznych sytuacji. <\/p>\n\n\n\n<h2 class=\"has-text-align-center wp-block-heading\">4. Nie porzucajmy domen<\/h2>\n\n\n\n<p>Zastanawiaj\u0105c si\u0119, czy \u0142atwo straci\u0107 w\u0142asn\u0105 domen\u0119, nie zapominajmy tak\u017ce o sytuacjach, kiedy abonenci celowo nie wykupuj\u0105 kolejnego okresu rozliczeniowego. Powody mog\u0105 by\u0107 r\u00f3\u017cne. Cz\u0119sto zdarza si\u0119, \u017ce w przyp\u0142ywie emocji decydujemy si\u0119 na nieprzed\u0142u\u017canie domeny, bo np. nie chcemy dalej tworzy\u0107 tre\u015bci zwi\u0105zanych z konkretn\u0105 nazw\u0105. Powracaj\u0105cy do puli wolnych domen adres, mo\u017ce by\u0107 w\u00f3wczas wykupiony przez ka\u017cd\u0105 ch\u0119tn\u0105 osob\u0119. W praktyce mo\u017ce prowadzi\u0107 do \u017ar\u00f3de\u0142, z kt\u00f3rymi nie chcieliby\u015bmy by\u0107 kojarzeni np. przekierowywa\u0107 na strony dla doros\u0142ych lub po prostu do konkurencji. <\/p>\n\n\n\n<p>Zwalniajmy domen\u0119 w\u00f3wczas, gdy b\u0119dziemy pewni, \u017ce jej wykupienie przez innych nie b\u0119dzie dla nas obci\u0105\u017ceniem wizerunkowym. Je\u017celi chcemy zmieni\u0107 adres bloga czy strony na inny, zdecydowanie lepszym rozwi\u0105zaniem b\u0119dzie ustawienia <a href=\"https:\/\/jdm.pl\/blog\/przekierowania-301-oraz-302\/\">przekierowania<\/a>. <\/p>\n\n\n\n<p>Wykupuj\u0105c domen\u0119 pierwszy raz, sprawdzajmy cen\u0119 przed\u0142u\u017cenia. Niekt\u00f3re rozszerzenia s\u0105 ta\u0144sze, inne dro\u017csze &#8211; wszystko jednak znajduje si\u0119 (a przynajmniej powinno) w <a href=\"https:\/\/jdm.pl\/domeny\/\" target=\"_blank\" rel=\"noreferrer noopener\">oficjalnym cenniku<\/a> operatora. <\/p>\n\n\n\n<h2 class=\"has-text-align-center wp-block-heading\">5. Pami\u0119tajmy o op\u0142atach<\/h2>\n\n\n\n<p>Regularnie przypominamy naszym klientom o op\u0142atach zwi\u0105zanych z domenami poprzez wys\u0142anie e-maila. Nie ka\u017cdy jednak nadal o tym pami\u0119ta. Kluczowe jest, aby op\u0142aci\u0107 domen\u0119 przed jej wyga\u015bni\u0119ciem. Dobrym pomys\u0142em mo\u017ce by\u0107 dodanie do kalendarza daty, kiedy mamy op\u0142aci\u0107 domen\u0119 na kolejny okres. Zapraszamy te\u017c do artyku\u0142u, o <a href=\"https:\/\/jdm.pl\/blog\/czym-jest-cykl-zycia-domeny\/\" target=\"_blank\" rel=\"noreferrer noopener\">cyklu \u017cycia domeny<\/a>, aby dowiedzie\u0107 si\u0119 przez jak d\u0142ugi okres mo\u017cna odzyska\u0107 nieop\u0142acon\u0105 na czas domen\u0119.<\/p>\n\n\n\n<p>Czy \u0142atwo straci\u0107 w\u0142asn\u0105 domen\u0119? Nie, wystarczy pami\u0119ta\u0107 o podstawowych zasadach wymienionych w naszym artykule. Pilnowa\u0107 termin\u00f3w oraz m\u0105drze zwalnia\u0107 niewykorzystane nazwy, maj\u0105c na uwadze mo\u017cliwe konsekwencje takich dzia\u0142a\u0144. <\/p>\n","protected":false},"excerpt":{"rendered":"<p>Utrata w\u0142asnej domeny mo\u017ce okaza\u0107 si\u0119 bardzo dotkliwa w skutkach &#8211; zw\u0142aszcza wizerunkowych. Znanym przed laty przypadkiem by\u0142 sprawa domeny kawa.pl Jak \u0142atwo zauwa\u017cy\u0107, taka domena jest cenna &#8211; prosta do zapami\u0119tania, oczywista i bardzo dobra dla wielu dzia\u0142alno\u015bci. A jednak w 2016 roku straci\u0142a j\u0105 firma Tchibo na rzecz prywatnej osoby. Do ko\u0144ca nieustalono, [&hellip;]<\/p>\n","protected":false},"author":4,"featured_media":2021,"comment_status":"open","ping_status":"open","sticky":false,"template":"","format":"standard","meta":{"_uag_custom_page_level_css":"","_exactmetrics_skip_tracking":false,"_exactmetrics_sitenote_active":false,"_exactmetrics_sitenote_note":"","_exactmetrics_sitenote_category":0,"_jetpack_memberships_contains_paid_content":false,"footnotes":""},"categories":[5],"tags":[16,18],"class_list":["post-2016","post","type-post","status-publish","format-standard","has-post-thumbnail","hentry","category-domena","tag-bezpieczenstwo","tag-domeny"],"yoast_head":"<!-- This site is optimized with the Yoast SEO plugin v27.4 - https:\/\/yoast.com\/product\/yoast-seo-wordpress\/ -->\n<title>Czy \u0142atwo straci\u0107 w\u0142asn\u0105 domen\u0119? - Blog jdm.pl<\/title>\n<meta name=\"description\" content=\"Czy \u0142atwo straci\u0107 w\u0142asn\u0105 domen\u0119 oraz dlaczego tak istotny jest abonent domen - zapraszamy do lektury, jak dba\u0107 o adresy www.\" \/>\n<meta name=\"robots\" content=\"index, follow, max-snippet:-1, max-image-preview:large, max-video-preview:-1\" \/>\n<link rel=\"canonical\" href=\"https:\/\/jdm.pl\/blog\/czy-latwo-stracic-wlasna-domene\/\" \/>\n<meta property=\"og:locale\" content=\"pl_PL\" \/>\n<meta property=\"og:type\" content=\"article\" \/>\n<meta property=\"og:title\" content=\"Czy \u0142atwo straci\u0107 w\u0142asn\u0105 domen\u0119? - Blog jdm.pl\" \/>\n<meta property=\"og:description\" content=\"Czy \u0142atwo straci\u0107 w\u0142asn\u0105 domen\u0119 oraz dlaczego tak istotny jest abonent domen - zapraszamy do lektury, jak dba\u0107 o adresy www.\" \/>\n<meta property=\"og:url\" content=\"https:\/\/jdm.pl\/blog\/czy-latwo-stracic-wlasna-domene\/\" \/>\n<meta property=\"og:site_name\" content=\"Blog jdm.pl\" \/>\n<meta property=\"article:published_time\" content=\"2022-06-01T20:15:47+00:00\" \/>\n<meta property=\"article:modified_time\" content=\"2022-06-01T20:15:48+00:00\" \/>\n<meta property=\"og:image\" content=\"https:\/\/jdm.pl\/blog\/wp-content\/uploads\/2022\/06\/czy-latwo-stracic.png\" \/>\n\t<meta property=\"og:image:width\" content=\"1200\" \/>\n\t<meta property=\"og:image:height\" content=\"630\" \/>\n\t<meta property=\"og:image:type\" content=\"image\/png\" \/>\n<meta name=\"author\" content=\"Anna Starek-Wr\u00f3bel\" \/>\n<meta name=\"twitter:card\" content=\"summary_large_image\" \/>\n<meta name=\"twitter:label1\" content=\"Napisane przez\" \/>\n\t<meta name=\"twitter:data1\" content=\"Anna Starek-Wr\u00f3bel\" \/>\n\t<meta name=\"twitter:label2\" content=\"Szacowany czas czytania\" \/>\n\t<meta name=\"twitter:data2\" content=\"4 minuty\" \/>\n<script type=\"application\/ld+json\" class=\"yoast-schema-graph\">{\"@context\":\"https:\\\/\\\/schema.org\",\"@graph\":[{\"@type\":\"Article\",\"@id\":\"https:\\\/\\\/jdm.pl\\\/blog\\\/czy-latwo-stracic-wlasna-domene\\\/#article\",\"isPartOf\":{\"@id\":\"https:\\\/\\\/jdm.pl\\\/blog\\\/czy-latwo-stracic-wlasna-domene\\\/\"},\"author\":{\"name\":\"Anna Starek-Wr\u00f3bel\",\"@id\":\"https:\\\/\\\/jdm.pl\\\/blog\\\/#\\\/schema\\\/person\\\/26e7a9c6f5b416eabcfed62ee02685c0\"},\"headline\":\"Czy \u0142atwo straci\u0107 w\u0142asn\u0105 domen\u0119?\",\"datePublished\":\"2022-06-01T20:15:47+00:00\",\"dateModified\":\"2022-06-01T20:15:48+00:00\",\"mainEntityOfPage\":{\"@id\":\"https:\\\/\\\/jdm.pl\\\/blog\\\/czy-latwo-stracic-wlasna-domene\\\/\"},\"wordCount\":629,\"commentCount\":0,\"image\":{\"@id\":\"https:\\\/\\\/jdm.pl\\\/blog\\\/czy-latwo-stracic-wlasna-domene\\\/#primaryimage\"},\"thumbnailUrl\":\"https:\\\/\\\/jdm.pl\\\/blog\\\/wp-content\\\/uploads\\\/2022\\\/06\\\/czy-latwo-stracic.png\",\"keywords\":[\"bezpiecze\u0144stwo\",\"domeny\"],\"articleSection\":[\"Domena\"],\"inLanguage\":\"pl-PL\",\"potentialAction\":[{\"@type\":\"CommentAction\",\"name\":\"Comment\",\"target\":[\"https:\\\/\\\/jdm.pl\\\/blog\\\/czy-latwo-stracic-wlasna-domene\\\/#respond\"]}]},{\"@type\":\"WebPage\",\"@id\":\"https:\\\/\\\/jdm.pl\\\/blog\\\/czy-latwo-stracic-wlasna-domene\\\/\",\"url\":\"https:\\\/\\\/jdm.pl\\\/blog\\\/czy-latwo-stracic-wlasna-domene\\\/\",\"name\":\"Czy \u0142atwo straci\u0107 w\u0142asn\u0105 domen\u0119? - Blog jdm.pl\",\"isPartOf\":{\"@id\":\"https:\\\/\\\/jdm.pl\\\/blog\\\/#website\"},\"primaryImageOfPage\":{\"@id\":\"https:\\\/\\\/jdm.pl\\\/blog\\\/czy-latwo-stracic-wlasna-domene\\\/#primaryimage\"},\"image\":{\"@id\":\"https:\\\/\\\/jdm.pl\\\/blog\\\/czy-latwo-stracic-wlasna-domene\\\/#primaryimage\"},\"thumbnailUrl\":\"https:\\\/\\\/jdm.pl\\\/blog\\\/wp-content\\\/uploads\\\/2022\\\/06\\\/czy-latwo-stracic.png\",\"datePublished\":\"2022-06-01T20:15:47+00:00\",\"dateModified\":\"2022-06-01T20:15:48+00:00\",\"author\":{\"@id\":\"https:\\\/\\\/jdm.pl\\\/blog\\\/#\\\/schema\\\/person\\\/26e7a9c6f5b416eabcfed62ee02685c0\"},\"description\":\"Czy \u0142atwo straci\u0107 w\u0142asn\u0105 domen\u0119 oraz dlaczego tak istotny jest abonent domen - zapraszamy do lektury, jak dba\u0107 o adresy www.\",\"breadcrumb\":{\"@id\":\"https:\\\/\\\/jdm.pl\\\/blog\\\/czy-latwo-stracic-wlasna-domene\\\/#breadcrumb\"},\"inLanguage\":\"pl-PL\",\"potentialAction\":[{\"@type\":\"ReadAction\",\"target\":[\"https:\\\/\\\/jdm.pl\\\/blog\\\/czy-latwo-stracic-wlasna-domene\\\/\"]}]},{\"@type\":\"ImageObject\",\"inLanguage\":\"pl-PL\",\"@id\":\"https:\\\/\\\/jdm.pl\\\/blog\\\/czy-latwo-stracic-wlasna-domene\\\/#primaryimage\",\"url\":\"https:\\\/\\\/jdm.pl\\\/blog\\\/wp-content\\\/uploads\\\/2022\\\/06\\\/czy-latwo-stracic.png\",\"contentUrl\":\"https:\\\/\\\/jdm.pl\\\/blog\\\/wp-content\\\/uploads\\\/2022\\\/06\\\/czy-latwo-stracic.png\",\"width\":1200,\"height\":630,\"caption\":\"czy \u0142atwo straci\u0107 w\u0142asn\u0105 domen\u0119\"},{\"@type\":\"BreadcrumbList\",\"@id\":\"https:\\\/\\\/jdm.pl\\\/blog\\\/czy-latwo-stracic-wlasna-domene\\\/#breadcrumb\",\"itemListElement\":[{\"@type\":\"ListItem\",\"position\":1,\"name\":\"Strona g\u0142\u00f3wna\",\"item\":\"https:\\\/\\\/jdm.pl\\\/blog\\\/\"},{\"@type\":\"ListItem\",\"position\":2,\"name\":\"Czy \u0142atwo straci\u0107 w\u0142asn\u0105 domen\u0119?\"}]},{\"@type\":\"WebSite\",\"@id\":\"https:\\\/\\\/jdm.pl\\\/blog\\\/#website\",\"url\":\"https:\\\/\\\/jdm.pl\\\/blog\\\/\",\"name\":\"Blog jdm.pl\",\"description\":\"WordPress tutoriale i porady\",\"potentialAction\":[{\"@type\":\"SearchAction\",\"target\":{\"@type\":\"EntryPoint\",\"urlTemplate\":\"https:\\\/\\\/jdm.pl\\\/blog\\\/?s={search_term_string}\"},\"query-input\":{\"@type\":\"PropertyValueSpecification\",\"valueRequired\":true,\"valueName\":\"search_term_string\"}}],\"inLanguage\":\"pl-PL\"},{\"@type\":\"Person\",\"@id\":\"https:\\\/\\\/jdm.pl\\\/blog\\\/#\\\/schema\\\/person\\\/26e7a9c6f5b416eabcfed62ee02685c0\",\"name\":\"Anna Starek-Wr\u00f3bel\",\"image\":{\"@type\":\"ImageObject\",\"inLanguage\":\"pl-PL\",\"@id\":\"https:\\\/\\\/secure.gravatar.com\\\/avatar\\\/c514af5a4b2affc5fccce6e1cf2e2d03eb6489cfbf462552eee35a68ed106974?s=96&d=mm&r=g\",\"url\":\"https:\\\/\\\/secure.gravatar.com\\\/avatar\\\/c514af5a4b2affc5fccce6e1cf2e2d03eb6489cfbf462552eee35a68ed106974?s=96&d=mm&r=g\",\"contentUrl\":\"https:\\\/\\\/secure.gravatar.com\\\/avatar\\\/c514af5a4b2affc5fccce6e1cf2e2d03eb6489cfbf462552eee35a68ed106974?s=96&d=mm&r=g\",\"caption\":\"Anna Starek-Wr\u00f3bel\"},\"sameAs\":[\"https:\\\/\\\/cmo.im\"],\"url\":\"https:\\\/\\\/jdm.pl\\\/blog\\\/author\\\/anna-starek\\\/\"}]}<\/script>\n<!-- \/ Yoast SEO plugin. -->","yoast_head_json":{"title":"Czy \u0142atwo straci\u0107 w\u0142asn\u0105 domen\u0119? - Blog jdm.pl","description":"Czy \u0142atwo straci\u0107 w\u0142asn\u0105 domen\u0119 oraz dlaczego tak istotny jest abonent domen - zapraszamy do lektury, jak dba\u0107 o adresy www.","robots":{"index":"index","follow":"follow","max-snippet":"max-snippet:-1","max-image-preview":"max-image-preview:large","max-video-preview":"max-video-preview:-1"},"canonical":"https:\/\/jdm.pl\/blog\/czy-latwo-stracic-wlasna-domene\/","og_locale":"pl_PL","og_type":"article","og_title":"Czy \u0142atwo straci\u0107 w\u0142asn\u0105 domen\u0119? - Blog jdm.pl","og_description":"Czy \u0142atwo straci\u0107 w\u0142asn\u0105 domen\u0119 oraz dlaczego tak istotny jest abonent domen - zapraszamy do lektury, jak dba\u0107 o adresy www.","og_url":"https:\/\/jdm.pl\/blog\/czy-latwo-stracic-wlasna-domene\/","og_site_name":"Blog jdm.pl","article_published_time":"2022-06-01T20:15:47+00:00","article_modified_time":"2022-06-01T20:15:48+00:00","og_image":[{"width":1200,"height":630,"url":"https:\/\/jdm.pl\/blog\/wp-content\/uploads\/2022\/06\/czy-latwo-stracic.png","type":"image\/png"}],"author":"Anna Starek-Wr\u00f3bel","twitter_card":"summary_large_image","twitter_misc":{"Napisane przez":"Anna Starek-Wr\u00f3bel","Szacowany czas czytania":"4 minuty"},"schema":{"@context":"https:\/\/schema.org","@graph":[{"@type":"Article","@id":"https:\/\/jdm.pl\/blog\/czy-latwo-stracic-wlasna-domene\/#article","isPartOf":{"@id":"https:\/\/jdm.pl\/blog\/czy-latwo-stracic-wlasna-domene\/"},"author":{"name":"Anna Starek-Wr\u00f3bel","@id":"https:\/\/jdm.pl\/blog\/#\/schema\/person\/26e7a9c6f5b416eabcfed62ee02685c0"},"headline":"Czy \u0142atwo straci\u0107 w\u0142asn\u0105 domen\u0119?","datePublished":"2022-06-01T20:15:47+00:00","dateModified":"2022-06-01T20:15:48+00:00","mainEntityOfPage":{"@id":"https:\/\/jdm.pl\/blog\/czy-latwo-stracic-wlasna-domene\/"},"wordCount":629,"commentCount":0,"image":{"@id":"https:\/\/jdm.pl\/blog\/czy-latwo-stracic-wlasna-domene\/#primaryimage"},"thumbnailUrl":"https:\/\/jdm.pl\/blog\/wp-content\/uploads\/2022\/06\/czy-latwo-stracic.png","keywords":["bezpiecze\u0144stwo","domeny"],"articleSection":["Domena"],"inLanguage":"pl-PL","potentialAction":[{"@type":"CommentAction","name":"Comment","target":["https:\/\/jdm.pl\/blog\/czy-latwo-stracic-wlasna-domene\/#respond"]}]},{"@type":"WebPage","@id":"https:\/\/jdm.pl\/blog\/czy-latwo-stracic-wlasna-domene\/","url":"https:\/\/jdm.pl\/blog\/czy-latwo-stracic-wlasna-domene\/","name":"Czy \u0142atwo straci\u0107 w\u0142asn\u0105 domen\u0119? - Blog jdm.pl","isPartOf":{"@id":"https:\/\/jdm.pl\/blog\/#website"},"primaryImageOfPage":{"@id":"https:\/\/jdm.pl\/blog\/czy-latwo-stracic-wlasna-domene\/#primaryimage"},"image":{"@id":"https:\/\/jdm.pl\/blog\/czy-latwo-stracic-wlasna-domene\/#primaryimage"},"thumbnailUrl":"https:\/\/jdm.pl\/blog\/wp-content\/uploads\/2022\/06\/czy-latwo-stracic.png","datePublished":"2022-06-01T20:15:47+00:00","dateModified":"2022-06-01T20:15:48+00:00","author":{"@id":"https:\/\/jdm.pl\/blog\/#\/schema\/person\/26e7a9c6f5b416eabcfed62ee02685c0"},"description":"Czy \u0142atwo straci\u0107 w\u0142asn\u0105 domen\u0119 oraz dlaczego tak istotny jest abonent domen - zapraszamy do lektury, jak dba\u0107 o adresy www.","breadcrumb":{"@id":"https:\/\/jdm.pl\/blog\/czy-latwo-stracic-wlasna-domene\/#breadcrumb"},"inLanguage":"pl-PL","potentialAction":[{"@type":"ReadAction","target":["https:\/\/jdm.pl\/blog\/czy-latwo-stracic-wlasna-domene\/"]}]},{"@type":"ImageObject","inLanguage":"pl-PL","@id":"https:\/\/jdm.pl\/blog\/czy-latwo-stracic-wlasna-domene\/#primaryimage","url":"https:\/\/jdm.pl\/blog\/wp-content\/uploads\/2022\/06\/czy-latwo-stracic.png","contentUrl":"https:\/\/jdm.pl\/blog\/wp-content\/uploads\/2022\/06\/czy-latwo-stracic.png","width":1200,"height":630,"caption":"czy \u0142atwo straci\u0107 w\u0142asn\u0105 domen\u0119"},{"@type":"BreadcrumbList","@id":"https:\/\/jdm.pl\/blog\/czy-latwo-stracic-wlasna-domene\/#breadcrumb","itemListElement":[{"@type":"ListItem","position":1,"name":"Strona g\u0142\u00f3wna","item":"https:\/\/jdm.pl\/blog\/"},{"@type":"ListItem","position":2,"name":"Czy \u0142atwo straci\u0107 w\u0142asn\u0105 domen\u0119?"}]},{"@type":"WebSite","@id":"https:\/\/jdm.pl\/blog\/#website","url":"https:\/\/jdm.pl\/blog\/","name":"Blog jdm.pl","description":"WordPress tutoriale i porady","potentialAction":[{"@type":"SearchAction","target":{"@type":"EntryPoint","urlTemplate":"https:\/\/jdm.pl\/blog\/?s={search_term_string}"},"query-input":{"@type":"PropertyValueSpecification","valueRequired":true,"valueName":"search_term_string"}}],"inLanguage":"pl-PL"},{"@type":"Person","@id":"https:\/\/jdm.pl\/blog\/#\/schema\/person\/26e7a9c6f5b416eabcfed62ee02685c0","name":"Anna Starek-Wr\u00f3bel","image":{"@type":"ImageObject","inLanguage":"pl-PL","@id":"https:\/\/secure.gravatar.com\/avatar\/c514af5a4b2affc5fccce6e1cf2e2d03eb6489cfbf462552eee35a68ed106974?s=96&d=mm&r=g","url":"https:\/\/secure.gravatar.com\/avatar\/c514af5a4b2affc5fccce6e1cf2e2d03eb6489cfbf462552eee35a68ed106974?s=96&d=mm&r=g","contentUrl":"https:\/\/secure.gravatar.com\/avatar\/c514af5a4b2affc5fccce6e1cf2e2d03eb6489cfbf462552eee35a68ed106974?s=96&d=mm&r=g","caption":"Anna Starek-Wr\u00f3bel"},"sameAs":["https:\/\/cmo.im"],"url":"https:\/\/jdm.pl\/blog\/author\/anna-starek\/"}]}},"jetpack_featured_media_url":"https:\/\/jdm.pl\/blog\/wp-content\/uploads\/2022\/06\/czy-latwo-stracic.png","uagb_featured_image_src":{"full":["https:\/\/jdm.pl\/blog\/wp-content\/uploads\/2022\/06\/czy-latwo-stracic.png",1200,630,false],"thumbnail":["https:\/\/jdm.pl\/blog\/wp-content\/uploads\/2022\/06\/czy-latwo-stracic-150x150.png",150,150,true],"medium":["https:\/\/jdm.pl\/blog\/wp-content\/uploads\/2022\/06\/czy-latwo-stracic-300x158.png",300,158,true],"medium_large":["https:\/\/jdm.pl\/blog\/wp-content\/uploads\/2022\/06\/czy-latwo-stracic-768x403.png",640,336,true],"large":["https:\/\/jdm.pl\/blog\/wp-content\/uploads\/2022\/06\/czy-latwo-stracic-1024x538.png",640,336,true],"hd_qu_size2":["https:\/\/jdm.pl\/blog\/wp-content\/uploads\/2022\/06\/czy-latwo-stracic.png",400,210,false],"1536x1536":["https:\/\/jdm.pl\/blog\/wp-content\/uploads\/2022\/06\/czy-latwo-stracic.png",1200,630,false],"2048x2048":["https:\/\/jdm.pl\/blog\/wp-content\/uploads\/2022\/06\/czy-latwo-stracic.png",1200,630,false],"sidebar-thumb":["https:\/\/jdm.pl\/blog\/wp-content\/uploads\/2022\/06\/czy-latwo-stracic-250x124.png",250,124,true]},"uagb_author_info":{"display_name":"Anna Starek-Wr\u00f3bel","author_link":"https:\/\/jdm.pl\/blog\/author\/anna-starek\/"},"uagb_comment_info":0,"uagb_excerpt":"Utrata w\u0142asnej domeny mo\u017ce okaza\u0107 si\u0119 bardzo dotkliwa w skutkach &#8211; zw\u0142aszcza wizerunkowych. Znanym przed laty przypadkiem by\u0142 sprawa domeny kawa.pl Jak \u0142atwo zauwa\u017cy\u0107, taka domena jest cenna &#8211; prosta do zapami\u0119tania, oczywista i bardzo dobra dla wielu dzia\u0142alno\u015bci. A jednak w 2016 roku straci\u0142a j\u0105 firma Tchibo na rzecz prywatnej osoby. Do ko\u0144ca nieustalono,&hellip;","jetpack_sharing_enabled":true,"_links":{"self":[{"href":"https:\/\/jdm.pl\/blog\/wp-json\/wp\/v2\/posts\/2016","targetHints":{"allow":["GET"]}}],"collection":[{"href":"https:\/\/jdm.pl\/blog\/wp-json\/wp\/v2\/posts"}],"about":[{"href":"https:\/\/jdm.pl\/blog\/wp-json\/wp\/v2\/types\/post"}],"author":[{"embeddable":true,"href":"https:\/\/jdm.pl\/blog\/wp-json\/wp\/v2\/users\/4"}],"replies":[{"embeddable":true,"href":"https:\/\/jdm.pl\/blog\/wp-json\/wp\/v2\/comments?post=2016"}],"version-history":[{"count":5,"href":"https:\/\/jdm.pl\/blog\/wp-json\/wp\/v2\/posts\/2016\/revisions"}],"predecessor-version":[{"id":2022,"href":"https:\/\/jdm.pl\/blog\/wp-json\/wp\/v2\/posts\/2016\/revisions\/2022"}],"wp:featuredmedia":[{"embeddable":true,"href":"https:\/\/jdm.pl\/blog\/wp-json\/wp\/v2\/media\/2021"}],"wp:attachment":[{"href":"https:\/\/jdm.pl\/blog\/wp-json\/wp\/v2\/media?parent=2016"}],"wp:term":[{"taxonomy":"category","embeddable":true,"href":"https:\/\/jdm.pl\/blog\/wp-json\/wp\/v2\/categories?post=2016"},{"taxonomy":"post_tag","embeddable":true,"href":"https:\/\/jdm.pl\/blog\/wp-json\/wp\/v2\/tags?post=2016"}],"curies":[{"name":"wp","href":"https:\/\/api.w.org\/{rel}","templated":true}]}}